{"id":31900,"date":"2023-06-12T13:05:58","date_gmt":"2023-06-12T16:05:58","guid":{"rendered":"https:\/\/radiorevelacionfm.cl\/?p=31900"},"modified":"2023-06-12T13:05:58","modified_gmt":"2023-06-12T16:05:58","slug":"destinan-mas-de-800-millones-para-adquirir-maquinaria-para-la-gestion-de-residuos-en-guaitecas","status":"publish","type":"post","link":"https:\/\/radiorevelacionfm.cl\/?p=31900","title":{"rendered":"Destinan m\u00e1s de 800 millones para adquirir maquinaria para la gesti\u00f3n de residuos en Guaitecas"},"content":{"rendered":"<div class=\"flex_column av_one_full  flex_column_div av-zero-column-padding first  avia-builder-el-0  el_before_av_one_full  avia-builder-el-first  \" style='border-radius:0px; '><div  class='avia-image-container  av-styling-    avia-builder-el-1  avia-builder-el-no-sibling  avia-align-center '  itemprop=\"image\" itemscope=\"itemscope\" itemtype=\"https:\/\/schema.org\/ImageObject\"  ><div class='avia-image-container-inner'><div class='avia-image-overlay-wrap'><img decoding=\"async\" class='wp-image-31901 avia-img-lazy-loading-not-31901 avia_image' src=\"https:\/\/radiorevelacionfm.cl\/wp-content\/uploads\/2023\/06\/visita-vertedero-01-1-1.jpg\" alt='' title='visita-vertedero-01 (1) (1)' height=\"600\" width=\"960\"  itemprop=\"thumbnailUrl\" srcset=\"https:\/\/radiorevelacionfm.cl\/wp-content\/uploads\/2023\/06\/visita-vertedero-01-1-1.jpg 960w, https:\/\/radiorevelacionfm.cl\/wp-content\/uploads\/2023\/06\/visita-vertedero-01-1-1-300x188.jpg 300w, https:\/\/radiorevelacionfm.cl\/wp-content\/uploads\/2023\/06\/visita-vertedero-01-1-1-768x480.jpg 768w, https:\/\/radiorevelacionfm.cl\/wp-content\/uploads\/2023\/06\/visita-vertedero-01-1-1-705x441.jpg 705w, https:\/\/radiorevelacionfm.cl\/wp-content\/uploads\/2023\/06\/visita-vertedero-01-1-1-450x281.jpg 450w, https:\/\/radiorevelacionfm.cl\/wp-content\/uploads\/2023\/06\/visita-vertedero-01-1-1-600x375.jpg 600w\" sizes=\"(max-width: 960px) 100vw, 960px\" \/><\/div><\/div><\/div><\/div><div class=\"flex_column av_one_full  flex_column_div av-zero-column-padding first  avia-builder-el-2  el_after_av_one_full  el_before_av_one_full  column-top-margin\" style='border-radius:0px; '><section class=\"av_textblock_section \"  itemscope=\"itemscope\" itemtype=\"https:\/\/schema.org\/BlogPosting\" itemprop=\"blogPost\" ><div class='avia_textblock  '   itemprop=\"text\" ><p style=\"text-align: center;\"><strong><span style=\"font-size: 18pt;\">Destinan m\u00e1s de 800 millones para adquirir maquinaria para la gesti\u00f3n de residuos en Guaitecas<\/span><\/strong><\/p>\n<div id=\"gtx-trans\" style=\"position: absolute; left: -50px; top: 4.31534px;\">\n<div class=\"gtx-trans-icon\"><\/div>\n<\/div>\n<\/div><\/section><\/div><div class=\"flex_column av_one_full  flex_column_div av-zero-column-padding first  avia-builder-el-4  el_after_av_one_full  el_before_av_hr  column-top-margin\" style='border-radius:0px; '><section class=\"av_textblock_section \"  itemscope=\"itemscope\" itemtype=\"https:\/\/schema.org\/BlogPosting\" itemprop=\"blogPost\" ><div class='avia_textblock  '   itemprop=\"text\" ><p style=\"text-align: justify;\">Por unanimidad, el Consejo Regional de Ays\u00e9n aprob\u00f3 el viernes el proyecto denominado \u201cAdquisici\u00f3n maquinaria municipal para la gesti\u00f3n de residuos, comuna de Guaitecas\u201d, una iniciativa municipal por m\u00e1s 800 millones de pesos para adquirir una nueva excavadora, un cami\u00f3n multiprop\u00f3sito, un nuevo cami\u00f3n recolector de residuos, un cami\u00f3n tolva y un cami\u00f3n \u00be doble cabina y cuya finalidad es trabajar aspectos asociados a la gesti\u00f3n de residuos en la comuna.<\/p>\n<p style=\"text-align: justify;\">La iniciativa ya hab\u00eda sido aprobada, tambi\u00e9n por unanimidad, durante la semana por las y los consejeros regionales de la Comisi\u00f3n de Regionalizaci\u00f3n, Integraci\u00f3n Territorial y Medio Ambiente del Gobierno Regional.<\/p>\n<p style=\"text-align: justify;\">El alcalde Marcos Silva acudi\u00f3 primero a la sesi\u00f3n de la comisi\u00f3n y se qued\u00f3 en Coyhaique para participar de la sesi\u00f3n plenaria del Consejo Regional, presidida por la Gobernadora Regional, Andrea Mac\u00edas y celebr\u00f3 este gran logro para la comuna y su municipio, as\u00ed como agradeci\u00f3 el respaldo un\u00e1nime del Consejo Regional a esta iniciativa, que permitir\u00e1 mejorar el trabajo que se hace con la disposici\u00f3n de los residuos en la comuna y dignificar el esfuerzo de quienes desarrollan estas fundamentales labores en la comuna.<\/p>\n<p style=\"text-align: justify;\">\u201cGracias por este tremendo respaldo, pues m\u00e1s all\u00e1 de que se trate de m\u00e1quinas para la municipalidad, son para la comuna, para la gente y que vienen a dignificar el trabajo de las personas y el compromiso de este alcalde y de la comuna es poder hacer un mejor manejo de los residuos en la comuna, pues evidentemente estamos al debe en aquello y por ser una isla se complica a\u00fan m\u00e1s\u201d, dijo la autoridad comunal.<\/p>\n<p style=\"text-align: justify;\">Por su parte, la Gobernadora Regional, Andrea Mac\u00edas, manifest\u00f3 su alegr\u00eda por poder colaborar con la comuna de Guaitecas para una mejor gesti\u00f3n de sus residuos.<\/p>\n<p style=\"text-align: justify;\">\u201cSabemos que la gesti\u00f3n de residuos en la regi\u00f3n es compleja, particularmente en la comuna de Guaitecas, en donde est\u00e1n sin maquinarias para ayudar en el proceso. Que nos vaya bien y que todo resulte de la mejor manera, pues son m\u00e1s de 800 millones de pesos, que como lo hemos estado haciendo con otras comunas, van a cambiar la forma en que se manejan los residuos y este es un aporte a los municipios, que a veces no tienen la capacidad t\u00e9cnica y econ\u00f3mica para llevar adelante estas iniciativas\u201d, dijo la autoridad regional tras la aprobaci\u00f3n del proyecto.<\/p>\n<p style=\"text-align: justify;\">El alcalde Silva a\u00f1adi\u00f3 que esta maquinaria se sumar\u00e1 a un trabajo integral de manejo de residuos que se pretende desarrollar en la comuna.<\/p>\n<p style=\"text-align: justify;\">\u201cVamos a levantar, a trav\u00e9s de la SUBDERE, asistencias t\u00e9cnicas que nos permita ir ordenando el trabajo en el vertedero y esta maquinaria que nos acaban de aprobar va en esa l\u00ednea: en trabajar con urgencia el problema de los residuos, que se da no solamente en Melinka, sino tambi\u00e9n en la regi\u00f3n. As\u00ed que estamos muy agradecidos; agradecidos del equipo t\u00e9cnico del Gobierno Regional que nos prest\u00f3 asesor\u00eda, pues como se planteaba, los municipios no siempre contamos con el personal para levantar este tipo de iniciativas\u201d, se\u00f1al\u00f3 finalmente el alcalde de Guaitecas, Marcos Silva.<\/p>\n<\/div><\/section><\/div><div  style='height:50px' class='hr hr-invisible   avia-builder-el-6  el_after_av_one_full  el_before_av_social_share '><span class='hr-inner ' ><span class='hr-inner-style'><\/span><\/span><\/div><\/p>\n<div  class='av-social-sharing-box  avia-builder-el-7  el_after_av_hr  el_before_av_hr  '><div class='av-share-box'><h5 class='av-share-link-description av-no-toc '>Compartir esta noticia<\/h5><ul class='av-share-box-list noLightbox'><li class='av-share-link av-social-link-facebook' ><a target=\"_blank\" aria-label=\"Compartir en Facebook\" href='https:\/\/www.facebook.com\/sharer.php?u=https:\/\/radiorevelacionfm.cl\/?p=31900&#038;t=Destinan%20m%C3%A1s%20de%20800%20millones%20para%20adquirir%20maquinaria%20para%20la%20gesti%C3%B3n%20de%20residuos%20en%20Guaitecas' aria-hidden='false' data-av_icon='\ue8f3' data-av_iconfont='entypo-fontello' title='' data-avia-related-tooltip='Compartir en Facebook' rel=\"noopener\"><span class='avia_hidden_link_text'>Compartir en Facebook<\/span><\/a><\/li><li class='av-share-link av-social-link-twitter' ><a target=\"_blank\" aria-label=\"Compartir en Twitter\" href='https:\/\/twitter.com\/share?text=Destinan%20m%C3%A1s%20de%20800%20millones%20para%20adquirir%20maquinaria%20para%20la%20gesti%C3%B3n%20de%20residuos%20en%20Guaitecas&#038;url=https:\/\/radiorevelacionfm.cl\/?p=31900' aria-hidden='false' data-av_icon='\ue8f1' data-av_iconfont='entypo-fontello' title='' data-avia-related-tooltip='Compartir en Twitter' rel=\"noopener\"><span class='avia_hidden_link_text'>Compartir en Twitter<\/span><\/a><\/li><li class='av-share-link av-social-link-whatsapp' ><a target=\"_blank\" aria-label=\"Compartir en Whatsapp\" href='https:\/\/api.whatsapp.com\/send?text=https:\/\/radiorevelacionfm.cl\/?p=31900' aria-hidden='false' data-av_icon='\uf232' data-av_iconfont='entypo-fontello' title='' data-avia-related-tooltip='Compartir en Whatsapp' rel=\"noopener\"><span class='avia_hidden_link_text'>Compartir en Whatsapp<\/span><\/a><\/li><li class='av-share-link av-social-link-linkedin' ><a target=\"_blank\" aria-label=\"Compartir en LinkedIn\" href='https:\/\/linkedin.com\/shareArticle?mini=true&#038;title=Destinan%20m%C3%A1s%20de%20800%20millones%20para%20adquirir%20maquinaria%20para%20la%20gesti%C3%B3n%20de%20residuos%20en%20Guaitecas&#038;url=https:\/\/radiorevelacionfm.cl\/?p=31900' aria-hidden='false' data-av_icon='\ue8fc' data-av_iconfont='entypo-fontello' title='' data-avia-related-tooltip='Compartir en LinkedIn' rel=\"noopener\"><span class='avia_hidden_link_text'>Compartir en LinkedIn<\/span><\/a><\/li><li class='av-share-link av-social-link-mail' ><a  aria-label=\"Compartir por correo\" href='mailto:?subject=Destinan%20m%C3%A1s%20de%20800%20millones%20para%20adquirir%20maquinaria%20para%20la%20gesti%C3%B3n%20de%20residuos%20en%20Guaitecas&#038;body=https:\/\/radiorevelacionfm.cl\/?p=31900' aria-hidden='false' data-av_icon='\ue805' data-av_iconfont='entypo-fontello' title='' data-avia-related-tooltip='Compartir por correo'><span class='avia_hidden_link_text'>Compartir por correo<\/span><\/a><\/li><\/ul><\/div><\/div>\n<div  style='height:50px' class='hr hr-invisible   avia-builder-el-8  el_after_av_social_share  el_before_av_comments_list '><span class='hr-inner ' ><span class='hr-inner-style'><\/span><\/span><\/div>\n<div  class='av-buildercomment  av-blog-meta-html-info-disabled av-blog-meta-tag-disabled  '><\/div>\n","protected":false},"excerpt":{"rendered":"","protected":false},"author":1,"featured_media":31901,"comment_status":"open","ping_status":"open","sticky":false,"template":"","format":"standard","meta":{"footnotes":""},"categories":[38],"tags":[],"class_list":["post-31900","post","type-post","status-publish","format-standard","has-post-thumbnail","hentry","category-regional"],"jetpack_featured_media_url":"https:\/\/radiorevelacionfm.cl\/wp-content\/uploads\/2023\/06\/visita-vertedero-01-1-1.jpg","_links":{"self":[{"href":"https:\/\/radiorevelacionfm.cl\/index.php?rest_route=\/wp\/v2\/posts\/31900","targetHints":{"allow":["GET"]}}],"collection":[{"href":"https:\/\/radiorevelacionfm.cl\/index.php?rest_route=\/wp\/v2\/posts"}],"about":[{"href":"https:\/\/radiorevelacionfm.cl\/index.php?rest_route=\/wp\/v2\/types\/post"}],"author":[{"embeddable":true,"href":"https:\/\/radiorevelacionfm.cl\/index.php?rest_route=\/wp\/v2\/users\/1"}],"replies":[{"embeddable":true,"href":"https:\/\/radiorevelacionfm.cl\/index.php?rest_route=%2Fwp%2Fv2%2Fcomments&post=31900"}],"version-history":[{"count":1,"href":"https:\/\/radiorevelacionfm.cl\/index.php?rest_route=\/wp\/v2\/posts\/31900\/revisions"}],"predecessor-version":[{"id":31902,"href":"https:\/\/radiorevelacionfm.cl\/index.php?rest_route=\/wp\/v2\/posts\/31900\/revisions\/31902"}],"wp:featuredmedia":[{"embeddable":true,"href":"https:\/\/radiorevelacionfm.cl\/index.php?rest_route=\/wp\/v2\/media\/31901"}],"wp:attachment":[{"href":"https:\/\/radiorevelacionfm.cl\/index.php?rest_route=%2Fwp%2Fv2%2Fmedia&parent=31900"}],"wp:term":[{"taxonomy":"category","embeddable":true,"href":"https:\/\/radiorevelacionfm.cl\/index.php?rest_route=%2Fwp%2Fv2%2Fcategories&post=31900"},{"taxonomy":"post_tag","embeddable":true,"href":"https:\/\/radiorevelacionfm.cl\/index.php?rest_route=%2Fwp%2Fv2%2Ftags&post=31900"}],"curies":[{"name":"wp","href":"https:\/\/api.w.org\/{rel}","templated":true}]}}