{"id":31893,"date":"2023-06-12T11:28:29","date_gmt":"2023-06-12T14:28:29","guid":{"rendered":"https:\/\/radiorevelacionfm.cl\/?p=31893"},"modified":"2023-06-12T11:28:29","modified_gmt":"2023-06-12T14:28:29","slug":"corfo-invita-a-postular-a-670-becas-de-especializacion-digital","status":"publish","type":"post","link":"https:\/\/radiorevelacionfm.cl\/?p=31893","title":{"rendered":"Corfo invita a postular a 670 becas de especializaci\u00f3n digital"},"content":{"rendered":"<div class=\"flex_column av_one_full  flex_column_div av-zero-column-padding first  avia-builder-el-0  el_before_av_one_full  avia-builder-el-first  \" style='border-radius:0px; '><div  class='avia-image-container  av-styling-    avia-builder-el-1  avia-builder-el-no-sibling  avia-align-center '  itemprop=\"image\" itemscope=\"itemscope\" itemtype=\"https:\/\/schema.org\/ImageObject\"  ><div class='avia-image-container-inner'><div class='avia-image-overlay-wrap'><img decoding=\"async\" class='wp-image-31895 avia-img-lazy-loading-not-31895 avia_image' src=\"https:\/\/radiorevelacionfm.cl\/wp-content\/uploads\/2023\/06\/Potencia-tu-talento-1-1-1.jpg\" alt='' title='Potencia tu talento 1 (1) (1)' height=\"600\" width=\"1037\"  itemprop=\"thumbnailUrl\" srcset=\"https:\/\/radiorevelacionfm.cl\/wp-content\/uploads\/2023\/06\/Potencia-tu-talento-1-1-1.jpg 1037w, https:\/\/radiorevelacionfm.cl\/wp-content\/uploads\/2023\/06\/Potencia-tu-talento-1-1-1-300x174.jpg 300w, https:\/\/radiorevelacionfm.cl\/wp-content\/uploads\/2023\/06\/Potencia-tu-talento-1-1-1-1030x596.jpg 1030w, https:\/\/radiorevelacionfm.cl\/wp-content\/uploads\/2023\/06\/Potencia-tu-talento-1-1-1-768x444.jpg 768w, https:\/\/radiorevelacionfm.cl\/wp-content\/uploads\/2023\/06\/Potencia-tu-talento-1-1-1-705x408.jpg 705w, https:\/\/radiorevelacionfm.cl\/wp-content\/uploads\/2023\/06\/Potencia-tu-talento-1-1-1-450x260.jpg 450w, https:\/\/radiorevelacionfm.cl\/wp-content\/uploads\/2023\/06\/Potencia-tu-talento-1-1-1-600x347.jpg 600w\" sizes=\"(max-width: 1037px) 100vw, 1037px\" \/><\/div><\/div><\/div><\/div><div class=\"flex_column av_one_full  flex_column_div av-zero-column-padding first  avia-builder-el-2  el_after_av_one_full  el_before_av_one_full  column-top-margin\" style='border-radius:0px; '><section class=\"av_textblock_section \"  itemscope=\"itemscope\" itemtype=\"https:\/\/schema.org\/BlogPosting\" itemprop=\"blogPost\" ><div class='avia_textblock  '   itemprop=\"text\" ><p style=\"text-align: center;\"><span style=\"font-size: 18pt;\"><b>Corfo invita a postular a 670 becas de especializaci\u00f3n digital<\/b><\/span><\/p>\n<div id=\"gtx-trans\" style=\"position: absolute; left: -50px; top: 4.31534px;\">\n<div class=\"gtx-trans-icon\"><\/div>\n<\/div>\n<\/div><\/section><\/div><div class=\"flex_column av_one_full  flex_column_div av-zero-column-padding first  avia-builder-el-4  el_after_av_one_full  el_before_av_hr  column-top-margin\" style='border-radius:0px; '><section class=\"av_textblock_section \"  itemscope=\"itemscope\" itemtype=\"https:\/\/schema.org\/BlogPosting\" itemprop=\"blogPost\" ><div class='avia_textblock  '   itemprop=\"text\" ><p style=\"font-weight: 400; text-align: justify;\">Con el objetivo de seguir\u00a0respondiendo a la creciente demanda del mercado laboral por perfiles especializados en \u00e1reas digitales avanzadas en Chile, Corfo\u00a0lanz\u00f3 una nueva convocatoria del programa<strong>\u00a0\u201cPotencia tu Talento<\/strong><strong>\u201d,\u00a0<\/strong>que este a\u00f1o\u00a0contempla m\u00e1s de 670 becas distribuidas en nueve cursos formativos vinculados al \u00e1rea de la especializaci\u00f3n tecnol\u00f3gica, marketing digital y comercio electr\u00f3nico.<\/p>\n<p style=\"font-weight: 400; text-align: justify;\">El programa\u00a0<strong>\u201cPotencia Tu Talento\u201d,<\/strong>\u00a0que ya ha beneficiado a m\u00e1s de 2 mil 300 personas a lo largo de todo el pa\u00eds, busca capacitar a profesionales, emprendedores y emprendedoras que se desempe\u00f1en en diversas industrias que requieran actualizar sus conocimientos o habilidades en el manejo de herramientas digitales para alcanzar mejores perspectivas de trabajo y abrirse a nuevas oportunidades de negocios.<\/p>\n<p style=\"font-weight: 400; text-align: justify;\">Humberto Mar\u00edn Leiva, director de Corfo Ays\u00e9n, detall\u00f3 que es indispensable juntar la oferta disponible de capacitaci\u00f3n con la demanda que surge desde esta industria.\u00a0\u201cEn\u00a0Corfo llevamos\u00a0muchos\u00a0a\u00f1os trabajando en\u00a0abordar la brecha\u00a0de\u00a0competencias\u00a0de la\u00a0fuerza laboral, especialmente las\u00a0competencias\u00a0digitales,\u00a0con el objetivo\u00a0final\u00a0de\u00a0aumentar\u00a0la productividad y la competitividad\u00a0empresarial del pa\u00eds. Esta nueva convocatoria\u00a0es una oportunidad para que\u00a0empresarios\u00a0y profesionales\u00a0adquieran\u00a0competencias t\u00e9cnicas\u00a0permiti\u00e9ndoles potenciar\u00a0y optimizar sus\u00a0operaciones\u00a0en un escenario marcado\u00a0a trav\u00e9s de\u00a0la transformaci\u00f3n digital\u00bb.<\/p>\n<p style=\"font-weight: 400; text-align: justify;\">En esta nueva versi\u00f3n del proyecto\u00a0<strong>\u201cPotencia Tu Talento\u201d\u00a0<\/strong>los cursos de especializaci\u00f3n que impartir\u00e1 Corfo y Chiletec -como agente operador del proyecto- ser\u00e1n dictados bajo la modalidad online y tendr\u00e1n una duraci\u00f3n que van desde las 60 hasta las 177 horas. Para quienes obtengan las becas, las clases ser\u00e1n desarrolladas bajo una modalidad e-learning (sincr\u00f3nica, con clases en vivo), con metodolog\u00eda de ense\u00f1anza activa orientada al desarrollo de aprendizajes pr\u00e1cticos, lo que permitir\u00e1 a las y los beneficiarios adquirir competencias y habilidades en corto periodo de tiempo.<\/p>\n<p style=\"font-weight: 400; text-align: justify;\">\u201cEn los \u00faltimos a\u00f1os hay muchos\u00a0proyectos e iniciativas asociadas a la transformaci\u00f3n digital que son tremendamente necesarias para el desarrollo del pa\u00eds, existiendo\u00a0una demanda creciente y una brecha de profesionales y emprendedores\/as digitales disponibles para cubrir la demanda de la industria, aumentado adem\u00e1s producto de la pandemia y el confinamiento social. Por ello, los cursos se han dise\u00f1ado en l\u00ednea con las demandas del mercado, de acuerdo con los perfiles y habilidades m\u00e1s demandadas y valoradas\u201d, asegur\u00f3 la jefa de proyectos de Chiletec, Cristina Far\u00edas.<\/p>\n<p style=\"font-weight: 400; text-align: justify;\">Las postulaciones al programa\u00a0<strong>\u201cPotencia Tu Talento\u201d<\/strong>\u00a0de Corfo estar\u00e1n disponibles hasta\u00a0<strong>el 27 de junio<\/strong>, a trav\u00e9s de\u00a0<a href=\"https:\/\/www.becascapitalhumano.cl\/\" data-saferedirecturl=\"https:\/\/www.google.com\/url?q=https:\/\/www.becascapitalhumano.cl&amp;source=gmail&amp;ust=1686664481564000&amp;usg=AOvVaw3tALDjfOCAblro1mwlT_SE\">https:\/\/www.becascapitalhumano.cl<\/a>. En este mismo sitio web se podr\u00e1 encontrar la informaci\u00f3n detallada de los cursos, los requisitos de postulaci\u00f3n, modalidad, entidades que dictar\u00e1n los cursos, entre otros aspectos.<\/p>\n<p style=\"font-weight: 400; text-align: justify;\"><strong>La oferta de cursos disponible es la siguiente:<\/strong><\/p>\n<ol style=\"text-align: justify;\">\n<li style=\"font-weight: 400;\">Comercio electr\u00f3nico: (60 cupos)<\/li>\n<li style=\"font-weight: 400;\">Growht Marketer:(60 cupos)<\/li>\n<li style=\"font-weight: 400;\">Content Manager: (60 cupos)<\/li>\n<li style=\"font-weight: 400;\">Community Manager:(60 cupos)<\/li>\n<li style=\"font-weight: 400;\">Digital Bussiness Inteligence: (60 cupos)<\/li>\n<li style=\"font-weight: 400;\">Service Design: (60 cupos)<\/li>\n<li style=\"font-weight: 400;\">An\u00e1lisis de Datos: (104 cupos)<\/li>\n<li style=\"font-weight: 400;\">Ciencia de datos: (104 cupos)<\/li>\n<li style=\"font-weight: 400;\">Arquitectura Cloud: (104 Cupos)<\/li>\n<\/ol>\n<p style=\"font-weight: 400; text-align: justify;\">\u00a0\u00a0\u00a0\u00a0\u00a0<strong>Requisitos de postulaci\u00f3n:<\/strong><\/p>\n<ul style=\"text-align: justify;\">\n<li style=\"font-weight: 400;\">Ser chilena, chileno o extranjero con permanencia definitiva en el pa\u00eds.<\/li>\n<li style=\"font-weight: 400;\">Ser t\u00e9cnico, profesional o licenciado en carreras espec\u00edficas asociadas al curso al que postula.<\/li>\n<li style=\"font-weight: 400;\">Contar con experiencia laboral espec\u00edfica y acreditada, asociada al tipo de especializaci\u00f3n TIC al que postulen.<\/li>\n<li style=\"font-weight: 400;\">Es importante se\u00f1alar que los cursos de especializaci\u00f3n en tecnolog\u00eda consideran la rendici\u00f3n de una prueba de conocimientos espec\u00edficos relacionados al curso.<\/li>\n<li style=\"font-weight: 400;\">Para el caso de los cursos de Marketing digital, Comercio electr\u00f3nico y Servicios Creativos, podr\u00e1n postular tambi\u00e9n quienes sean due\u00f1os, socios, accionistas y\/o trabajadores de una empresa.<\/li>\n<\/ul>\n<p style=\"font-weight: 400; text-align: justify;\">Para m\u00e1s informaci\u00f3n dirigirse a\u00a0<a href=\"https:\/\/www.becascapitalhumano.cl\/\" data-saferedirecturl=\"https:\/\/www.google.com\/url?q=https:\/\/www.becascapitalhumano.cl&amp;source=gmail&amp;ust=1686664481564000&amp;usg=AOvVaw3tALDjfOCAblro1mwlT_SE\">https:\/\/www.becascapitalhumano.cl<\/a><\/p>\n<\/div><\/section><\/div><div  style='height:50px' class='hr hr-invisible   avia-builder-el-6  el_after_av_one_full  el_before_av_social_share '><span class='hr-inner ' ><span class='hr-inner-style'><\/span><\/span><\/div><\/p>\n<div  class='av-social-sharing-box  avia-builder-el-7  el_after_av_hr  el_before_av_hr  '><div class='av-share-box'><h5 class='av-share-link-description av-no-toc '>Compartir esta noticia<\/h5><ul class='av-share-box-list noLightbox'><li class='av-share-link av-social-link-facebook' ><a target=\"_blank\" aria-label=\"Compartir en Facebook\" href='https:\/\/www.facebook.com\/sharer.php?u=https:\/\/radiorevelacionfm.cl\/?p=31893&#038;t=Corfo%20invita%20a%20postular%20a%20670%20becas%20de%20especializaci%C3%B3n%20digital' aria-hidden='false' data-av_icon='\ue8f3' data-av_iconfont='entypo-fontello' title='' data-avia-related-tooltip='Compartir en Facebook' rel=\"noopener\"><span class='avia_hidden_link_text'>Compartir en Facebook<\/span><\/a><\/li><li class='av-share-link av-social-link-twitter' ><a target=\"_blank\" aria-label=\"Compartir en Twitter\" href='https:\/\/twitter.com\/share?text=Corfo%20invita%20a%20postular%20a%20670%20becas%20de%20especializaci%C3%B3n%20digital&#038;url=https:\/\/radiorevelacionfm.cl\/?p=31893' aria-hidden='false' data-av_icon='\ue8f1' data-av_iconfont='entypo-fontello' title='' data-avia-related-tooltip='Compartir en Twitter' rel=\"noopener\"><span class='avia_hidden_link_text'>Compartir en Twitter<\/span><\/a><\/li><li class='av-share-link av-social-link-whatsapp' ><a target=\"_blank\" aria-label=\"Compartir en Whatsapp\" href='https:\/\/api.whatsapp.com\/send?text=https:\/\/radiorevelacionfm.cl\/?p=31893' aria-hidden='false' data-av_icon='\uf232' data-av_iconfont='entypo-fontello' title='' data-avia-related-tooltip='Compartir en Whatsapp' rel=\"noopener\"><span class='avia_hidden_link_text'>Compartir en Whatsapp<\/span><\/a><\/li><li class='av-share-link av-social-link-linkedin' ><a target=\"_blank\" aria-label=\"Compartir en LinkedIn\" href='https:\/\/linkedin.com\/shareArticle?mini=true&#038;title=Corfo%20invita%20a%20postular%20a%20670%20becas%20de%20especializaci%C3%B3n%20digital&#038;url=https:\/\/radiorevelacionfm.cl\/?p=31893' aria-hidden='false' data-av_icon='\ue8fc' data-av_iconfont='entypo-fontello' title='' data-avia-related-tooltip='Compartir en LinkedIn' rel=\"noopener\"><span class='avia_hidden_link_text'>Compartir en LinkedIn<\/span><\/a><\/li><li class='av-share-link av-social-link-mail' ><a  aria-label=\"Compartir por correo\" href='mailto:?subject=Corfo%20invita%20a%20postular%20a%20670%20becas%20de%20especializaci%C3%B3n%20digital&#038;body=https:\/\/radiorevelacionfm.cl\/?p=31893' aria-hidden='false' data-av_icon='\ue805' data-av_iconfont='entypo-fontello' title='' data-avia-related-tooltip='Compartir por correo'><span class='avia_hidden_link_text'>Compartir por correo<\/span><\/a><\/li><\/ul><\/div><\/div>\n<div  style='height:50px' class='hr hr-invisible   avia-builder-el-8  el_after_av_social_share  el_before_av_comments_list '><span class='hr-inner ' ><span class='hr-inner-style'><\/span><\/span><\/div>\n<div  class='av-buildercomment  av-blog-meta-html-info-disabled av-blog-meta-tag-disabled  '><\/div>\n","protected":false},"excerpt":{"rendered":"","protected":false},"author":1,"featured_media":31895,"comment_status":"open","ping_status":"open","sticky":false,"template":"","format":"standard","meta":{"footnotes":""},"categories":[38],"tags":[],"class_list":["post-31893","post","type-post","status-publish","format-standard","has-post-thumbnail","hentry","category-regional"],"jetpack_featured_media_url":"https:\/\/radiorevelacionfm.cl\/wp-content\/uploads\/2023\/06\/Potencia-tu-talento-1-1-1.jpg","_links":{"self":[{"href":"https:\/\/radiorevelacionfm.cl\/index.php?rest_route=\/wp\/v2\/posts\/31893","targetHints":{"allow":["GET"]}}],"collection":[{"href":"https:\/\/radiorevelacionfm.cl\/index.php?rest_route=\/wp\/v2\/posts"}],"about":[{"href":"https:\/\/radiorevelacionfm.cl\/index.php?rest_route=\/wp\/v2\/types\/post"}],"author":[{"embeddable":true,"href":"https:\/\/radiorevelacionfm.cl\/index.php?rest_route=\/wp\/v2\/users\/1"}],"replies":[{"embeddable":true,"href":"https:\/\/radiorevelacionfm.cl\/index.php?rest_route=%2Fwp%2Fv2%2Fcomments&post=31893"}],"version-history":[{"count":1,"href":"https:\/\/radiorevelacionfm.cl\/index.php?rest_route=\/wp\/v2\/posts\/31893\/revisions"}],"predecessor-version":[{"id":31896,"href":"https:\/\/radiorevelacionfm.cl\/index.php?rest_route=\/wp\/v2\/posts\/31893\/revisions\/31896"}],"wp:featuredmedia":[{"embeddable":true,"href":"https:\/\/radiorevelacionfm.cl\/index.php?rest_route=\/wp\/v2\/media\/31895"}],"wp:attachment":[{"href":"https:\/\/radiorevelacionfm.cl\/index.php?rest_route=%2Fwp%2Fv2%2Fmedia&parent=31893"}],"wp:term":[{"taxonomy":"category","embeddable":true,"href":"https:\/\/radiorevelacionfm.cl\/index.php?rest_route=%2Fwp%2Fv2%2Fcategories&post=31893"},{"taxonomy":"post_tag","embeddable":true,"href":"https:\/\/radiorevelacionfm.cl\/index.php?rest_route=%2Fwp%2Fv2%2Ftags&post=31893"}],"curies":[{"name":"wp","href":"https:\/\/api.w.org\/{rel}","templated":true}]}}