{"id":31886,"date":"2023-06-11T20:48:13","date_gmt":"2023-06-11T23:48:13","guid":{"rendered":"https:\/\/radiorevelacionfm.cl\/?p=31886"},"modified":"2023-06-11T23:43:20","modified_gmt":"2023-06-12T02:43:20","slug":"concejala-de-chile-chico-lamento-nuevo-inconveniente-sufrido-por-barcaza-chelenco","status":"publish","type":"post","link":"https:\/\/radiorevelacionfm.cl\/?p=31886","title":{"rendered":"Concejala de Chile Chico lament\u00f3 nuevo inconveniente sufrido por barcaza Chelenco"},"content":{"rendered":"<div class=\"flex_column av_one_full  flex_column_div av-zero-column-padding first  avia-builder-el-0  el_before_av_one_full  avia-builder-el-first  \" style='border-radius:0px; '><div  class='avia-image-container  av-styling-    avia-builder-el-1  avia-builder-el-no-sibling  avia-align-center '  itemprop=\"image\" itemscope=\"itemscope\" itemtype=\"https:\/\/schema.org\/ImageObject\"  ><div class='avia-image-container-inner'><div class='avia-image-overlay-wrap'><img decoding=\"async\" class='wp-image-31890 avia-img-lazy-loading-not-31890 avia_image' src=\"https:\/\/radiorevelacionfm.cl\/wp-content\/uploads\/2023\/06\/chelenco-2_optimized.jpg\" alt='' title='chelenco-(2)_optimized' height=\"603\" width=\"1000\"  itemprop=\"thumbnailUrl\" srcset=\"https:\/\/radiorevelacionfm.cl\/wp-content\/uploads\/2023\/06\/chelenco-2_optimized.jpg 1000w, https:\/\/radiorevelacionfm.cl\/wp-content\/uploads\/2023\/06\/chelenco-2_optimized-300x181.jpg 300w, https:\/\/radiorevelacionfm.cl\/wp-content\/uploads\/2023\/06\/chelenco-2_optimized-768x463.jpg 768w, https:\/\/radiorevelacionfm.cl\/wp-content\/uploads\/2023\/06\/chelenco-2_optimized-705x425.jpg 705w, https:\/\/radiorevelacionfm.cl\/wp-content\/uploads\/2023\/06\/chelenco-2_optimized-450x271.jpg 450w, https:\/\/radiorevelacionfm.cl\/wp-content\/uploads\/2023\/06\/chelenco-2_optimized-600x362.jpg 600w\" sizes=\"(max-width: 1000px) 100vw, 1000px\" \/><\/div><\/div><\/div><\/div><div class=\"flex_column av_one_full  flex_column_div av-zero-column-padding first  avia-builder-el-2  el_after_av_one_full  el_before_av_one_full  column-top-margin\" style='border-radius:0px; '><section class=\"av_textblock_section \"  itemscope=\"itemscope\" itemtype=\"https:\/\/schema.org\/BlogPosting\" itemprop=\"blogPost\" ><div class='avia_textblock  '   itemprop=\"text\" ><p style=\"text-align: center;\"><strong><span style=\"font-size: 18pt;\">Concejala de Chile Chico lament\u00f3 nuevo inconveniente sufrido por barcaza Chelenco<\/span><\/strong><\/p>\n<div id=\"gtx-trans\" style=\"position: absolute; left: -50px; top: 4.31534px;\">\n<div class=\"gtx-trans-icon\"><\/div>\n<\/div>\n<\/div><\/section><\/div><\/p>\n<div class=\"flex_column av_one_full  flex_column_div av-zero-column-padding first  avia-builder-el-4  el_after_av_one_full  el_before_av_hr  column-top-margin\" style='border-radius:0px; '><section class=\"av_textblock_section \"  itemscope=\"itemscope\" itemtype=\"https:\/\/schema.org\/BlogPosting\" itemprop=\"blogPost\" ><div class='avia_textblock  '   itemprop=\"text\" ><p style=\"text-align: justify;\">La tarde del jueves pasado y mientras se dirig\u00eda desde Chile Chico a Puerto Ib\u00e1\u00f1ez, barcaza Chelenco, sufre inconveniente en medio del lago General Carrera. Esto claramente preocup\u00f3 a los pasajeros y autoridades locales.<span id=\"more-113340\"><\/span><\/p>\n<p style=\"text-align: justify;\">La Concejala \u00c1ngela Valdebenito, se refiri\u00f3 a lo sucedido, \u201cmanifestar nuestra enorme preocupaci\u00f3n y consternaci\u00f3n por lo que est\u00e1 sucediendo hoy d\u00eda con la conectividad para Chile Chico. \u00bfD\u00f3nde est\u00e1 la fiscalizaci\u00f3n?, independiente que hoy esta embarcaci\u00f3n este haciendo el reemplazo de la barcaza Tehuelche. Nos parece inapropiado y de una irresponsabilidad tremenda sacarla sin la certeza de que est\u00e1 funcionando al cien por ciento (la barcaza Chelenco)\u201d.<\/p>\n<p style=\"text-align: justify;\">Respecto al inconveniente de la barcaza Chelenco, Valdebenito, agreg\u00f3 que, \u201cla barcaza tuvo un incidente, tuvo que recalar de manera improvisada, de emergencia, con la consternaci\u00f3n, el miedo de la gente que iba a bordo de esta barcaza, porque no se sab\u00eda lo que estaba pasando\u201d.<\/p>\n<p style=\"text-align: justify;\">La Concejala de la comuna de Chile Chico, manifest\u00f3 que, con los constantes problemas de conectividad, dan cuenta de que, \u201cesta ha sido la peor muestra de esta mala administraci\u00f3n del Gobierno, un Gobierno que nos abandona, un Gobierno que nos deja a la merced de las condiciones clim\u00e1ticas, que, si bien no es su culpa, pero si la responsabilidad de no tener un servicio y una fiscalizaci\u00f3n adecuada para nuestros vecinos\u201d.<\/p>\n<p style=\"text-align: justify;\">Por \u00faltimo, la Concejala \u00c1ngela Valdebenito, reiter\u00f3 el llamado a las autoridades de Gobierno, a los Seremis que corresponda, a tomar en serio el tema de la conectividad y responder oportunamente a la comunidad.<\/p>\n<div class=\"td-a-rec td-a-rec-id-content_bottom tdi_1 td_block_template_4\">\n<div id=\"101580-1\" style=\"text-align: justify;\"><\/div>\n<\/div>\n<\/div><\/section><\/div>\n<div  style='height:50px' class='hr hr-invisible   avia-builder-el-6  el_after_av_one_full  el_before_av_social_share '><span class='hr-inner ' ><span class='hr-inner-style'><\/span><\/span><\/div>\n<div  class='av-social-sharing-box  avia-builder-el-7  el_after_av_hr  el_before_av_hr  '><div class='av-share-box'><h5 class='av-share-link-description av-no-toc '>Compartir esta noticia<\/h5><ul class='av-share-box-list noLightbox'><li class='av-share-link av-social-link-facebook' ><a target=\"_blank\" aria-label=\"Compartir en Facebook\" href='https:\/\/www.facebook.com\/sharer.php?u=https:\/\/radiorevelacionfm.cl\/?p=31886&#038;t=Concejala%20de%20Chile%20Chico%20lament%C3%B3%20nuevo%20inconveniente%20sufrido%20por%20barcaza%20Chelenco' aria-hidden='false' data-av_icon='\ue8f3' data-av_iconfont='entypo-fontello' title='' data-avia-related-tooltip='Compartir en Facebook' rel=\"noopener\"><span class='avia_hidden_link_text'>Compartir en Facebook<\/span><\/a><\/li><li class='av-share-link av-social-link-twitter' ><a target=\"_blank\" aria-label=\"Compartir en Twitter\" href='https:\/\/twitter.com\/share?text=Concejala%20de%20Chile%20Chico%20lament%C3%B3%20nuevo%20inconveniente%20sufrido%20por%20barcaza%20Chelenco&#038;url=https:\/\/radiorevelacionfm.cl\/?p=31886' aria-hidden='false' data-av_icon='\ue8f1' data-av_iconfont='entypo-fontello' title='' data-avia-related-tooltip='Compartir en Twitter' rel=\"noopener\"><span class='avia_hidden_link_text'>Compartir en Twitter<\/span><\/a><\/li><li class='av-share-link av-social-link-whatsapp' ><a target=\"_blank\" aria-label=\"Compartir en Whatsapp\" href='https:\/\/api.whatsapp.com\/send?text=https:\/\/radiorevelacionfm.cl\/?p=31886' aria-hidden='false' data-av_icon='\uf232' data-av_iconfont='entypo-fontello' title='' data-avia-related-tooltip='Compartir en Whatsapp' rel=\"noopener\"><span class='avia_hidden_link_text'>Compartir en Whatsapp<\/span><\/a><\/li><li class='av-share-link av-social-link-linkedin' ><a target=\"_blank\" aria-label=\"Compartir en LinkedIn\" href='https:\/\/linkedin.com\/shareArticle?mini=true&#038;title=Concejala%20de%20Chile%20Chico%20lament%C3%B3%20nuevo%20inconveniente%20sufrido%20por%20barcaza%20Chelenco&#038;url=https:\/\/radiorevelacionfm.cl\/?p=31886' aria-hidden='false' data-av_icon='\ue8fc' data-av_iconfont='entypo-fontello' title='' data-avia-related-tooltip='Compartir en LinkedIn' rel=\"noopener\"><span class='avia_hidden_link_text'>Compartir en LinkedIn<\/span><\/a><\/li><li class='av-share-link av-social-link-mail' ><a  aria-label=\"Compartir por correo\" href='mailto:?subject=Concejala%20de%20Chile%20Chico%20lament%C3%B3%20nuevo%20inconveniente%20sufrido%20por%20barcaza%20Chelenco&#038;body=https:\/\/radiorevelacionfm.cl\/?p=31886' aria-hidden='false' data-av_icon='\ue805' data-av_iconfont='entypo-fontello' title='' data-avia-related-tooltip='Compartir por correo'><span class='avia_hidden_link_text'>Compartir por correo<\/span><\/a><\/li><\/ul><\/div><\/div>\n<div  style='height:50px' class='hr hr-invisible   avia-builder-el-8  el_after_av_social_share  el_before_av_comments_list '><span class='hr-inner ' ><span class='hr-inner-style'><\/span><\/span><\/div>\n<div  class='av-buildercomment  av-blog-meta-html-info-disabled av-blog-meta-tag-disabled  '><\/div>\n","protected":false},"excerpt":{"rendered":"","protected":false},"author":1,"featured_media":31890,"comment_status":"open","ping_status":"open","sticky":false,"template":"","format":"standard","meta":{"footnotes":""},"categories":[38],"tags":[],"class_list":["post-31886","post","type-post","status-publish","format-standard","has-post-thumbnail","hentry","category-regional"],"jetpack_featured_media_url":"https:\/\/radiorevelacionfm.cl\/wp-content\/uploads\/2023\/06\/chelenco-2_optimized.jpg","_links":{"self":[{"href":"https:\/\/radiorevelacionfm.cl\/index.php?rest_route=\/wp\/v2\/posts\/31886","targetHints":{"allow":["GET"]}}],"collection":[{"href":"https:\/\/radiorevelacionfm.cl\/index.php?rest_route=\/wp\/v2\/posts"}],"about":[{"href":"https:\/\/radiorevelacionfm.cl\/index.php?rest_route=\/wp\/v2\/types\/post"}],"author":[{"embeddable":true,"href":"https:\/\/radiorevelacionfm.cl\/index.php?rest_route=\/wp\/v2\/users\/1"}],"replies":[{"embeddable":true,"href":"https:\/\/radiorevelacionfm.cl\/index.php?rest_route=%2Fwp%2Fv2%2Fcomments&post=31886"}],"version-history":[{"count":3,"href":"https:\/\/radiorevelacionfm.cl\/index.php?rest_route=\/wp\/v2\/posts\/31886\/revisions"}],"predecessor-version":[{"id":31892,"href":"https:\/\/radiorevelacionfm.cl\/index.php?rest_route=\/wp\/v2\/posts\/31886\/revisions\/31892"}],"wp:featuredmedia":[{"embeddable":true,"href":"https:\/\/radiorevelacionfm.cl\/index.php?rest_route=\/wp\/v2\/media\/31890"}],"wp:attachment":[{"href":"https:\/\/radiorevelacionfm.cl\/index.php?rest_route=%2Fwp%2Fv2%2Fmedia&parent=31886"}],"wp:term":[{"taxonomy":"category","embeddable":true,"href":"https:\/\/radiorevelacionfm.cl\/index.php?rest_route=%2Fwp%2Fv2%2Fcategories&post=31886"},{"taxonomy":"post_tag","embeddable":true,"href":"https:\/\/radiorevelacionfm.cl\/index.php?rest_route=%2Fwp%2Fv2%2Ftags&post=31886"}],"curies":[{"name":"wp","href":"https:\/\/api.w.org\/{rel}","templated":true}]}}