{"id":31883,"date":"2023-06-11T19:30:27","date_gmt":"2023-06-11T22:30:27","guid":{"rendered":"https:\/\/radiorevelacionfm.cl\/?p=31883"},"modified":"2023-06-11T19:30:27","modified_gmt":"2023-06-11T22:30:27","slug":"pobladores-del-sector-los-jaras-en-manihuales-contaran-con-nuevo-puente-mecano","status":"publish","type":"post","link":"https:\/\/radiorevelacionfm.cl\/?p=31883","title":{"rendered":"Pobladores del sector \u00abLos Jaras\u00bb en Ma\u00f1ihuales contar\u00e1n con nuevo puente mecano"},"content":{"rendered":"<div class=\"flex_column av_one_full  flex_column_div av-zero-column-padding first  avia-builder-el-0  el_before_av_one_full  avia-builder-el-first  \" style='border-radius:0px; '><div  class='avia-image-container  av-styling-    avia-builder-el-1  avia-builder-el-no-sibling  avia-align-center '  itemprop=\"image\" itemscope=\"itemscope\" itemtype=\"https:\/\/schema.org\/ImageObject\"  ><div class='avia-image-container-inner'><div class='avia-image-overlay-wrap'><img decoding=\"async\" class='wp-image-31884 avia-img-lazy-loading-not-31884 avia_image' src=\"https:\/\/radiorevelacionfm.cl\/wp-content\/uploads\/2023\/06\/jara-7-1_optimized.jpg\" alt='' title='jara-7-(1)_optimized' height=\"600\" width=\"1277\"  itemprop=\"thumbnailUrl\" srcset=\"https:\/\/radiorevelacionfm.cl\/wp-content\/uploads\/2023\/06\/jara-7-1_optimized.jpg 1277w, https:\/\/radiorevelacionfm.cl\/wp-content\/uploads\/2023\/06\/jara-7-1_optimized-300x141.jpg 300w, https:\/\/radiorevelacionfm.cl\/wp-content\/uploads\/2023\/06\/jara-7-1_optimized-1030x484.jpg 1030w, https:\/\/radiorevelacionfm.cl\/wp-content\/uploads\/2023\/06\/jara-7-1_optimized-768x361.jpg 768w, https:\/\/radiorevelacionfm.cl\/wp-content\/uploads\/2023\/06\/jara-7-1_optimized-705x331.jpg 705w, https:\/\/radiorevelacionfm.cl\/wp-content\/uploads\/2023\/06\/jara-7-1_optimized-450x211.jpg 450w, https:\/\/radiorevelacionfm.cl\/wp-content\/uploads\/2023\/06\/jara-7-1_optimized-600x282.jpg 600w\" sizes=\"(max-width: 1277px) 100vw, 1277px\" \/><\/div><\/div><\/div><\/div><div class=\"flex_column av_one_full  flex_column_div av-zero-column-padding first  avia-builder-el-2  el_after_av_one_full  el_before_av_one_full  column-top-margin\" style='border-radius:0px; '><section class=\"av_textblock_section \"  itemscope=\"itemscope\" itemtype=\"https:\/\/schema.org\/BlogPosting\" itemprop=\"blogPost\" ><div class='avia_textblock  '   itemprop=\"text\" ><p style=\"text-align: center;\"><strong><span style=\"font-size: 18pt;\">Pobladores del sector \u00abLos Jaras\u00bb en Ma\u00f1ihuales contar\u00e1n con nuevo puente mecano<\/span><\/strong><\/p>\n<div id=\"gtx-trans\" style=\"position: absolute; left: -50px; top: 4.31534px;\">\n<div class=\"gtx-trans-icon\"><\/div>\n<\/div>\n<\/div><\/section><\/div><div class=\"flex_column av_one_full  flex_column_div av-zero-column-padding first  avia-builder-el-4  el_after_av_one_full  el_before_av_hr  column-top-margin\" style='border-radius:0px; '><section class=\"av_textblock_section \"  itemscope=\"itemscope\" itemtype=\"https:\/\/schema.org\/BlogPosting\" itemprop=\"blogPost\" ><div class='avia_textblock  '   itemprop=\"text\" ><p style=\"text-align: justify;\">El Secretario Regional Ministerial de Obras P\u00fablicas, Patricio Sanhueza Ulloa, inform\u00f3 que junto a un equipo de la Direcci\u00f3n Regional de Vialidad MOP se desplazaron este fin de semana hasta el camino Ma\u00f1ihuales Norte, con 30 ml de puente mecano\/modular para ser instalado en los pr\u00f3ximos d\u00edas en el sector Los Jara, en donde producto de reciente frente clim\u00e1tico la estructura que entregaba conectividad al sector se vio afectada, dejando s\u00f3lo la posibilidad de utilizar un vado, cuando disminuye el caudal del r\u00edo, para el tr\u00e1nsito de personas y veh\u00edculos.<\/p>\n<p style=\"text-align: justify;\">Desde el sector, el SEREMI del MOP indic\u00f3 \u201cnos hemos desplegado en terreno junto con los equipos de Vialidad y de asesor\u00eda de inspecci\u00f3n de\u00a0las empresas constructoras para verificar en terreno el estado de afectaci\u00f3n que ha tenido la red vial regional y abordar las soluciones, as\u00ed que hemos viajado al sector de Ma\u00f1ihuales Norte, en donde el puente Los Jara fue da\u00f1ado producto del reciente frente clim\u00e1tico, quedando inhabilitado su uso\u201d.<\/p>\n<p style=\"text-align: justify;\">En este escenario, la autoridad regional de OOPP se reuni\u00f3 con las vecinas y vecinos del sector para conocer su estado y el de sus familias, poder escuchar sus necesidades y dialogar francamente respecto a las soluciones que se abordar\u00edan en el m\u00e1s breve plazo.<\/p>\n<p style=\"text-align: justify;\">\u201cHoy nos reunimos con la comunidad del sector Los Jara para darles muy buenas noticias, porque nuestra ministra Jessica L\u00f3pez nos ha instruido atender con car\u00e1cter de urgente esta situaci\u00f3n, as\u00ed que hemos reasignado recursos dando prioridad a \u00a0las familias que habitan este sector y asignamos un nuevo puente modular\/mecano al sector, para que reemplace la estructura da\u00f1ada. Son 30 ml de puente mecano el que tendr\u00e1 una capacidad m\u00e1xima de 18 toneladas. Estas acciones tienen relaci\u00f3n directa con las palabras de nuestro presidente Gabriel Boric, en su discurso efectuado el 25 de enero 2023 en Coyhaique, en donde indic\u00f3 que \u201cIndependiente de d\u00f3nde vivan, ya sea en un puerto, en una caleta, en una peque\u00f1a isla o en un pueblo apartado de esta hermosa regi\u00f3n, son prioridad para este Gobierno\u201d. Hoy nosotros hacemos obras, las palabras de nuestro presidente, porque en nuestra regi\u00f3n todos y todas son importantes, la ruta 7 es la v\u00eda estructurante de la regi\u00f3n, pero son igualmente significativas para nosotros las necesidades de las vecinas y vecinos del sector Ma\u00f1ihuales Norte-Los Jara\u201d, afirm\u00f3 Patricio Sanhueza Ulloa.<\/p>\n<p style=\"text-align: justify;\">La presidenta de la Junta de Vigilancia El Turbio-Picaflor, Jessie Rebolledo, agradeci\u00f3 las prontas gestiones de las autoridades y agreg\u00f3 \u201cnos hab\u00edan dicho tres meses para una soluci\u00f3n y los vecinos hoy como vieron est\u00e1n muy contentos, porque el SEREMI dice que en aproximadamente entre 30 y 45 d\u00edas estar\u00eda la soluci\u00f3n definitiva. Agradecer la gesti\u00f3n que ha hecho el SEREMI a trav\u00e9s de la ministra para que asignen un mecano definitivo y s\u00faper r\u00e1pido. A uno como dirigente en realidad le reconforta tener autoridades que se comprometan y cumplan, como fue el caso del SEREMI con el que conversamos ayer y dijo que le iba a poner urgencia, y hoy vemos el resultado\u201d.<\/p>\n<p style=\"text-align: justify;\">Por su parte, Sara Rozas, presidenta del Comit\u00e9 de Adelanto y Electrificaci\u00f3n pasarela El Turbio-Picaflor, asegur\u00f3: \u201cQuedamos muy contentos, porque nos han venido a decir que prontamente se instalar\u00e1 un puente mecano de emergencia en el sector el que nos dar\u00e1 conectividad, porque hasta el momento nosotros estamos aislados. As\u00ed que muy contentos, todo muy r\u00e1pido, las gestiones se hicieron muy r\u00e1pido y se agradece a todas las personas que hicieron posible esto\u201d.<\/p>\n<\/div><\/section><\/div><div  style='height:50px' class='hr hr-invisible   avia-builder-el-6  el_after_av_one_full  el_before_av_social_share '><span class='hr-inner ' ><span class='hr-inner-style'><\/span><\/span><\/div><\/p>\n<div  class='av-social-sharing-box  avia-builder-el-7  el_after_av_hr  el_before_av_hr  '><div class='av-share-box'><h5 class='av-share-link-description av-no-toc '>Compartir esta noticia<\/h5><ul class='av-share-box-list noLightbox'><li class='av-share-link av-social-link-facebook' ><a target=\"_blank\" aria-label=\"Compartir en Facebook\" href='https:\/\/www.facebook.com\/sharer.php?u=https:\/\/radiorevelacionfm.cl\/?p=31883&#038;t=Pobladores%20del%20sector%20%C2%ABLos%20Jaras%C2%BB%20en%20Ma%C3%B1ihuales%20contar%C3%A1n%20con%20nuevo%20puente%20mecano' aria-hidden='false' data-av_icon='\ue8f3' data-av_iconfont='entypo-fontello' title='' data-avia-related-tooltip='Compartir en Facebook' rel=\"noopener\"><span class='avia_hidden_link_text'>Compartir en Facebook<\/span><\/a><\/li><li class='av-share-link av-social-link-twitter' ><a target=\"_blank\" aria-label=\"Compartir en Twitter\" href='https:\/\/twitter.com\/share?text=Pobladores%20del%20sector%20%C2%ABLos%20Jaras%C2%BB%20en%20Ma%C3%B1ihuales%20contar%C3%A1n%20con%20nuevo%20puente%20mecano&#038;url=https:\/\/radiorevelacionfm.cl\/?p=31883' aria-hidden='false' data-av_icon='\ue8f1' data-av_iconfont='entypo-fontello' title='' data-avia-related-tooltip='Compartir en Twitter' rel=\"noopener\"><span class='avia_hidden_link_text'>Compartir en Twitter<\/span><\/a><\/li><li class='av-share-link av-social-link-whatsapp' ><a target=\"_blank\" aria-label=\"Compartir en Whatsapp\" href='https:\/\/api.whatsapp.com\/send?text=https:\/\/radiorevelacionfm.cl\/?p=31883' aria-hidden='false' data-av_icon='\uf232' data-av_iconfont='entypo-fontello' title='' data-avia-related-tooltip='Compartir en Whatsapp' rel=\"noopener\"><span class='avia_hidden_link_text'>Compartir en Whatsapp<\/span><\/a><\/li><li class='av-share-link av-social-link-linkedin' ><a target=\"_blank\" aria-label=\"Compartir en LinkedIn\" href='https:\/\/linkedin.com\/shareArticle?mini=true&#038;title=Pobladores%20del%20sector%20%C2%ABLos%20Jaras%C2%BB%20en%20Ma%C3%B1ihuales%20contar%C3%A1n%20con%20nuevo%20puente%20mecano&#038;url=https:\/\/radiorevelacionfm.cl\/?p=31883' aria-hidden='false' data-av_icon='\ue8fc' data-av_iconfont='entypo-fontello' title='' data-avia-related-tooltip='Compartir en LinkedIn' rel=\"noopener\"><span class='avia_hidden_link_text'>Compartir en LinkedIn<\/span><\/a><\/li><li class='av-share-link av-social-link-mail' ><a  aria-label=\"Compartir por correo\" href='mailto:?subject=Pobladores%20del%20sector%20%C2%ABLos%20Jaras%C2%BB%20en%20Ma%C3%B1ihuales%20contar%C3%A1n%20con%20nuevo%20puente%20mecano&#038;body=https:\/\/radiorevelacionfm.cl\/?p=31883' aria-hidden='false' data-av_icon='\ue805' data-av_iconfont='entypo-fontello' title='' data-avia-related-tooltip='Compartir por correo'><span class='avia_hidden_link_text'>Compartir por correo<\/span><\/a><\/li><\/ul><\/div><\/div>\n<div  style='height:50px' class='hr hr-invisible   avia-builder-el-8  el_after_av_social_share  el_before_av_comments_list '><span class='hr-inner ' ><span class='hr-inner-style'><\/span><\/span><\/div>\n<div  class='av-buildercomment  av-blog-meta-html-info-disabled av-blog-meta-tag-disabled  '><\/div>\n","protected":false},"excerpt":{"rendered":"","protected":false},"author":1,"featured_media":31884,"comment_status":"open","ping_status":"open","sticky":false,"template":"","format":"standard","meta":{"footnotes":""},"categories":[38],"tags":[],"class_list":["post-31883","post","type-post","status-publish","format-standard","has-post-thumbnail","hentry","category-regional"],"jetpack_featured_media_url":"https:\/\/radiorevelacionfm.cl\/wp-content\/uploads\/2023\/06\/jara-7-1_optimized.jpg","_links":{"self":[{"href":"https:\/\/radiorevelacionfm.cl\/index.php?rest_route=\/wp\/v2\/posts\/31883","targetHints":{"allow":["GET"]}}],"collection":[{"href":"https:\/\/radiorevelacionfm.cl\/index.php?rest_route=\/wp\/v2\/posts"}],"about":[{"href":"https:\/\/radiorevelacionfm.cl\/index.php?rest_route=\/wp\/v2\/types\/post"}],"author":[{"embeddable":true,"href":"https:\/\/radiorevelacionfm.cl\/index.php?rest_route=\/wp\/v2\/users\/1"}],"replies":[{"embeddable":true,"href":"https:\/\/radiorevelacionfm.cl\/index.php?rest_route=%2Fwp%2Fv2%2Fcomments&post=31883"}],"version-history":[{"count":1,"href":"https:\/\/radiorevelacionfm.cl\/index.php?rest_route=\/wp\/v2\/posts\/31883\/revisions"}],"predecessor-version":[{"id":31885,"href":"https:\/\/radiorevelacionfm.cl\/index.php?rest_route=\/wp\/v2\/posts\/31883\/revisions\/31885"}],"wp:featuredmedia":[{"embeddable":true,"href":"https:\/\/radiorevelacionfm.cl\/index.php?rest_route=\/wp\/v2\/media\/31884"}],"wp:attachment":[{"href":"https:\/\/radiorevelacionfm.cl\/index.php?rest_route=%2Fwp%2Fv2%2Fmedia&parent=31883"}],"wp:term":[{"taxonomy":"category","embeddable":true,"href":"https:\/\/radiorevelacionfm.cl\/index.php?rest_route=%2Fwp%2Fv2%2Fcategories&post=31883"},{"taxonomy":"post_tag","embeddable":true,"href":"https:\/\/radiorevelacionfm.cl\/index.php?rest_route=%2Fwp%2Fv2%2Ftags&post=31883"}],"curies":[{"name":"wp","href":"https:\/\/api.w.org\/{rel}","templated":true}]}}