{"id":31880,"date":"2023-06-11T21:45:18","date_gmt":"2023-06-12T00:45:18","guid":{"rendered":"https:\/\/radiorevelacionfm.cl\/?p=31880"},"modified":"2023-06-11T21:45:18","modified_gmt":"2023-06-12T00:45:18","slug":"en-proceso-de-adjudicacion-se-encuentran-tres-contratos-de-emergencias-incluidos-en-el-plan-excepcional-de-conservacion-de-caminos-y-esta-semana-se-abren-nuevas-ofertas","status":"publish","type":"post","link":"https:\/\/radiorevelacionfm.cl\/?p=31880","title":{"rendered":"En proceso de adjudicaci\u00f3n se encuentran tres contratos de emergencias incluidos en el plan excepcional de conservaci\u00f3n de caminos y esta semana se abren nuevas ofertas"},"content":{"rendered":"<div class=\"flex_column av_one_full  flex_column_div av-zero-column-padding first  avia-builder-el-0  el_before_av_one_full  avia-builder-el-first  \" style='border-radius:0px; '><div  class='avia-image-container  av-styling-    avia-builder-el-1  avia-builder-el-no-sibling  avia-align-center '  itemprop=\"image\" itemscope=\"itemscope\" itemtype=\"https:\/\/schema.org\/ImageObject\"  ><div class='avia-image-container-inner'><div class='avia-image-overlay-wrap'><img decoding=\"async\" class='wp-image-31881 avia-img-lazy-loading-not-31881 avia_image' src=\"https:\/\/radiorevelacionfm.cl\/wp-content\/uploads\/2023\/06\/tres-6-1-1.jpg\" alt='' title='tres (6) (1) (1)' height=\"600\" width=\"800\"  itemprop=\"thumbnailUrl\" srcset=\"https:\/\/radiorevelacionfm.cl\/wp-content\/uploads\/2023\/06\/tres-6-1-1.jpg 800w, https:\/\/radiorevelacionfm.cl\/wp-content\/uploads\/2023\/06\/tres-6-1-1-300x225.jpg 300w, https:\/\/radiorevelacionfm.cl\/wp-content\/uploads\/2023\/06\/tres-6-1-1-768x576.jpg 768w, https:\/\/radiorevelacionfm.cl\/wp-content\/uploads\/2023\/06\/tres-6-1-1-705x529.jpg 705w, https:\/\/radiorevelacionfm.cl\/wp-content\/uploads\/2023\/06\/tres-6-1-1-450x338.jpg 450w, https:\/\/radiorevelacionfm.cl\/wp-content\/uploads\/2023\/06\/tres-6-1-1-600x450.jpg 600w\" sizes=\"(max-width: 800px) 100vw, 800px\" \/><\/div><\/div><\/div><\/div>\n<div class=\"flex_column av_one_full  flex_column_div av-zero-column-padding first  avia-builder-el-2  el_after_av_one_full  el_before_av_one_full  column-top-margin\" style='border-radius:0px; '><section class=\"av_textblock_section \"  itemscope=\"itemscope\" itemtype=\"https:\/\/schema.org\/BlogPosting\" itemprop=\"blogPost\" ><div class='avia_textblock  '   itemprop=\"text\" ><p style=\"text-align: center;\"><strong><span style=\"font-size: 18pt;\">En proceso de adjudicaci\u00f3n se encuentran tres contratos de emergencias incluidos en el plan excepcional de conservaci\u00f3n de caminos y esta semana se abren nuevas ofertas<\/span><\/strong><\/p>\n<div id=\"gtx-trans\" style=\"position: absolute; left: -50px; top: 4.31534px;\">\n<div class=\"gtx-trans-icon\"><\/div>\n<\/div>\n<\/div><\/section><\/div><div class=\"flex_column av_one_full  flex_column_div av-zero-column-padding first  avia-builder-el-4  el_after_av_one_full  el_before_av_hr  column-top-margin\" style='border-radius:0px; '><section class=\"av_textblock_section \"  itemscope=\"itemscope\" itemtype=\"https:\/\/schema.org\/BlogPosting\" itemprop=\"blogPost\" ><div class='avia_textblock  '   itemprop=\"text\" ><p style=\"text-align: justify;\"><em>Comenzaron Aperturas de Ofertas T\u00e9cnicas y Econ\u00f3micas de empresas constructoras por trato directo para ejecutar obras de emergencia, en el marco de cumplimiento de segunda etapa del Plan Excepcional de Conservaci\u00f3n de Caminos.<\/em><\/p>\n<p style=\"text-align: justify;\">El Secretario Regional Ministerial de Obras P\u00fablicas, Patricio Sanhueza Ulloa, inform\u00f3 que ya se encuentran en proceso de adjudicaci\u00f3n tres de ocho contratos de obras de emergencia, generados v\u00eda trato directo con empresas constructoras regionales, en el marco del cumplimiento de la segunda etapa del Plan Excepcional de Conservaci\u00f3n de Caminos.<\/p>\n<p style=\"text-align: justify;\">\u201cHemos realizado la Apertura de las Ofertas T\u00e9cnicas y Econ\u00f3micas de tres contratos. En el primer contrato se presentaron cuatro empresas constructoras para abordar con obras la Ruta 7 Norte, cruce Toqui- Ma\u00f1ihuales \u2013 Viviana. En el segundo contrato ubicado en la Ruta 7 Sur, sector Acceso Capillas de M\u00e1rmol-El Mait\u00e9n-Tranquilo\/Exploradores, se presentaron con ofertas tres empresas y en el tercer contrato que abarcar\u00e1 obras en el sector Chacabuco-Ays\u00e9n-Coyhaique-Frontera-Tejas Verdes se presentaron tres empresas. Ahora vamos a trabajar en el proceso de adjudicaci\u00f3n de cada uno de ellos\u201d, asegur\u00f3 el SEREMI del MOP<\/p>\n<p style=\"text-align: justify;\">\u201cSon buenas noticias, seguimos avanzando. Hemos tenido una buena convocatoria, en donde se han presentado diez \u00a0empresas constructoras con ofertas, as\u00ed que les agradecemos que han cre\u00eddo en nosotros y que est\u00e1n tambi\u00e9n participando en este Plan Excepcional de Conservaci\u00f3n de Caminos y esperamos prontamente poder adjudicar estos contratos y empezar a mover no solamente las operaciones de conservaci\u00f3n invernales, sino tambi\u00e9n apoyar al impulso de la econom\u00eda regional\u201d, agreg\u00f3 Patricio Sanhueza Ulloa.<\/p>\n<p style=\"text-align: justify;\">Cabe se\u00f1alar que, las pr\u00f3ximas aperturas de las Ofertas T\u00e9cnicas y Econ\u00f3micas para completar la licitaci\u00f3n de obras de emergencias incluidas en el Plan Excepcional de Conservaci\u00f3n de Caminos se realizar\u00e1n los d\u00edas 12, 13, 14, 15 y 16 de junio 2023, y son parte integral de un trabajo que el gobierno del presidente Gabriel Boric est\u00e1 realizando en la regi\u00f3n de Ays\u00e9n a trav\u00e9s del Ministerio de Obras P\u00fablicas para mejorar la transitabilidad y conservaci\u00f3n de los caminos en la regi\u00f3n de Ays\u00e9n para el mejoramiento de la calidad de vida de las personas.<\/p>\n<\/div><\/section><\/div><\/p>\n<div  style='height:50px' class='hr hr-invisible   avia-builder-el-6  el_after_av_one_full  el_before_av_social_share '><span class='hr-inner ' ><span class='hr-inner-style'><\/span><\/span><\/div>\n<div  class='av-social-sharing-box  avia-builder-el-7  el_after_av_hr  el_before_av_hr  '><div class='av-share-box'><h5 class='av-share-link-description av-no-toc '>Compartir esta noticia<\/h5><ul class='av-share-box-list noLightbox'><li class='av-share-link av-social-link-facebook' ><a target=\"_blank\" aria-label=\"Compartir en Facebook\" href='https:\/\/www.facebook.com\/sharer.php?u=https:\/\/radiorevelacionfm.cl\/?p=31880&#038;t=En%20proceso%20de%20adjudicaci%C3%B3n%20se%20encuentran%20tres%20contratos%20de%20emergencias%20incluidos%20en%20el%20plan%20excepcional%20de%20conservaci%C3%B3n%20de%20caminos%20y%20esta%20semana%20se%20abren%20nuevas%20ofertas' aria-hidden='false' data-av_icon='\ue8f3' data-av_iconfont='entypo-fontello' title='' data-avia-related-tooltip='Compartir en Facebook' rel=\"noopener\"><span class='avia_hidden_link_text'>Compartir en Facebook<\/span><\/a><\/li><li class='av-share-link av-social-link-twitter' ><a target=\"_blank\" aria-label=\"Compartir en Twitter\" href='https:\/\/twitter.com\/share?text=En%20proceso%20de%20adjudicaci%C3%B3n%20se%20encuentran%20tres%20contratos%20de%20emergencias%20incluidos%20en%20el%20plan%20excepcional%20de%20conservaci%C3%B3n%20de%20caminos%20y%20esta%20semana%20se%20abren%20nuevas%20ofertas&#038;url=https:\/\/radiorevelacionfm.cl\/?p=31880' aria-hidden='false' data-av_icon='\ue8f1' data-av_iconfont='entypo-fontello' title='' data-avia-related-tooltip='Compartir en Twitter' rel=\"noopener\"><span class='avia_hidden_link_text'>Compartir en Twitter<\/span><\/a><\/li><li class='av-share-link av-social-link-whatsapp' ><a target=\"_blank\" aria-label=\"Compartir en Whatsapp\" href='https:\/\/api.whatsapp.com\/send?text=https:\/\/radiorevelacionfm.cl\/?p=31880' aria-hidden='false' data-av_icon='\uf232' data-av_iconfont='entypo-fontello' title='' data-avia-related-tooltip='Compartir en Whatsapp' rel=\"noopener\"><span class='avia_hidden_link_text'>Compartir en Whatsapp<\/span><\/a><\/li><li class='av-share-link av-social-link-linkedin' ><a target=\"_blank\" aria-label=\"Compartir en LinkedIn\" href='https:\/\/linkedin.com\/shareArticle?mini=true&#038;title=En%20proceso%20de%20adjudicaci%C3%B3n%20se%20encuentran%20tres%20contratos%20de%20emergencias%20incluidos%20en%20el%20plan%20excepcional%20de%20conservaci%C3%B3n%20de%20caminos%20y%20esta%20semana%20se%20abren%20nuevas%20ofertas&#038;url=https:\/\/radiorevelacionfm.cl\/?p=31880' aria-hidden='false' data-av_icon='\ue8fc' data-av_iconfont='entypo-fontello' title='' data-avia-related-tooltip='Compartir en LinkedIn' rel=\"noopener\"><span class='avia_hidden_link_text'>Compartir en LinkedIn<\/span><\/a><\/li><li class='av-share-link av-social-link-mail' ><a  aria-label=\"Compartir por correo\" href='mailto:?subject=En%20proceso%20de%20adjudicaci%C3%B3n%20se%20encuentran%20tres%20contratos%20de%20emergencias%20incluidos%20en%20el%20plan%20excepcional%20de%20conservaci%C3%B3n%20de%20caminos%20y%20esta%20semana%20se%20abren%20nuevas%20ofertas&#038;body=https:\/\/radiorevelacionfm.cl\/?p=31880' aria-hidden='false' data-av_icon='\ue805' data-av_iconfont='entypo-fontello' title='' data-avia-related-tooltip='Compartir por correo'><span class='avia_hidden_link_text'>Compartir por correo<\/span><\/a><\/li><\/ul><\/div><\/div>\n<div  style='height:50px' class='hr hr-invisible   avia-builder-el-8  el_after_av_social_share  el_before_av_comments_list '><span class='hr-inner ' ><span class='hr-inner-style'><\/span><\/span><\/div>\n<div  class='av-buildercomment  av-blog-meta-html-info-disabled av-blog-meta-tag-disabled  '><\/div>\n","protected":false},"excerpt":{"rendered":"","protected":false},"author":1,"featured_media":31881,"comment_status":"open","ping_status":"open","sticky":false,"template":"","format":"standard","meta":{"footnotes":""},"categories":[38],"tags":[],"class_list":["post-31880","post","type-post","status-publish","format-standard","has-post-thumbnail","hentry","category-regional"],"jetpack_featured_media_url":"https:\/\/radiorevelacionfm.cl\/wp-content\/uploads\/2023\/06\/tres-6-1-1.jpg","_links":{"self":[{"href":"https:\/\/radiorevelacionfm.cl\/index.php?rest_route=\/wp\/v2\/posts\/31880","targetHints":{"allow":["GET"]}}],"collection":[{"href":"https:\/\/radiorevelacionfm.cl\/index.php?rest_route=\/wp\/v2\/posts"}],"about":[{"href":"https:\/\/radiorevelacionfm.cl\/index.php?rest_route=\/wp\/v2\/types\/post"}],"author":[{"embeddable":true,"href":"https:\/\/radiorevelacionfm.cl\/index.php?rest_route=\/wp\/v2\/users\/1"}],"replies":[{"embeddable":true,"href":"https:\/\/radiorevelacionfm.cl\/index.php?rest_route=%2Fwp%2Fv2%2Fcomments&post=31880"}],"version-history":[{"count":2,"href":"https:\/\/radiorevelacionfm.cl\/index.php?rest_route=\/wp\/v2\/posts\/31880\/revisions"}],"predecessor-version":[{"id":31889,"href":"https:\/\/radiorevelacionfm.cl\/index.php?rest_route=\/wp\/v2\/posts\/31880\/revisions\/31889"}],"wp:featuredmedia":[{"embeddable":true,"href":"https:\/\/radiorevelacionfm.cl\/index.php?rest_route=\/wp\/v2\/media\/31881"}],"wp:attachment":[{"href":"https:\/\/radiorevelacionfm.cl\/index.php?rest_route=%2Fwp%2Fv2%2Fmedia&parent=31880"}],"wp:term":[{"taxonomy":"category","embeddable":true,"href":"https:\/\/radiorevelacionfm.cl\/index.php?rest_route=%2Fwp%2Fv2%2Fcategories&post=31880"},{"taxonomy":"post_tag","embeddable":true,"href":"https:\/\/radiorevelacionfm.cl\/index.php?rest_route=%2Fwp%2Fv2%2Ftags&post=31880"}],"curies":[{"name":"wp","href":"https:\/\/api.w.org\/{rel}","templated":true}]}}