{"id":31877,"date":"2023-06-11T16:07:47","date_gmt":"2023-06-11T19:07:47","guid":{"rendered":"https:\/\/radiorevelacionfm.cl\/?p=31877"},"modified":"2023-06-11T16:07:47","modified_gmt":"2023-06-11T19:07:47","slug":"puerto-aysen-pdi-detiene-a-tres-personas-por-microtrafico-en-dos-procedimientos-antidrogas","status":"publish","type":"post","link":"https:\/\/radiorevelacionfm.cl\/?p=31877","title":{"rendered":"Puerto Ays\u00e9n: PDI detiene a tres personas por microtr\u00e1fico en dos procedimientos antidrogas"},"content":{"rendered":"<div class=\"flex_column av_one_full  flex_column_div av-zero-column-padding first  avia-builder-el-0  el_before_av_one_full  avia-builder-el-first  \" style='border-radius:0px; '><div  class='avia-image-container  av-styling-    avia-builder-el-1  avia-builder-el-no-sibling  avia-align-center '  itemprop=\"image\" itemscope=\"itemscope\" itemtype=\"https:\/\/schema.org\/ImageObject\"  ><div class='avia-image-container-inner'><div class='avia-image-overlay-wrap'><img decoding=\"async\" class='wp-image-31878 avia-img-lazy-loading-not-31878 avia_image' src=\"https:\/\/radiorevelacionfm.cl\/wp-content\/uploads\/2023\/06\/Evidencia-MT0-aysen-junio-2023-002-1-1.jpeg\" alt='' title='Evidencia MT0 ays\u00e9n junio 2023 002 (1) (1)' height=\"600\" width=\"800\"  itemprop=\"thumbnailUrl\" srcset=\"https:\/\/radiorevelacionfm.cl\/wp-content\/uploads\/2023\/06\/Evidencia-MT0-aysen-junio-2023-002-1-1.jpeg 800w, https:\/\/radiorevelacionfm.cl\/wp-content\/uploads\/2023\/06\/Evidencia-MT0-aysen-junio-2023-002-1-1-300x225.jpeg 300w, https:\/\/radiorevelacionfm.cl\/wp-content\/uploads\/2023\/06\/Evidencia-MT0-aysen-junio-2023-002-1-1-768x576.jpeg 768w, https:\/\/radiorevelacionfm.cl\/wp-content\/uploads\/2023\/06\/Evidencia-MT0-aysen-junio-2023-002-1-1-705x529.jpeg 705w, https:\/\/radiorevelacionfm.cl\/wp-content\/uploads\/2023\/06\/Evidencia-MT0-aysen-junio-2023-002-1-1-450x338.jpeg 450w, https:\/\/radiorevelacionfm.cl\/wp-content\/uploads\/2023\/06\/Evidencia-MT0-aysen-junio-2023-002-1-1-600x450.jpeg 600w\" sizes=\"(max-width: 800px) 100vw, 800px\" \/><\/div><\/div><\/div><\/div><div class=\"flex_column av_one_full  flex_column_div av-zero-column-padding first  avia-builder-el-2  el_after_av_one_full  el_before_av_one_full  column-top-margin\" style='border-radius:0px; '><section class=\"av_textblock_section \"  itemscope=\"itemscope\" itemtype=\"https:\/\/schema.org\/BlogPosting\" itemprop=\"blogPost\" ><div class='avia_textblock  '   itemprop=\"text\" ><p style=\"text-align: center;\"><span style=\"font-size: 18pt;\"><strong>Puerto Ays\u00e9n: PDI detiene a tres personas por microtr\u00e1fico en dos procedimientos antidrogas<\/strong><\/span><\/p>\n<div id=\"gtx-trans\" style=\"position: absolute; left: -50px; top: 4.31534px;\">\n<div class=\"gtx-trans-icon\"><\/div>\n<\/div>\n<\/div><\/section><\/div><div class=\"flex_column av_one_full  flex_column_div av-zero-column-padding first  avia-builder-el-4  el_after_av_one_full  el_before_av_hr  column-top-margin\" style='border-radius:0px; '><section class=\"av_textblock_section \"  itemscope=\"itemscope\" itemtype=\"https:\/\/schema.org\/BlogPosting\" itemprop=\"blogPost\" ><div class='avia_textblock  '   itemprop=\"text\" ><p style=\"text-align: justify;\">Durante la semana reci\u00e9n pasada, detectives de la agrupaci\u00f3n Microtr\u00e1fico Cero de la Brigada de Investigaci\u00f3n Criminal (BICRIM) Ays\u00e9n de la Polic\u00eda de Investigaciones de Chile, en un trabajo coordinado con el Ministerio P\u00fablico, desarrollaron dos procedimientos en la ciudad de Puerto Ays\u00e9n, logrando la detenci\u00f3n de tres personas por infracci\u00f3n a la Ley 20.000.<\/p>\n<p style=\"text-align: justify;\">En relaci\u00f3n al primer hecho, el jefe de la BICRIM Ays\u00e9n, subprefecto Patricio Barrios, se\u00f1al\u00f3 que \u201cel primero de los procedimientos corresponde a la detenci\u00f3n de un hombre mayor de edad, quien se dedicaba a la venta de droga a trav\u00e9s de la modalidad delivery en el centro de la comuna, coordinando la venta a trav\u00e9s de distintas plataformas de redes sociales\u201d, agregando que, en base a los medios de prueba, \u201cse obtuvo la orden de entrada y registro a su inmueble donde fue detenido, logrando incautar especies il\u00edcitas producto de la investigaci\u00f3n\u201d.<\/p>\n<p style=\"text-align: justify;\">Por otro lado, durante una segunda diligencia del equipo Microtr\u00e1fico Cero de Ays\u00e9n se logr\u00f3 la detenci\u00f3n de un hombre de nacionalidad extranjera de 29 a\u00f1os, con antecedentes policiales por distintos delitos, y una mujer chilena de 28 a\u00f1os.<\/p>\n<p style=\"text-align: justify;\">Conforme al trabajo de an\u00e1lisis criminal y diversas t\u00e9cnicas investigativas utilizadas, \u201cse detect\u00f3 un paquete contenedor de coca\u00edna base que ingres\u00f3 a trav\u00e9s de una empresa de encomiendas, proveniente desde Santiago, sustancia que no se incautaba en la zona desde hace un tiempo a la fecha, motivo por el cual esta persona fue detenida, correspondiendo a un extranjero que se encuentra en situaci\u00f3n irregular en el pa\u00eds\u201d, coment\u00f3 el oficial policial, especificando que esta droga iba a ser utilizada para su abultamiento con otras sustancias para su comercializaci\u00f3n.<\/p>\n<p style=\"text-align: justify;\">De acuerdo a lo informado por la PDI, entre ambas diligencias MT-0 se incaut\u00f3 un total de 62 dosis de coca\u00edna base, alrededor de 10 dosis de clorhidrato de coca\u00edna, 354 dosis de cannabis y 33 comprimidos de fentermina clorhidrato, sustancias avaluadas en casi dos millones de pesos. Adem\u00e1s, se incautaron elementos para la dosificaci\u00f3n, comercializaci\u00f3n y m\u00e1s de un mill\u00f3n y medio de dinero en efectivo, producto de la venta de sustancias en peque\u00f1as cantidades.<\/p>\n<p style=\"text-align: justify;\">Sobre estas diligencias, el jefe de la BICRIM Ays\u00e9n indic\u00f3 que \u201cambos procedimientos son de suma importancia, ya que corresponden a puntos de l\u00ednea base cercanos a establecimientos educacionales, logrando desarticular estos puntos de venta de droga al menudeo en la comuna de Ays\u00e9n\u201d.<\/p>\n<p style=\"text-align: justify;\">Por instrucci\u00f3n de Fiscal\u00eda, la mujer qued\u00f3 apercibida, mientras que los dos detenidos fueron puestos a disposici\u00f3n del Juzgado de Garant\u00eda de Puerto Ays\u00e9n para su respectivo control de detenci\u00f3n y formalizaci\u00f3n.<\/p>\n<p style=\"text-align: justify;\">Sobre el primer caso, la fiscal Mar\u00eda In\u00e9s N\u00fa\u00f1ez puntualiz\u00f3 que se efectu\u00f3 una entrada y registro al domicilio del imputado, autorizada judicialmente, donde se encontraron elementos tanto para el consumo como para la dosificaci\u00f3n de drogas, incluyendo bolsas y pesas. Tras la audiencia de formalizaci\u00f3n, se fij\u00f3 un plazo de 60 d\u00edas para el t\u00e9rmino de las diligencias. El imputado qued\u00f3 con arraigo nacional, mientras se desarrolla la investigaci\u00f3n, es decir que no puede salir de Chile.<\/p>\n<p style=\"text-align: justify;\">Respecto del segundo caso, la persecutora penal coment\u00f3 que se logr\u00f3 determinar un imputado que estaba trasladando droga desde Santiago. Mar\u00eda In\u00e9s N\u00fa\u00f1ez a\u00f1adi\u00f3 que \u201cmediante t\u00e9cnicas investigativas de la ley 20.000, se logr\u00f3 establecer su identidad\u201d, tras lo cual fue detenida. \u201cSe efectu\u00f3 una entrada y registro donde tambi\u00e9n se encontraron elementos, tanto droga como elementos para el tr\u00e1fico y fue formalizada la investigaci\u00f3n en el Juzgado de Garant\u00eda\u201d, dijo.<\/p>\n<p style=\"text-align: justify;\">En este caso, tambi\u00e9n se formaliz\u00f3 por tr\u00e1fico de drogas en peque\u00f1as cantidades y se solicit\u00f3 un plazo de investigaci\u00f3n de 90 d\u00edas, fij\u00e1ndose la medida cautelar de arraigo nacional mientras dure la investigaci\u00f3n.<\/p>\n<\/div><\/section><\/div><div  style='height:50px' class='hr hr-invisible   avia-builder-el-6  el_after_av_one_full  el_before_av_social_share '><span class='hr-inner ' ><span class='hr-inner-style'><\/span><\/span><\/div><\/p>\n<div  class='av-social-sharing-box  avia-builder-el-7  el_after_av_hr  el_before_av_hr  '><div class='av-share-box'><h5 class='av-share-link-description av-no-toc '>Compartir esta noticia<\/h5><ul class='av-share-box-list noLightbox'><li class='av-share-link av-social-link-facebook' ><a target=\"_blank\" aria-label=\"Compartir en Facebook\" href='https:\/\/www.facebook.com\/sharer.php?u=https:\/\/radiorevelacionfm.cl\/?p=31877&#038;t=Puerto%20Ays%C3%A9n%3A%20PDI%20detiene%20a%20tres%20personas%20por%20microtr%C3%A1fico%20en%20dos%20procedimientos%20antidrogas' aria-hidden='false' data-av_icon='\ue8f3' data-av_iconfont='entypo-fontello' title='' data-avia-related-tooltip='Compartir en Facebook' rel=\"noopener\"><span class='avia_hidden_link_text'>Compartir en Facebook<\/span><\/a><\/li><li class='av-share-link av-social-link-twitter' ><a target=\"_blank\" aria-label=\"Compartir en Twitter\" href='https:\/\/twitter.com\/share?text=Puerto%20Ays%C3%A9n%3A%20PDI%20detiene%20a%20tres%20personas%20por%20microtr%C3%A1fico%20en%20dos%20procedimientos%20antidrogas&#038;url=https:\/\/radiorevelacionfm.cl\/?p=31877' aria-hidden='false' data-av_icon='\ue8f1' data-av_iconfont='entypo-fontello' title='' data-avia-related-tooltip='Compartir en Twitter' rel=\"noopener\"><span class='avia_hidden_link_text'>Compartir en Twitter<\/span><\/a><\/li><li class='av-share-link av-social-link-whatsapp' ><a target=\"_blank\" aria-label=\"Compartir en Whatsapp\" href='https:\/\/api.whatsapp.com\/send?text=https:\/\/radiorevelacionfm.cl\/?p=31877' aria-hidden='false' data-av_icon='\uf232' data-av_iconfont='entypo-fontello' title='' data-avia-related-tooltip='Compartir en Whatsapp' rel=\"noopener\"><span class='avia_hidden_link_text'>Compartir en Whatsapp<\/span><\/a><\/li><li class='av-share-link av-social-link-linkedin' ><a target=\"_blank\" aria-label=\"Compartir en LinkedIn\" href='https:\/\/linkedin.com\/shareArticle?mini=true&#038;title=Puerto%20Ays%C3%A9n%3A%20PDI%20detiene%20a%20tres%20personas%20por%20microtr%C3%A1fico%20en%20dos%20procedimientos%20antidrogas&#038;url=https:\/\/radiorevelacionfm.cl\/?p=31877' aria-hidden='false' data-av_icon='\ue8fc' data-av_iconfont='entypo-fontello' title='' data-avia-related-tooltip='Compartir en LinkedIn' rel=\"noopener\"><span class='avia_hidden_link_text'>Compartir en LinkedIn<\/span><\/a><\/li><li class='av-share-link av-social-link-mail' ><a  aria-label=\"Compartir por correo\" href='mailto:?subject=Puerto%20Ays%C3%A9n%3A%20PDI%20detiene%20a%20tres%20personas%20por%20microtr%C3%A1fico%20en%20dos%20procedimientos%20antidrogas&#038;body=https:\/\/radiorevelacionfm.cl\/?p=31877' aria-hidden='false' data-av_icon='\ue805' data-av_iconfont='entypo-fontello' title='' data-avia-related-tooltip='Compartir por correo'><span class='avia_hidden_link_text'>Compartir por correo<\/span><\/a><\/li><\/ul><\/div><\/div>\n<div  style='height:50px' class='hr hr-invisible   avia-builder-el-8  el_after_av_social_share  el_before_av_comments_list '><span class='hr-inner ' ><span class='hr-inner-style'><\/span><\/span><\/div>\n<div  class='av-buildercomment  av-blog-meta-html-info-disabled av-blog-meta-tag-disabled  '><\/div>\n","protected":false},"excerpt":{"rendered":"","protected":false},"author":1,"featured_media":31878,"comment_status":"open","ping_status":"open","sticky":false,"template":"","format":"standard","meta":{"footnotes":""},"categories":[36],"tags":[],"class_list":["post-31877","post","type-post","status-publish","format-standard","has-post-thumbnail","hentry","category-policial"],"jetpack_featured_media_url":"https:\/\/radiorevelacionfm.cl\/wp-content\/uploads\/2023\/06\/Evidencia-MT0-aysen-junio-2023-002-1-1.jpeg","_links":{"self":[{"href":"https:\/\/radiorevelacionfm.cl\/index.php?rest_route=\/wp\/v2\/posts\/31877","targetHints":{"allow":["GET"]}}],"collection":[{"href":"https:\/\/radiorevelacionfm.cl\/index.php?rest_route=\/wp\/v2\/posts"}],"about":[{"href":"https:\/\/radiorevelacionfm.cl\/index.php?rest_route=\/wp\/v2\/types\/post"}],"author":[{"embeddable":true,"href":"https:\/\/radiorevelacionfm.cl\/index.php?rest_route=\/wp\/v2\/users\/1"}],"replies":[{"embeddable":true,"href":"https:\/\/radiorevelacionfm.cl\/index.php?rest_route=%2Fwp%2Fv2%2Fcomments&post=31877"}],"version-history":[{"count":1,"href":"https:\/\/radiorevelacionfm.cl\/index.php?rest_route=\/wp\/v2\/posts\/31877\/revisions"}],"predecessor-version":[{"id":31879,"href":"https:\/\/radiorevelacionfm.cl\/index.php?rest_route=\/wp\/v2\/posts\/31877\/revisions\/31879"}],"wp:featuredmedia":[{"embeddable":true,"href":"https:\/\/radiorevelacionfm.cl\/index.php?rest_route=\/wp\/v2\/media\/31878"}],"wp:attachment":[{"href":"https:\/\/radiorevelacionfm.cl\/index.php?rest_route=%2Fwp%2Fv2%2Fmedia&parent=31877"}],"wp:term":[{"taxonomy":"category","embeddable":true,"href":"https:\/\/radiorevelacionfm.cl\/index.php?rest_route=%2Fwp%2Fv2%2Fcategories&post=31877"},{"taxonomy":"post_tag","embeddable":true,"href":"https:\/\/radiorevelacionfm.cl\/index.php?rest_route=%2Fwp%2Fv2%2Ftags&post=31877"}],"curies":[{"name":"wp","href":"https:\/\/api.w.org\/{rel}","templated":true}]}}