{"id":31874,"date":"2023-06-11T15:57:37","date_gmt":"2023-06-11T18:57:37","guid":{"rendered":"https:\/\/radiorevelacionfm.cl\/?p=31874"},"modified":"2023-06-11T15:57:37","modified_gmt":"2023-06-11T18:57:37","slug":"comite-campesino-panguilemu-exhibe-favorable-balance-de-ultima-temporada-productiva","status":"publish","type":"post","link":"https:\/\/radiorevelacionfm.cl\/?p=31874","title":{"rendered":"Comit\u00e9 Campesino Panguilemu exhibe favorable balance de \u00faltima temporada productiva"},"content":{"rendered":"<div class=\"flex_column av_one_full  flex_column_div av-zero-column-padding first  avia-builder-el-0  el_before_av_one_full  avia-builder-el-first  \" style='border-radius:0px; '><div  class='avia-image-container  av-styling-    avia-builder-el-1  avia-builder-el-no-sibling  avia-align-center '  itemprop=\"image\" itemscope=\"itemscope\" itemtype=\"https:\/\/schema.org\/ImageObject\"  ><div class='avia-image-container-inner'><div class='avia-image-overlay-wrap'><img decoding=\"async\" class='wp-image-31875 avia-img-lazy-loading-not-31875 avia_image' src=\"https:\/\/radiorevelacionfm.cl\/wp-content\/uploads\/2023\/06\/img_20230603_142725-1_optimized.jpg\" alt='' title='img_20230603_142725-(1)_optimized' height=\"600\" width=\"1100\"  itemprop=\"thumbnailUrl\" srcset=\"https:\/\/radiorevelacionfm.cl\/wp-content\/uploads\/2023\/06\/img_20230603_142725-1_optimized.jpg 1100w, https:\/\/radiorevelacionfm.cl\/wp-content\/uploads\/2023\/06\/img_20230603_142725-1_optimized-300x164.jpg 300w, https:\/\/radiorevelacionfm.cl\/wp-content\/uploads\/2023\/06\/img_20230603_142725-1_optimized-1030x562.jpg 1030w, https:\/\/radiorevelacionfm.cl\/wp-content\/uploads\/2023\/06\/img_20230603_142725-1_optimized-768x419.jpg 768w, https:\/\/radiorevelacionfm.cl\/wp-content\/uploads\/2023\/06\/img_20230603_142725-1_optimized-705x385.jpg 705w, https:\/\/radiorevelacionfm.cl\/wp-content\/uploads\/2023\/06\/img_20230603_142725-1_optimized-450x245.jpg 450w, https:\/\/radiorevelacionfm.cl\/wp-content\/uploads\/2023\/06\/img_20230603_142725-1_optimized-600x327.jpg 600w\" sizes=\"(max-width: 1100px) 100vw, 1100px\" \/><\/div><\/div><\/div><\/div><div class=\"flex_column av_one_full  flex_column_div av-zero-column-padding first  avia-builder-el-2  el_after_av_one_full  el_before_av_one_full  column-top-margin\" style='border-radius:0px; '><section class=\"av_textblock_section \"  itemscope=\"itemscope\" itemtype=\"https:\/\/schema.org\/BlogPosting\" itemprop=\"blogPost\" ><div class='avia_textblock  '   itemprop=\"text\" ><p style=\"text-align: center;\"><strong><span style=\"font-size: 18pt;\">Comit\u00e9 Campesino Panguilemu exhibe favorable balance de \u00faltima temporada productiva<\/span><\/strong><\/p>\n<div id=\"gtx-trans\" style=\"position: absolute; left: -50px; top: 4.31534px;\">\n<div class=\"gtx-trans-icon\"><\/div>\n<\/div>\n<\/div><\/section><\/div><div class=\"flex_column av_one_full  flex_column_div av-zero-column-padding first  avia-builder-el-4  el_after_av_one_full  el_before_av_hr  column-top-margin\" style='border-radius:0px; '><section class=\"av_textblock_section \"  itemscope=\"itemscope\" itemtype=\"https:\/\/schema.org\/BlogPosting\" itemprop=\"blogPost\" ><div class='avia_textblock  '   itemprop=\"text\" ><p style=\"font-weight: 400; text-align: justify;\">Un balance favorable de la actividad productiva 2022-2023 realiz\u00f3 el Comit\u00e9 Campesino Panguilemu, en cuenta p\u00fablica de gesti\u00f3n, dirigida a socias, socios y autoridades encabezadas por el Delegado Presidencial Regional de Ays\u00e9n, Rodrigo Araya, junto al equipo del ministerio de Agricultura, a trav\u00e9s de INDAP.<\/p>\n<p style=\"font-weight: 400; text-align: justify;\">El balance fue dirigido por el presidente del Comit\u00e9, Emilio Bahamondes Oses, acompa\u00f1ado por el secretario Alfredo D\u00edaz y tesorero Wilfredo Mart\u00ednez, donde destaca una cosecha de sobre 12 mil fardos, cancelaci\u00f3n de todos los compromisos financieros y saldo positivo en caja para la pr\u00f3xima temporada.<\/p>\n<p style=\"font-weight: 400; text-align: justify;\">\u201cEl objetivo de esta reuni\u00f3n era rendir cuentas a nuestros socios de toda la actividad durante el per\u00edodo 2022-2023. El a\u00f1o de la pandemia nunca dejamos de trabajar y el Ministerio de Agricultura siempre ha colaborado y nos ha beneficiado con los proyectos. Ahora estamos pensando en postular para un rotovator, a trav\u00e9s de un proyecto de INDAP, para hacer nuestro trabajo m\u00e1s eficiente\u201d, expres\u00f3 el dirigente Emilio Bahamondes.<\/p>\n<p style=\"font-weight: 400; text-align: justify;\">El Delegado Rodrigo Araya valor\u00f3 el trabajo asociativo para superar la crisis h\u00eddrica, la crisis invernal y de alimentaci\u00f3n del ganado. Adem\u00e1s, destac\u00f3 el trabajo intersectorial que encabeza el seremi de Agricultura para abordar temas que inciden en la actividad productiva rural, en especial, de la agricultura familiar campesina.<\/p>\n<p style=\"font-weight: 400; text-align: justify;\">\u201cLa capacidad organizativa les ha permitido tener n\u00fameros azules, con un buen desempe\u00f1o de las maquinarias con socios y no socios del sector. La cantidad de servicios que prestan y de fardos que pudieron producir durante el a\u00f1o pasado es notable, y les permite mirar con alegr\u00eda lo que viene, porque terminaron de pagar un cr\u00e9dito de INDAP del Ministerio de Agricultura, lo que les permite pensar en c\u00f3mo avanzar para perfeccionarse\u201d, recalc\u00f3.<\/p>\n<p style=\"font-weight: 400; text-align: justify;\">\u201cHablamos -a\u00f1adi\u00f3- de c\u00f3mo seguir trabajando para que no se sigan vendiendo los campos y que se siga produciendo; hablamos del problema de los perros, que significan p\u00e9rdida de animales, donde es importante el Seguro Ganadero. Tenemos el desaf\u00edo con el municipio y con el ministerio de Agricultura de generar estrategias para que este problema no siga creciendo, as\u00ed es que tenemos tareas con el tremendo trabajo que el ministerio de Agricultura est\u00e1 realizando\u201d.<\/p>\n<p style=\"font-weight: 400; text-align: justify;\">El jefe de Operaciones de INDAP, Sergio Sanhueza, acompa\u00f1ado por la jefa de \u00e1rea Coyhaique, Carmen Gloria S\u00e1ez, coincidieron en la importancia del trabajo asociativo para el desarrollo productivo de la agricultura familiar campesina.<\/p>\n<p style=\"font-weight: 400; text-align: justify;\">\u201cMuy contentos nosotros como instituci\u00f3n, como INDAP, de acompa\u00f1ar al Comit\u00e9 Campesino Panguilemu en el d\u00eda en que ellos entregan su cuenta p\u00fablica, cuando muestran a sus socios, a nosotros como INDAP, qu\u00e9 es lo que est\u00e1n haciendo, c\u00f3mo han trabajado con sus m\u00e1quinas, qu\u00e9 nivel de producci\u00f3n han alcanzado de fardos de pasto y horas de tractor. Para nosotros es muy gratificante ver c\u00f3mo esta organizaci\u00f3n va avanzando en sus metas y desaf\u00edos como comunidad campesina\u201d, concluy\u00f3.<\/p>\n<p style=\"font-weight: 400; text-align: justify;\">Creado el a\u00f1o 1998 con la finalidad de conseguir electrificaci\u00f3n en el sector, el Comit\u00e9 Campesino Panguilemu cuenta con m\u00e1s de 20 integrantes. El a\u00f1o 2008 accedieron al comodato de maquinaria agr\u00edcola a trav\u00e9s del Gobierno Regional, con un tractor, rastra, rodillo, coloso, segadora, rastrillo, enfardadora y tolva abonadora, que les permite prestar servicios de preparaci\u00f3n de suelos y conservaci\u00f3n de forraje a socios y vecinos de los sectores Panguilemu y El Claro principalmente.<\/p>\n<p style=\"font-weight: 400; text-align: justify;\">Cuentan con un terreno en el que construyeron un galp\u00f3n de maquinaria cofinanciado por INDAP y una caseta para cuidador, destacando la permanencia de socios fundadores, un ambiente de unidad y compromiso de trabajo colectivo, que les permite generar un impacto social y productivo en la comunidad.<\/p>\n<\/div><\/section><\/div><div  style='height:50px' class='hr hr-invisible   avia-builder-el-6  el_after_av_one_full  el_before_av_social_share '><span class='hr-inner ' ><span class='hr-inner-style'><\/span><\/span><\/div><\/p>\n<div  class='av-social-sharing-box  avia-builder-el-7  el_after_av_hr  el_before_av_hr  '><div class='av-share-box'><h5 class='av-share-link-description av-no-toc '>Compartir esta noticia<\/h5><ul class='av-share-box-list noLightbox'><li class='av-share-link av-social-link-facebook' ><a target=\"_blank\" aria-label=\"Compartir en Facebook\" href='https:\/\/www.facebook.com\/sharer.php?u=https:\/\/radiorevelacionfm.cl\/?p=31874&#038;t=Comit%C3%A9%20Campesino%20Panguilemu%20exhibe%20favorable%20balance%20de%20%C3%BAltima%20temporada%20productiva' aria-hidden='false' data-av_icon='\ue8f3' data-av_iconfont='entypo-fontello' title='' data-avia-related-tooltip='Compartir en Facebook' rel=\"noopener\"><span class='avia_hidden_link_text'>Compartir en Facebook<\/span><\/a><\/li><li class='av-share-link av-social-link-twitter' ><a target=\"_blank\" aria-label=\"Compartir en Twitter\" href='https:\/\/twitter.com\/share?text=Comit%C3%A9%20Campesino%20Panguilemu%20exhibe%20favorable%20balance%20de%20%C3%BAltima%20temporada%20productiva&#038;url=https:\/\/radiorevelacionfm.cl\/?p=31874' aria-hidden='false' data-av_icon='\ue8f1' data-av_iconfont='entypo-fontello' title='' data-avia-related-tooltip='Compartir en Twitter' rel=\"noopener\"><span class='avia_hidden_link_text'>Compartir en Twitter<\/span><\/a><\/li><li class='av-share-link av-social-link-whatsapp' ><a target=\"_blank\" aria-label=\"Compartir en Whatsapp\" href='https:\/\/api.whatsapp.com\/send?text=https:\/\/radiorevelacionfm.cl\/?p=31874' aria-hidden='false' data-av_icon='\uf232' data-av_iconfont='entypo-fontello' title='' data-avia-related-tooltip='Compartir en Whatsapp' rel=\"noopener\"><span class='avia_hidden_link_text'>Compartir en Whatsapp<\/span><\/a><\/li><li class='av-share-link av-social-link-linkedin' ><a target=\"_blank\" aria-label=\"Compartir en LinkedIn\" href='https:\/\/linkedin.com\/shareArticle?mini=true&#038;title=Comit%C3%A9%20Campesino%20Panguilemu%20exhibe%20favorable%20balance%20de%20%C3%BAltima%20temporada%20productiva&#038;url=https:\/\/radiorevelacionfm.cl\/?p=31874' aria-hidden='false' data-av_icon='\ue8fc' data-av_iconfont='entypo-fontello' title='' data-avia-related-tooltip='Compartir en LinkedIn' rel=\"noopener\"><span class='avia_hidden_link_text'>Compartir en LinkedIn<\/span><\/a><\/li><li class='av-share-link av-social-link-mail' ><a  aria-label=\"Compartir por correo\" href='mailto:?subject=Comit%C3%A9%20Campesino%20Panguilemu%20exhibe%20favorable%20balance%20de%20%C3%BAltima%20temporada%20productiva&#038;body=https:\/\/radiorevelacionfm.cl\/?p=31874' aria-hidden='false' data-av_icon='\ue805' data-av_iconfont='entypo-fontello' title='' data-avia-related-tooltip='Compartir por correo'><span class='avia_hidden_link_text'>Compartir por correo<\/span><\/a><\/li><\/ul><\/div><\/div>\n<div  style='height:50px' class='hr hr-invisible   avia-builder-el-8  el_after_av_social_share  el_before_av_comments_list '><span class='hr-inner ' ><span class='hr-inner-style'><\/span><\/span><\/div>\n<div  class='av-buildercomment  av-blog-meta-html-info-disabled av-blog-meta-tag-disabled  '><\/div>\n","protected":false},"excerpt":{"rendered":"","protected":false},"author":1,"featured_media":31875,"comment_status":"open","ping_status":"open","sticky":false,"template":"","format":"standard","meta":{"footnotes":""},"categories":[38],"tags":[],"class_list":["post-31874","post","type-post","status-publish","format-standard","has-post-thumbnail","hentry","category-regional"],"jetpack_featured_media_url":"https:\/\/radiorevelacionfm.cl\/wp-content\/uploads\/2023\/06\/img_20230603_142725-1_optimized.jpg","_links":{"self":[{"href":"https:\/\/radiorevelacionfm.cl\/index.php?rest_route=\/wp\/v2\/posts\/31874","targetHints":{"allow":["GET"]}}],"collection":[{"href":"https:\/\/radiorevelacionfm.cl\/index.php?rest_route=\/wp\/v2\/posts"}],"about":[{"href":"https:\/\/radiorevelacionfm.cl\/index.php?rest_route=\/wp\/v2\/types\/post"}],"author":[{"embeddable":true,"href":"https:\/\/radiorevelacionfm.cl\/index.php?rest_route=\/wp\/v2\/users\/1"}],"replies":[{"embeddable":true,"href":"https:\/\/radiorevelacionfm.cl\/index.php?rest_route=%2Fwp%2Fv2%2Fcomments&post=31874"}],"version-history":[{"count":1,"href":"https:\/\/radiorevelacionfm.cl\/index.php?rest_route=\/wp\/v2\/posts\/31874\/revisions"}],"predecessor-version":[{"id":31876,"href":"https:\/\/radiorevelacionfm.cl\/index.php?rest_route=\/wp\/v2\/posts\/31874\/revisions\/31876"}],"wp:featuredmedia":[{"embeddable":true,"href":"https:\/\/radiorevelacionfm.cl\/index.php?rest_route=\/wp\/v2\/media\/31875"}],"wp:attachment":[{"href":"https:\/\/radiorevelacionfm.cl\/index.php?rest_route=%2Fwp%2Fv2%2Fmedia&parent=31874"}],"wp:term":[{"taxonomy":"category","embeddable":true,"href":"https:\/\/radiorevelacionfm.cl\/index.php?rest_route=%2Fwp%2Fv2%2Fcategories&post=31874"},{"taxonomy":"post_tag","embeddable":true,"href":"https:\/\/radiorevelacionfm.cl\/index.php?rest_route=%2Fwp%2Fv2%2Ftags&post=31874"}],"curies":[{"name":"wp","href":"https:\/\/api.w.org\/{rel}","templated":true}]}}