{"id":3185,"date":"2021-04-15T23:47:10","date_gmt":"2021-04-16T02:47:10","guid":{"rendered":"https:\/\/radiorevelacionfm.cl\/?p=3185"},"modified":"2021-04-15T23:47:10","modified_gmt":"2021-04-16T02:47:10","slug":"sandoval-solicita-sesion-especial-de-la-comision-de-pesca-para-analizar-impacto-del-florecimiento-de-algas-nocivas-en-aysen-y-los-lagos","status":"publish","type":"post","link":"https:\/\/radiorevelacionfm.cl\/?p=3185","title":{"rendered":"Sandoval solicita sesi\u00f3n especial de la comisi\u00f3n de Pesca para analizar impacto del Florecimiento de Algas Nocivas en Ays\u00e9n y Los Lagos"},"content":{"rendered":"<div class=\"flex_column av_one_full  flex_column_div av-zero-column-padding first  avia-builder-el-0  el_before_av_one_full  avia-builder-el-first  \" style='border-radius:0px; '><div  class='avia-image-container  av-styling-    avia-builder-el-1  avia-builder-el-no-sibling  avia-align-center '  itemprop=\"image\" itemscope=\"itemscope\" itemtype=\"https:\/\/schema.org\/ImageObject\"  ><div class='avia-image-container-inner'><div class='avia-image-overlay-wrap'><img decoding=\"async\" class='wp-image-0 avia-img-lazy-loading-not-0 avia_image' src=\"https:\/\/radiorevelacionfm.cl\/wp-content\/uploads\/2021\/04\/Fiordo-Comau-1.jpg\" alt='' title=''   itemprop=\"thumbnailUrl\"  \/><\/div><\/div><\/div><\/div>\n<div class=\"flex_column av_one_full  flex_column_div av-zero-column-padding first  avia-builder-el-2  el_after_av_one_full  el_before_av_one_full  column-top-margin\" style='border-radius:0px; '><section class=\"av_textblock_section \"  itemscope=\"itemscope\" itemtype=\"https:\/\/schema.org\/BlogPosting\" itemprop=\"blogPost\" ><div class='avia_textblock  '   itemprop=\"text\" ><p style=\"text-align: center;\"><span style=\"font-size: 18pt;\"><strong>Sandoval solicita sesi\u00f3n especial de la comisi\u00f3n de Pesca para analizar impacto del Florecimiento de Algas Nocivas en Ays\u00e9n y Los Lagos<\/strong><\/span><\/p>\n<div id=\"gtx-trans\" style=\"position: absolute; left: -50px; top: 4.31534px;\">\n<div class=\"gtx-trans-icon\"><\/div>\n<\/div>\n<\/div><\/section><\/div><div class=\"flex_column av_one_full  flex_column_div av-zero-column-padding first  avia-builder-el-4  el_after_av_one_full  el_before_av_hr  column-top-margin\" style='border-radius:0px; '><section class=\"av_textblock_section \"  itemscope=\"itemscope\" itemtype=\"https:\/\/schema.org\/BlogPosting\" itemprop=\"blogPost\" ><div class='avia_textblock  '   itemprop=\"text\" ><p style=\"text-align: justify;\">El senador David Sandoval solicit\u00f3 a la comisi\u00f3n de Intereses Mar\u00edtimos y Pesca de la C\u00e1mara Alta, una sesi\u00f3n especial para analizar el impacto que ha tenido el Florecimiento de Algas Nocivas en las regiones de Ays\u00e9n y Los Lagos, la cual qued\u00f3 fijada para el pr\u00f3ximo lunes.<\/p>\n<p style=\"text-align: justify;\">Hasta el mi\u00e9rcoles 14 de abril, seg\u00fan informaci\u00f3n de Sernapesca, la cantidad de salmones muertos representan un 3,7% del total de la biomasa activa en las \u00e1reas afectadas, contabiliz\u00e1ndose, hasta ayer, alrededor de 5476 toneladas.<\/p>\n<p style=\"text-align: justify;\">Al respecto, el parlamentario mostr\u00f3 su preocupaci\u00f3n por el tema, se\u00f1alando que lo m\u00e1s importante ahora es buscar una soluci\u00f3n a esto. \u201cSabemos que Sernapesca ha tenido una actividad bastante intensa, para que (los salmones) vayan a los centros adecuados para su tratamiento\u201d, se\u00f1al\u00f3.<\/p>\n<p style=\"text-align: justify;\">En ese sentido, tambi\u00e9n se refiri\u00f3 al rol de la industria salmonera, recordando que esta es la segunda actividad m\u00e1s importante, despu\u00e9s del cobre, para nuestro pa\u00eds, lo cual a su juicio, tambi\u00e9n involucra un gran desaf\u00edo. \u201cPor eso, vamos a juntar al mundo cient\u00edfico, al mundo de la empresa, de las organizaciones ambientales, en esta reuni\u00f3n. \u00bfEs el cambio clim\u00e1tico, es la incorporaci\u00f3n de elementos distintos al medioambiente natural que tenemos nosotros como regi\u00f3n, a trav\u00e9s de los excesos de alimento, los desechos de la misma actividad salmonera? Son las cosas que debemos analizar\u201d, puntualiz\u00f3.<\/p>\n<p style=\"text-align: justify;\">Junto a ello, Sandoval recalc\u00f3 que tambi\u00e9n se deben poner en marcha todos los mecanismos que permitan construir una norma, una legalidad y un esquema institucional que se haga cargo de esta realidad. \u201cQueremos que las cosas se hagan bien y la industria tiene aqu\u00ed una gran tarea para cumplir, no solo con los est\u00e1ndar que fija nuestro pa\u00eds, sino con los de m\u00e1s alto nivel que hoy est\u00e1n vigentes en el mundo\u201d, recalc\u00f3.<\/p>\n<p style=\"text-align: justify;\">\u201cEs la tarea que nos vamos a fijar frente a una realidad que para nosotros es significativa, por el impacto que tiene en nuestra regi\u00f3n de Ays\u00e9n\u201d, agreg\u00f3.<\/p>\n<p style=\"text-align: justify;\">Cabe se\u00f1alar que hasta el momento se mantienen 14 centros de cultivo con planes de acci\u00f3n activos (6 de Los Lagos y 8 en la regi\u00f3n de Ays\u00e9n).<\/p>\n<\/div><\/section><\/div><\/p>\n<div  style='height:50px' class='hr hr-invisible   avia-builder-el-6  el_after_av_one_full  el_before_av_social_share '><span class='hr-inner ' ><span class='hr-inner-style'><\/span><\/span><\/div>\n<div  class='av-social-sharing-box  avia-builder-el-7  el_after_av_hr  el_before_av_hr  '><div class='av-share-box'><h5 class='av-share-link-description av-no-toc '>Compartir esta noticia<\/h5><ul class='av-share-box-list noLightbox'><li class='av-share-link av-social-link-facebook' ><a target=\"_blank\" aria-label=\"Compartir en Facebook\" href='https:\/\/www.facebook.com\/sharer.php?u=https:\/\/radiorevelacionfm.cl\/?p=3185&#038;t=Sandoval%20solicita%20sesi%C3%B3n%20especial%20de%20la%20comisi%C3%B3n%20de%20Pesca%20para%20analizar%20impacto%20del%20Florecimiento%20de%20Algas%20Nocivas%20en%20Ays%C3%A9n%20y%20Los%20Lagos' aria-hidden='false' data-av_icon='\ue8f3' data-av_iconfont='entypo-fontello' title='' data-avia-related-tooltip='Compartir en Facebook' rel=\"noopener\"><span class='avia_hidden_link_text'>Compartir en Facebook<\/span><\/a><\/li><li class='av-share-link av-social-link-twitter' ><a target=\"_blank\" aria-label=\"Compartir en Twitter\" href='https:\/\/twitter.com\/share?text=Sandoval%20solicita%20sesi%C3%B3n%20especial%20de%20la%20comisi%C3%B3n%20de%20Pesca%20para%20analizar%20impacto%20del%20Florecimiento%20de%20Algas%20Nocivas%20en%20Ays%C3%A9n%20y%20Los%20Lagos&#038;url=https:\/\/radiorevelacionfm.cl\/?p=3185' aria-hidden='false' data-av_icon='\ue8f1' data-av_iconfont='entypo-fontello' title='' data-avia-related-tooltip='Compartir en Twitter' rel=\"noopener\"><span class='avia_hidden_link_text'>Compartir en Twitter<\/span><\/a><\/li><li class='av-share-link av-social-link-whatsapp' ><a target=\"_blank\" aria-label=\"Compartir en Whatsapp\" href='https:\/\/api.whatsapp.com\/send?text=https:\/\/radiorevelacionfm.cl\/?p=3185' aria-hidden='false' data-av_icon='\uf232' data-av_iconfont='entypo-fontello' title='' data-avia-related-tooltip='Compartir en Whatsapp' rel=\"noopener\"><span class='avia_hidden_link_text'>Compartir en Whatsapp<\/span><\/a><\/li><li class='av-share-link av-social-link-linkedin' ><a target=\"_blank\" aria-label=\"Compartir en LinkedIn\" href='https:\/\/linkedin.com\/shareArticle?mini=true&#038;title=Sandoval%20solicita%20sesi%C3%B3n%20especial%20de%20la%20comisi%C3%B3n%20de%20Pesca%20para%20analizar%20impacto%20del%20Florecimiento%20de%20Algas%20Nocivas%20en%20Ays%C3%A9n%20y%20Los%20Lagos&#038;url=https:\/\/radiorevelacionfm.cl\/?p=3185' aria-hidden='false' data-av_icon='\ue8fc' data-av_iconfont='entypo-fontello' title='' data-avia-related-tooltip='Compartir en LinkedIn' rel=\"noopener\"><span class='avia_hidden_link_text'>Compartir en LinkedIn<\/span><\/a><\/li><li class='av-share-link av-social-link-mail' ><a  aria-label=\"Compartir por correo\" href='mailto:?subject=Sandoval%20solicita%20sesi%C3%B3n%20especial%20de%20la%20comisi%C3%B3n%20de%20Pesca%20para%20analizar%20impacto%20del%20Florecimiento%20de%20Algas%20Nocivas%20en%20Ays%C3%A9n%20y%20Los%20Lagos&#038;body=https:\/\/radiorevelacionfm.cl\/?p=3185' aria-hidden='false' data-av_icon='\ue805' data-av_iconfont='entypo-fontello' title='' data-avia-related-tooltip='Compartir por correo'><span class='avia_hidden_link_text'>Compartir por correo<\/span><\/a><\/li><\/ul><\/div><\/div>\n<div  style='height:50px' class='hr hr-invisible   avia-builder-el-8  el_after_av_social_share  el_before_av_comments_list '><span class='hr-inner ' ><span class='hr-inner-style'><\/span><\/span><\/div>\n<div  class='av-buildercomment  av-blog-meta-html-info-disabled av-blog-meta-tag-disabled  '><\/div>\n","protected":false},"excerpt":{"rendered":"","protected":false},"author":1,"featured_media":0,"comment_status":"open","ping_status":"open","sticky":false,"template":"","format":"standard","meta":{"footnotes":""},"categories":[60,38],"tags":[],"class_list":["post-3185","post","type-post","status-publish","format-standard","hentry","category-pesca","category-regional"],"jetpack_featured_media_url":"","_links":{"self":[{"href":"https:\/\/radiorevelacionfm.cl\/index.php?rest_route=\/wp\/v2\/posts\/3185","targetHints":{"allow":["GET"]}}],"collection":[{"href":"https:\/\/radiorevelacionfm.cl\/index.php?rest_route=\/wp\/v2\/posts"}],"about":[{"href":"https:\/\/radiorevelacionfm.cl\/index.php?rest_route=\/wp\/v2\/types\/post"}],"author":[{"embeddable":true,"href":"https:\/\/radiorevelacionfm.cl\/index.php?rest_route=\/wp\/v2\/users\/1"}],"replies":[{"embeddable":true,"href":"https:\/\/radiorevelacionfm.cl\/index.php?rest_route=%2Fwp%2Fv2%2Fcomments&post=3185"}],"version-history":[{"count":2,"href":"https:\/\/radiorevelacionfm.cl\/index.php?rest_route=\/wp\/v2\/posts\/3185\/revisions"}],"predecessor-version":[{"id":3188,"href":"https:\/\/radiorevelacionfm.cl\/index.php?rest_route=\/wp\/v2\/posts\/3185\/revisions\/3188"}],"wp:attachment":[{"href":"https:\/\/radiorevelacionfm.cl\/index.php?rest_route=%2Fwp%2Fv2%2Fmedia&parent=3185"}],"wp:term":[{"taxonomy":"category","embeddable":true,"href":"https:\/\/radiorevelacionfm.cl\/index.php?rest_route=%2Fwp%2Fv2%2Fcategories&post=3185"},{"taxonomy":"post_tag","embeddable":true,"href":"https:\/\/radiorevelacionfm.cl\/index.php?rest_route=%2Fwp%2Fv2%2Ftags&post=3185"}],"curies":[{"name":"wp","href":"https:\/\/api.w.org\/{rel}","templated":true}]}}