{"id":31831,"date":"2023-06-09T11:25:50","date_gmt":"2023-06-09T14:25:50","guid":{"rendered":"https:\/\/radiorevelacionfm.cl\/?p=31831"},"modified":"2023-06-09T11:25:50","modified_gmt":"2023-06-09T14:25:50","slug":"raphael-oficia-al-servicio-de-salud-ante-el-alza-de-virus-respiratorios-y-requerimientos-de-camas-uci","status":"publish","type":"post","link":"https:\/\/radiorevelacionfm.cl\/?p=31831","title":{"rendered":"Raphael oficia al Servicio de Salud ante el alza de virus respiratorios y requerimientos de camas UCI"},"content":{"rendered":"<div class=\"flex_column av_one_full  flex_column_div av-zero-column-padding first  avia-builder-el-0  el_before_av_one_full  avia-builder-el-first  \" style='border-radius:0px; '><div  class='avia-image-container  av-styling-    avia-builder-el-1  avia-builder-el-no-sibling  avia-align-center '  itemprop=\"image\" itemscope=\"itemscope\" itemtype=\"https:\/\/schema.org\/ImageObject\"  ><div class='avia-image-container-inner'><div class='avia-image-overlay-wrap'><img decoding=\"async\" class='wp-image-30195 avia-img-lazy-loading-not-30195 avia_image' src=\"https:\/\/radiorevelacionfm.cl\/wp-content\/uploads\/2023\/04\/Diputada-Marcia-Raphael-1-1.jpeg\" alt='' title='Diputada Marcia Raphael (1) (1)' height=\"600\" width=\"900\"  itemprop=\"thumbnailUrl\" srcset=\"https:\/\/radiorevelacionfm.cl\/wp-content\/uploads\/2023\/04\/Diputada-Marcia-Raphael-1-1.jpeg 900w, https:\/\/radiorevelacionfm.cl\/wp-content\/uploads\/2023\/04\/Diputada-Marcia-Raphael-1-1-300x200.jpeg 300w, https:\/\/radiorevelacionfm.cl\/wp-content\/uploads\/2023\/04\/Diputada-Marcia-Raphael-1-1-768x512.jpeg 768w, https:\/\/radiorevelacionfm.cl\/wp-content\/uploads\/2023\/04\/Diputada-Marcia-Raphael-1-1-705x470.jpeg 705w, https:\/\/radiorevelacionfm.cl\/wp-content\/uploads\/2023\/04\/Diputada-Marcia-Raphael-1-1-450x300.jpeg 450w, https:\/\/radiorevelacionfm.cl\/wp-content\/uploads\/2023\/04\/Diputada-Marcia-Raphael-1-1-600x400.jpeg 600w\" sizes=\"(max-width: 900px) 100vw, 900px\" \/><\/div><\/div><\/div><\/div><div class=\"flex_column av_one_full  flex_column_div av-zero-column-padding first  avia-builder-el-2  el_after_av_one_full  el_before_av_one_full  column-top-margin\" style='border-radius:0px; '><section class=\"av_textblock_section \"  itemscope=\"itemscope\" itemtype=\"https:\/\/schema.org\/BlogPosting\" itemprop=\"blogPost\" ><div class='avia_textblock  '   itemprop=\"text\" ><p style=\"text-align: center;\"><strong><span style=\"font-size: 18pt;\">Raphael oficia al Servicio de Salud ante el alza de virus respiratorios y requerimientos de camas UCI<\/span><\/strong><\/p>\n<div id=\"gtx-trans\" style=\"position: absolute; left: -50px; top: 4.31534px;\">\n<div class=\"gtx-trans-icon\"><\/div>\n<\/div>\n<\/div><\/section><\/div><div class=\"flex_column av_one_full  flex_column_div av-zero-column-padding first  avia-builder-el-4  el_after_av_one_full  el_before_av_hr  column-top-margin\" style='border-radius:0px; '><section class=\"av_textblock_section \"  itemscope=\"itemscope\" itemtype=\"https:\/\/schema.org\/BlogPosting\" itemprop=\"blogPost\" ><div class='avia_textblock  '   itemprop=\"text\" ><p style=\"text-align: justify;\">La Diputada por la Regi\u00f3n de Ays\u00e9n Marcia Raphael (RN) mostr\u00f3 su preocupaci\u00f3n debido al aumento de las enfermedades respiratorias a nivel nacional y tambi\u00e9n en nuestra regi\u00f3n, que lamentablemente est\u00e1n afectando a ni\u00f1os, producidas por la alta circulaci\u00f3n viral del virus sincicial, influenza, entre otros.<\/p>\n<p style=\"text-align: justify;\">Raphael ha expresado su preocupaci\u00f3n debido a los lamentables hechos ocurridos en San Antonio y Quilpu\u00e9, en la Regi\u00f3n de Valpara\u00edso. Lo que a su juicio ha demostrado lo complicada que se encuentra la red asistencial, que al cierre de esta nota alcanzaba un 92% de ocupaci\u00f3n de camas cr\u00edticas pedi\u00e1tricas. Para la Diputada, esta situaci\u00f3n demuestra la necesidad urgente de tomar medidas concretas, como lo es la solicitud hecha por Raphael al Ministro de Educaci\u00f3n Marco \u00c1vila, sobre la posibilidad de adelantar las vacaciones de invierno, con el fin de poder cortar la cadena de contagios.<\/p>\n<p style=\"text-align: justify;\">\u201cEl pasado 25 de mayo le solicitamos al Ministerio de Educaci\u00f3n la posibilidad de adelantar las clases ya que en ese entonces ya exist\u00edan antecedentes que podr\u00edan adelantar la situaci\u00f3n que vive la red asistencial el d\u00eda de hoy. Es momento de enfrentar esta crisis con mirada de Estado e involucrar a todos los actores necesarios, debido a que el invierno ni siquiera ha empezado, por lo que quedan al menos dos meses en donde esta situaci\u00f3n se puede seguir agravando\u201d se\u00f1al\u00f3 Raphael<\/p>\n<p style=\"text-align: justify;\">Sobre el oficio emitido por la legisladora, este a su juicio nace de la importancia de tener informaci\u00f3n detallada sobre la red asistencial regional y m\u00e1s a\u00fan en el contexto de la inexistencia de UCI pedi\u00e1trica.<\/p>\n<p style=\"text-align: justify;\">\u201cHemos oficiado al Servicio de Salud de Ays\u00e9n para tener informaci\u00f3n sobre el estado de la red asistencial regional y sobre los eventuales planes de contingencia, ante la inexistencia de UCI pedi\u00e1trica para atender los casos m\u00e1s graves causados por virus respiratorios.\u201d sentenci\u00f3 Raphael.<\/p>\n<\/div><\/section><\/div><div  style='height:50px' class='hr hr-invisible   avia-builder-el-6  el_after_av_one_full  el_before_av_social_share '><span class='hr-inner ' ><span class='hr-inner-style'><\/span><\/span><\/div><\/p>\n<div  class='av-social-sharing-box  avia-builder-el-7  el_after_av_hr  el_before_av_hr  '><div class='av-share-box'><h5 class='av-share-link-description av-no-toc '>Compartir esta noticia<\/h5><ul class='av-share-box-list noLightbox'><li class='av-share-link av-social-link-facebook' ><a target=\"_blank\" aria-label=\"Compartir en Facebook\" href='https:\/\/www.facebook.com\/sharer.php?u=https:\/\/radiorevelacionfm.cl\/?p=31831&#038;t=Raphael%20oficia%20al%20Servicio%20de%20Salud%20ante%20el%20alza%20de%20virus%20respiratorios%20y%20requerimientos%20de%20camas%20UCI' aria-hidden='false' data-av_icon='\ue8f3' data-av_iconfont='entypo-fontello' title='' data-avia-related-tooltip='Compartir en Facebook' rel=\"noopener\"><span class='avia_hidden_link_text'>Compartir en Facebook<\/span><\/a><\/li><li class='av-share-link av-social-link-twitter' ><a target=\"_blank\" aria-label=\"Compartir en Twitter\" href='https:\/\/twitter.com\/share?text=Raphael%20oficia%20al%20Servicio%20de%20Salud%20ante%20el%20alza%20de%20virus%20respiratorios%20y%20requerimientos%20de%20camas%20UCI&#038;url=https:\/\/radiorevelacionfm.cl\/?p=31831' aria-hidden='false' data-av_icon='\ue8f1' data-av_iconfont='entypo-fontello' title='' data-avia-related-tooltip='Compartir en Twitter' rel=\"noopener\"><span class='avia_hidden_link_text'>Compartir en Twitter<\/span><\/a><\/li><li class='av-share-link av-social-link-whatsapp' ><a target=\"_blank\" aria-label=\"Compartir en Whatsapp\" href='https:\/\/api.whatsapp.com\/send?text=https:\/\/radiorevelacionfm.cl\/?p=31831' aria-hidden='false' data-av_icon='\uf232' data-av_iconfont='entypo-fontello' title='' data-avia-related-tooltip='Compartir en Whatsapp' rel=\"noopener\"><span class='avia_hidden_link_text'>Compartir en Whatsapp<\/span><\/a><\/li><li class='av-share-link av-social-link-linkedin' ><a target=\"_blank\" aria-label=\"Compartir en LinkedIn\" href='https:\/\/linkedin.com\/shareArticle?mini=true&#038;title=Raphael%20oficia%20al%20Servicio%20de%20Salud%20ante%20el%20alza%20de%20virus%20respiratorios%20y%20requerimientos%20de%20camas%20UCI&#038;url=https:\/\/radiorevelacionfm.cl\/?p=31831' aria-hidden='false' data-av_icon='\ue8fc' data-av_iconfont='entypo-fontello' title='' data-avia-related-tooltip='Compartir en LinkedIn' rel=\"noopener\"><span class='avia_hidden_link_text'>Compartir en LinkedIn<\/span><\/a><\/li><li class='av-share-link av-social-link-mail' ><a  aria-label=\"Compartir por correo\" href='mailto:?subject=Raphael%20oficia%20al%20Servicio%20de%20Salud%20ante%20el%20alza%20de%20virus%20respiratorios%20y%20requerimientos%20de%20camas%20UCI&#038;body=https:\/\/radiorevelacionfm.cl\/?p=31831' aria-hidden='false' data-av_icon='\ue805' data-av_iconfont='entypo-fontello' title='' data-avia-related-tooltip='Compartir por correo'><span class='avia_hidden_link_text'>Compartir por correo<\/span><\/a><\/li><\/ul><\/div><\/div>\n<div  style='height:50px' class='hr hr-invisible   avia-builder-el-8  el_after_av_social_share  el_before_av_comments_list '><span class='hr-inner ' ><span class='hr-inner-style'><\/span><\/span><\/div>\n<div  class='av-buildercomment  av-blog-meta-html-info-disabled av-blog-meta-tag-disabled  '><\/div>\n","protected":false},"excerpt":{"rendered":"","protected":false},"author":1,"featured_media":30195,"comment_status":"open","ping_status":"open","sticky":false,"template":"","format":"standard","meta":{"footnotes":""},"categories":[35],"tags":[],"class_list":["post-31831","post","type-post","status-publish","format-standard","has-post-thumbnail","hentry","category-politica"],"jetpack_featured_media_url":"https:\/\/radiorevelacionfm.cl\/wp-content\/uploads\/2023\/04\/Diputada-Marcia-Raphael-1-1.jpeg","_links":{"self":[{"href":"https:\/\/radiorevelacionfm.cl\/index.php?rest_route=\/wp\/v2\/posts\/31831","targetHints":{"allow":["GET"]}}],"collection":[{"href":"https:\/\/radiorevelacionfm.cl\/index.php?rest_route=\/wp\/v2\/posts"}],"about":[{"href":"https:\/\/radiorevelacionfm.cl\/index.php?rest_route=\/wp\/v2\/types\/post"}],"author":[{"embeddable":true,"href":"https:\/\/radiorevelacionfm.cl\/index.php?rest_route=\/wp\/v2\/users\/1"}],"replies":[{"embeddable":true,"href":"https:\/\/radiorevelacionfm.cl\/index.php?rest_route=%2Fwp%2Fv2%2Fcomments&post=31831"}],"version-history":[{"count":1,"href":"https:\/\/radiorevelacionfm.cl\/index.php?rest_route=\/wp\/v2\/posts\/31831\/revisions"}],"predecessor-version":[{"id":31832,"href":"https:\/\/radiorevelacionfm.cl\/index.php?rest_route=\/wp\/v2\/posts\/31831\/revisions\/31832"}],"wp:featuredmedia":[{"embeddable":true,"href":"https:\/\/radiorevelacionfm.cl\/index.php?rest_route=\/wp\/v2\/media\/30195"}],"wp:attachment":[{"href":"https:\/\/radiorevelacionfm.cl\/index.php?rest_route=%2Fwp%2Fv2%2Fmedia&parent=31831"}],"wp:term":[{"taxonomy":"category","embeddable":true,"href":"https:\/\/radiorevelacionfm.cl\/index.php?rest_route=%2Fwp%2Fv2%2Fcategories&post=31831"},{"taxonomy":"post_tag","embeddable":true,"href":"https:\/\/radiorevelacionfm.cl\/index.php?rest_route=%2Fwp%2Fv2%2Ftags&post=31831"}],"curies":[{"name":"wp","href":"https:\/\/api.w.org\/{rel}","templated":true}]}}