{"id":31828,"date":"2023-06-08T22:10:04","date_gmt":"2023-06-09T01:10:04","guid":{"rendered":"https:\/\/radiorevelacionfm.cl\/?p=31828"},"modified":"2023-06-08T22:10:04","modified_gmt":"2023-06-09T01:10:04","slug":"caminos-cortados-socavones-y-diversos-sectores-anegados-esta-dejando-frente-de-mal-tiempo-en-la-region","status":"publish","type":"post","link":"https:\/\/radiorevelacionfm.cl\/?p=31828","title":{"rendered":"Caminos cortados, socavones y diversos sectores anegados est\u00e1 dejando frente de mal tiempo en la regi\u00f3n"},"content":{"rendered":"<div class=\"flex_column av_one_full  flex_column_div av-zero-column-padding first  avia-builder-el-0  el_before_av_one_full  avia-builder-el-first  \" style='border-radius:0px; '><div  class='avia-image-container  av-styling-    avia-builder-el-1  avia-builder-el-no-sibling  avia-align-center '  itemprop=\"image\" itemscope=\"itemscope\" itemtype=\"https:\/\/schema.org\/ImageObject\"  ><div class='avia-image-container-inner'><div class='avia-image-overlay-wrap'><img decoding=\"async\" class='wp-image-31833 avia-img-lazy-loading-not-31833 avia_image' src=\"https:\/\/radiorevelacionfm.cl\/wp-content\/uploads\/2023\/06\/puente-rio-manihuales-1_optimized.jpg\" alt='' title='puente-rio-ma\u00f1ihuales-(1)_optimized' height=\"600\" width=\"1009\"  itemprop=\"thumbnailUrl\" srcset=\"https:\/\/radiorevelacionfm.cl\/wp-content\/uploads\/2023\/06\/puente-rio-manihuales-1_optimized.jpg 1009w, https:\/\/radiorevelacionfm.cl\/wp-content\/uploads\/2023\/06\/puente-rio-manihuales-1_optimized-300x178.jpg 300w, https:\/\/radiorevelacionfm.cl\/wp-content\/uploads\/2023\/06\/puente-rio-manihuales-1_optimized-768x457.jpg 768w, https:\/\/radiorevelacionfm.cl\/wp-content\/uploads\/2023\/06\/puente-rio-manihuales-1_optimized-705x419.jpg 705w, https:\/\/radiorevelacionfm.cl\/wp-content\/uploads\/2023\/06\/puente-rio-manihuales-1_optimized-450x268.jpg 450w, https:\/\/radiorevelacionfm.cl\/wp-content\/uploads\/2023\/06\/puente-rio-manihuales-1_optimized-600x357.jpg 600w\" sizes=\"(max-width: 1009px) 100vw, 1009px\" \/><\/div><\/div><\/div><\/div>\n<div class=\"flex_column av_one_full  flex_column_div av-zero-column-padding first  avia-builder-el-2  el_after_av_one_full  el_before_av_one_full  column-top-margin\" style='border-radius:0px; '><section class=\"av_textblock_section \"  itemscope=\"itemscope\" itemtype=\"https:\/\/schema.org\/BlogPosting\" itemprop=\"blogPost\" ><div class='avia_textblock  '   itemprop=\"text\" ><p style=\"text-align: center;\"><strong><span style=\"font-size: 18pt;\">Caminos cortados, socavones y diversos sectores anegados est\u00e1 dejando frente de mal tiempo en la regi\u00f3n\u00a0<\/span><\/strong><\/p>\n<\/div><\/section><\/div>\n<div class=\"flex_column av_one_full  flex_column_div av-zero-column-padding first  avia-builder-el-4  el_after_av_one_full  el_before_av_hr  column-top-margin\" style='border-radius:0px; '><section class=\"av_textblock_section \"  itemscope=\"itemscope\" itemtype=\"https:\/\/schema.org\/BlogPosting\" itemprop=\"blogPost\" ><div class='avia_textblock  '   itemprop=\"text\" ><p style=\"text-align: justify;\">Intensas lluvias y r\u00e1fagas de vientos han generado problemas durante la \u00faltima jornada en la regi\u00f3n de Ays\u00e9n.<\/p>\n<p style=\"text-align: justify;\">Caminos cortados, socavones, anegamientos, ca\u00edda de \u00e1rboles y rocas, son parte de que lo est\u00e1 dejando el frente clim\u00e1tico adverso en gran parte de la regi\u00f3n, revisa el estado de las rutas que presentan problemas en cada Provincia, junto con tomar las precauciones necesarias y no exponerse a peligros.<\/p>\n<p style=\"text-align: justify;\"><strong>PROVINCIA DE COYHAIQUE<\/strong><br \/>\n&#8211; Corte total de la ruta X-423, Ma\u00f1ihuales &#8211; El Gato, por colapso de alcantarilla y socav\u00f3n. Cabe se\u00f1alar que existe ruta alternativa por Villa \u00d1irehuao. Vialidad coordina el env\u00edo de maquinaria al lugar.<br \/>\n&#8211; Se registra corte total de la ruta Camino X-25, La Tapera por agua en la carpeta producto del desborde del rio. Personal de Carabineros trabaja en labores de control de tr\u00e1nsito.<br \/>\nSERVICIOS B\u00c1SICO:<br \/>\n&#8211; Interrupci\u00f3n del servicio de agua potable en la localidad de La Tapera por colapso de la captaci\u00f3n de agua. En evaluaci\u00f3n por el personal del APR.<br \/>\n&#8211; Interrupci\u00f3n del suministro de agua portable en la localidad de \u00d1irehuao por colapso de la captaci\u00f3n de agua. En evaluaci\u00f3n por parte del APR.<\/p>\n<p style=\"text-align: justify;\"><strong>PROVINCIA DE AYSEN<\/strong><br \/>\n&#8211; Corte total en Ruta 7 Norte sector de El Pangue 30 km al Sur de La Junta por desborde de un arroyo. Vialidad se encuentra trabajando en el lugar.<br \/>\n&#8211; Corte total de la ruta X-514, Sector villa Ma\u00f1ihuales &#8211; El Turbio, Comuna de Ays\u00e9n, por ca\u00edda del Puente Los Jara, producto de la crecida del Rio Pedregoso. En evaluaci\u00f3n por parte de Vialidad.<br \/>\n&#8211; Corte total de la ruta X510, sector El Picaflor, km 08, Comuna de Ays\u00e9n, por colapso de alcantarilla y socav\u00f3n. En evaluaci\u00f3n por parte de vialidad.<\/p>\n<p style=\"text-align: justify;\"><strong>PROVINCIA DE GENERAL CARRERA<\/strong><br \/>\n&#8211; Ruta CH 265, Chile Chico &#8211; Guadal, Paso Las Llaves, personal de conservaci\u00f3n global se encuentra realizando mantenci\u00f3n de la ruta. La ruta se mantiene habilitada con precauci\u00f3n.<\/p>\n<p style=\"text-align: justify;\">Se registra anegamiento de vivienda en la localidad de Puerto Guadal, Comuna de Chile Chico.<br \/>\n&#8211; Vivienda en calle Los Olmos se logr\u00f3 desaguar el sitio con la ayuda de personal municipal.<br \/>\n&#8211; En calle Los Guindos con las Chacras que afecta a 02 viviendas, las cuales no se alcanz\u00f3 a evacuar el agua el d\u00eda de hoy quedando con gran parte de los sitios inundados. Ma\u00f1ana se contin\u00faan trabajos en horas de la ma\u00f1ana, d\u00f3nde se har\u00e1 presente departamento de Obras de la municipalidad de Chile Chico.<br \/>\nCabe mencionar que resultaron afectadas 03 familias (10 personas)<br \/>\n&#8211; Adem\u00e1s, se registra anegamiento en jard\u00edn Infantil \u201cEl Para\u00edso\u201d perteneciente a la JUNJI, Directora del jard\u00edn informa que el d\u00eda de hoy no se atendi\u00f3 a ni\u00f1os y las actividades del jard\u00edn estar\u00e1 suspendidas el d\u00eda de ma\u00f1ana. Cabe se\u00f1alar que no resultaron personas lesionadas producto de estos eventos.<\/p>\n<p style=\"text-align: justify;\"><strong>PROVINCIA DE CAPIT\u00c1N PRAT<\/strong><br \/>\n&#8211; Personal de Vialidad se mantiene realizando trabajo de despeje por nieves en la ruta desde Cochrane a Caleta Tortel y Villa O\u2019Higgins.<br \/>\nTransito habilitado con precauci\u00f3n para veh\u00edculos 4X4.<\/p>\n<\/div><\/section><\/div><div  style='height:50px' class='hr hr-invisible   avia-builder-el-6  el_after_av_one_full  el_before_av_social_share '><span class='hr-inner ' ><span class='hr-inner-style'><\/span><\/span><\/div><\/p>\n<div  class='av-social-sharing-box  avia-builder-el-7  el_after_av_hr  el_before_av_hr  '><div class='av-share-box'><h5 class='av-share-link-description av-no-toc '>Compartir esta noticia<\/h5><ul class='av-share-box-list noLightbox'><li class='av-share-link av-social-link-facebook' ><a target=\"_blank\" aria-label=\"Compartir en Facebook\" href='https:\/\/www.facebook.com\/sharer.php?u=https:\/\/radiorevelacionfm.cl\/?p=31828&#038;t=Caminos%20cortados%2C%20socavones%20y%20diversos%20sectores%20anegados%20est%C3%A1%20dejando%20frente%20de%20mal%20tiempo%20en%20la%20regi%C3%B3n' aria-hidden='false' data-av_icon='\ue8f3' data-av_iconfont='entypo-fontello' title='' data-avia-related-tooltip='Compartir en Facebook' rel=\"noopener\"><span class='avia_hidden_link_text'>Compartir en Facebook<\/span><\/a><\/li><li class='av-share-link av-social-link-twitter' ><a target=\"_blank\" aria-label=\"Compartir en Twitter\" href='https:\/\/twitter.com\/share?text=Caminos%20cortados%2C%20socavones%20y%20diversos%20sectores%20anegados%20est%C3%A1%20dejando%20frente%20de%20mal%20tiempo%20en%20la%20regi%C3%B3n&#038;url=https:\/\/radiorevelacionfm.cl\/?p=31828' aria-hidden='false' data-av_icon='\ue8f1' data-av_iconfont='entypo-fontello' title='' data-avia-related-tooltip='Compartir en Twitter' rel=\"noopener\"><span class='avia_hidden_link_text'>Compartir en Twitter<\/span><\/a><\/li><li class='av-share-link av-social-link-whatsapp' ><a target=\"_blank\" aria-label=\"Compartir en Whatsapp\" href='https:\/\/api.whatsapp.com\/send?text=https:\/\/radiorevelacionfm.cl\/?p=31828' aria-hidden='false' data-av_icon='\uf232' data-av_iconfont='entypo-fontello' title='' data-avia-related-tooltip='Compartir en Whatsapp' rel=\"noopener\"><span class='avia_hidden_link_text'>Compartir en Whatsapp<\/span><\/a><\/li><li class='av-share-link av-social-link-linkedin' ><a target=\"_blank\" aria-label=\"Compartir en LinkedIn\" href='https:\/\/linkedin.com\/shareArticle?mini=true&#038;title=Caminos%20cortados%2C%20socavones%20y%20diversos%20sectores%20anegados%20est%C3%A1%20dejando%20frente%20de%20mal%20tiempo%20en%20la%20regi%C3%B3n&#038;url=https:\/\/radiorevelacionfm.cl\/?p=31828' aria-hidden='false' data-av_icon='\ue8fc' data-av_iconfont='entypo-fontello' title='' data-avia-related-tooltip='Compartir en LinkedIn' rel=\"noopener\"><span class='avia_hidden_link_text'>Compartir en LinkedIn<\/span><\/a><\/li><li class='av-share-link av-social-link-mail' ><a  aria-label=\"Compartir por correo\" href='mailto:?subject=Caminos%20cortados%2C%20socavones%20y%20diversos%20sectores%20anegados%20est%C3%A1%20dejando%20frente%20de%20mal%20tiempo%20en%20la%20regi%C3%B3n&#038;body=https:\/\/radiorevelacionfm.cl\/?p=31828' aria-hidden='false' data-av_icon='\ue805' data-av_iconfont='entypo-fontello' title='' data-avia-related-tooltip='Compartir por correo'><span class='avia_hidden_link_text'>Compartir por correo<\/span><\/a><\/li><\/ul><\/div><\/div>\n<div  style='height:50px' class='hr hr-invisible   avia-builder-el-8  el_after_av_social_share  el_before_av_comments_list '><span class='hr-inner ' ><span class='hr-inner-style'><\/span><\/span><\/div>\n<div  class='av-buildercomment  av-blog-meta-html-info-disabled av-blog-meta-tag-disabled  '><\/div>\n","protected":false},"excerpt":{"rendered":"","protected":false},"author":1,"featured_media":31833,"comment_status":"open","ping_status":"open","sticky":false,"template":"","format":"standard","meta":{"footnotes":""},"categories":[38],"tags":[],"class_list":["post-31828","post","type-post","status-publish","format-standard","has-post-thumbnail","hentry","category-regional"],"jetpack_featured_media_url":"https:\/\/radiorevelacionfm.cl\/wp-content\/uploads\/2023\/06\/puente-rio-manihuales-1_optimized.jpg","_links":{"self":[{"href":"https:\/\/radiorevelacionfm.cl\/index.php?rest_route=\/wp\/v2\/posts\/31828","targetHints":{"allow":["GET"]}}],"collection":[{"href":"https:\/\/radiorevelacionfm.cl\/index.php?rest_route=\/wp\/v2\/posts"}],"about":[{"href":"https:\/\/radiorevelacionfm.cl\/index.php?rest_route=\/wp\/v2\/types\/post"}],"author":[{"embeddable":true,"href":"https:\/\/radiorevelacionfm.cl\/index.php?rest_route=\/wp\/v2\/users\/1"}],"replies":[{"embeddable":true,"href":"https:\/\/radiorevelacionfm.cl\/index.php?rest_route=%2Fwp%2Fv2%2Fcomments&post=31828"}],"version-history":[{"count":5,"href":"https:\/\/radiorevelacionfm.cl\/index.php?rest_route=\/wp\/v2\/posts\/31828\/revisions"}],"predecessor-version":[{"id":31840,"href":"https:\/\/radiorevelacionfm.cl\/index.php?rest_route=\/wp\/v2\/posts\/31828\/revisions\/31840"}],"wp:featuredmedia":[{"embeddable":true,"href":"https:\/\/radiorevelacionfm.cl\/index.php?rest_route=\/wp\/v2\/media\/31833"}],"wp:attachment":[{"href":"https:\/\/radiorevelacionfm.cl\/index.php?rest_route=%2Fwp%2Fv2%2Fmedia&parent=31828"}],"wp:term":[{"taxonomy":"category","embeddable":true,"href":"https:\/\/radiorevelacionfm.cl\/index.php?rest_route=%2Fwp%2Fv2%2Fcategories&post=31828"},{"taxonomy":"post_tag","embeddable":true,"href":"https:\/\/radiorevelacionfm.cl\/index.php?rest_route=%2Fwp%2Fv2%2Ftags&post=31828"}],"curies":[{"name":"wp","href":"https:\/\/api.w.org\/{rel}","templated":true}]}}