{"id":31825,"date":"2023-06-09T10:56:42","date_gmt":"2023-06-09T13:56:42","guid":{"rendered":"https:\/\/radiorevelacionfm.cl\/?p=31825"},"modified":"2023-06-09T10:56:42","modified_gmt":"2023-06-09T13:56:42","slug":"comite-de-gestion-del-riesgo-de-desastres-refuerza-medidas-de-monitoreo-invernal","status":"publish","type":"post","link":"https:\/\/radiorevelacionfm.cl\/?p=31825","title":{"rendered":"Comit\u00e9 de Gesti\u00f3n del Riesgo de Desastres refuerza medidas de monitoreo invernal"},"content":{"rendered":"<div class=\"flex_column av_one_full  flex_column_div av-zero-column-padding first  avia-builder-el-0  el_before_av_one_full  avia-builder-el-first  \" style='border-radius:0px; '><div  class='avia-image-container  av-styling-    avia-builder-el-1  avia-builder-el-no-sibling  avia-align-center '  itemprop=\"image\" itemscope=\"itemscope\" itemtype=\"https:\/\/schema.org\/ImageObject\"  ><div class='avia-image-container-inner'><div class='avia-image-overlay-wrap'><img decoding=\"async\" class='wp-image-31826 avia-img-lazy-loading-not-31826 avia_image' src=\"https:\/\/radiorevelacionfm.cl\/wp-content\/uploads\/2023\/06\/20230606171758_img_7820-1_optimized.jpg\" alt='' title='20230606171758_img_7820-(1)_optimized' height=\"600\" width=\"900\"  itemprop=\"thumbnailUrl\" srcset=\"https:\/\/radiorevelacionfm.cl\/wp-content\/uploads\/2023\/06\/20230606171758_img_7820-1_optimized.jpg 900w, https:\/\/radiorevelacionfm.cl\/wp-content\/uploads\/2023\/06\/20230606171758_img_7820-1_optimized-300x200.jpg 300w, https:\/\/radiorevelacionfm.cl\/wp-content\/uploads\/2023\/06\/20230606171758_img_7820-1_optimized-768x512.jpg 768w, https:\/\/radiorevelacionfm.cl\/wp-content\/uploads\/2023\/06\/20230606171758_img_7820-1_optimized-705x470.jpg 705w, https:\/\/radiorevelacionfm.cl\/wp-content\/uploads\/2023\/06\/20230606171758_img_7820-1_optimized-450x300.jpg 450w, https:\/\/radiorevelacionfm.cl\/wp-content\/uploads\/2023\/06\/20230606171758_img_7820-1_optimized-600x400.jpg 600w\" sizes=\"(max-width: 900px) 100vw, 900px\" \/><\/div><\/div><\/div><\/div><div class=\"flex_column av_one_full  flex_column_div av-zero-column-padding first  avia-builder-el-2  el_after_av_one_full  el_before_av_one_full  column-top-margin\" style='border-radius:0px; '><section class=\"av_textblock_section \"  itemscope=\"itemscope\" itemtype=\"https:\/\/schema.org\/BlogPosting\" itemprop=\"blogPost\" ><div class='avia_textblock  '   itemprop=\"text\" ><p style=\"font-weight: 400; text-align: center;\"><span style=\"font-size: 18pt;\"><strong>Comit\u00e9 de Gesti\u00f3n del Riesgo de Desastres refuerza medidas de monitoreo invernal<\/strong><\/span><\/p>\n<p style=\"font-weight: 400;\"><strong>\u00a0<\/strong><\/p>\n<div id=\"gtx-trans\" style=\"position: absolute; left: -50px; top: 4.31534px;\">\n<div class=\"gtx-trans-icon\"><\/div>\n<\/div>\n<\/div><\/section><\/div><div class=\"flex_column av_one_full  flex_column_div av-zero-column-padding first  avia-builder-el-4  el_after_av_one_full  el_before_av_hr  column-top-margin\" style='border-radius:0px; '><section class=\"av_textblock_section \"  itemscope=\"itemscope\" itemtype=\"https:\/\/schema.org\/BlogPosting\" itemprop=\"blogPost\" ><div class='avia_textblock  '   itemprop=\"text\" ><p style=\"font-weight: 400; text-align: justify;\">Para reforzar la coordinaci\u00f3n de todos los servicios preocupados de enfrentar de forma segura la estaci\u00f3n invernal, el delegado presidencial regional, Rodrigo Araya, convoc\u00f3 al Comit\u00e9 de Gesti\u00f3n del Riesgo de Desastres (COGRID) en el marco del Programa Invierno 2023.<\/p>\n<p style=\"font-weight: 400; text-align: justify;\">Las medidas proyectadas para este trimestre<strong>\u00a0<\/strong>se suman al Programa Invierno 2023, impulsado por el gobierno, que busca fortalecer las acciones de mitigaci\u00f3n y preparaci\u00f3n del Sistema Nacional de Prevenci\u00f3n y Respuesta ante Desastres (Senapred) en los niveles comunales, provinciales, regionales y sectoriales.<\/p>\n<p style=\"font-weight: 400; text-align: justify;\">Las instituciones est\u00e1n disponibles y dispuestas para responder oportunamente a las necesidades de cada una de las familias de la regi\u00f3n ante las situaciones de emergencia que se puedan manifestar este invierno, subray\u00f3 al t\u00e9rmino del encuentro el Delegado Rodrigo Araya.<\/p>\n<p style=\"font-weight: 400; text-align: justify;\">\u201cTodos los servicios p\u00fablicos hicieron su reporte en relaci\u00f3n con sus propios planes y su propio catastro de emergencia a considerar durante esta temporada invernal, por lo que nos coordinamos para estar atentos, primero que nada, en la prevenci\u00f3n de situaciones de riesgo y en c\u00f3mo accionar ante la correcta evaluaci\u00f3n que se ha hecho, a trav\u00e9s de los municipios de nuestra regi\u00f3n y, por supuesto, del Ministerio de Obras P\u00fablicas, Ministerio de Vivienda y los otros servicios p\u00fablicos, en relaci\u00f3n con d\u00f3nde est\u00e1n los puntos cr\u00edticos a monitorear en todo el territorio de nuestra regi\u00f3n\u201d, se\u00f1al\u00f3 Rodrigo Araya, destacando tambi\u00e9n la preparaci\u00f3n desde las distintas carteras de gobierno para enfrentar emergencias tanto a nivel urbano, como rural.<\/p>\n<p style=\"font-weight: 400; text-align: justify;\">Sobre este punto, el seremi de Agricultura, Alan Espinoza, reforz\u00f3 se\u00f1alando que \u00abtenemos un informe agroclim\u00e1tico elaborado por profesionales del INIA -Instituto de Investigaciones Agropecuarias- que nos ha servido para presentar un camino y un precedente para trabajar en conjunto esta temporada. Desde el Ministerio de Agricultura siempre vamos a estar alerta y atentos a cada una de las condiciones, por eso nos reunimos peri\u00f3dicamente con Senapred y estamos viendo en conjunto las medidas en caso de existir una contingencia agroclim\u00e1tica\u201d, sostuvo el titular de la secretar\u00eda ministerial en la regi\u00f3n.<\/p>\n<p style=\"font-weight: 400; text-align: justify;\">En este mismo sentido, Patricio Sanhueza, seremi del MOP, a\u00f1adi\u00f3 que desde su sector adem\u00e1s se est\u00e1 trabajando con el Plan Maestro de Aguas Lluvias, que favorecer\u00eda, junto con el despliegue de su maquinaria -ubicada en puntos estrat\u00e9gicos de la regi\u00f3n-, el poder conocer el estado de las \u00e1reas que habitualmente se han visto afectadas por mayores inclemencias.<\/p>\n<p style=\"font-weight: 400; text-align: justify;\">\u201cTenemos todos nuestros aer\u00f3dromos operativos. La infraestructura portuaria tambi\u00e9n est\u00e1 acorde y existen m\u00e1s de 130 estaciones de monitoreo que nos est\u00e1n alimentando sobre crecidas importantes de r\u00edo u otras. Est\u00e1n todas nuestras capacidades desplegadas para este programa invierno, que en nuestro caso est\u00e1 contextualizado en el plan especial o en el plan excepcional de conservaci\u00f3n de la red vial, con el cual vamos a seguir avanzando durante el invierno\u201d, se\u00f1al\u00f3 el seremi.<\/p>\n<p style=\"font-weight: 400; text-align: justify;\">Del mismo modo, el director regional del Senapred, Sidi Bravo, llam\u00f3 al autocuidado, para que la comunidad pueda enfrentar las posibles situaciones de emergencia, partiendo por la prevenci\u00f3n. \u201cEs importante se\u00f1alar que las condiciones que nosotros tenemos en la regi\u00f3n de Ays\u00e9n son especiales y, por lo tanto, hay que estar preparado frente a los eventos que podr\u00edamos tener en esta \u00e9poca invernal. No obstante aquello, tambi\u00e9n es un llamado a la prevenci\u00f3n, al autocuidado, a preocuparse de nuestras viviendas, en el buen uso de los sistemas de calefacci\u00f3n, como tambi\u00e9n, estar preparado con elementos de seguridad, como pueden ser; cadenas o neum\u00e1ticos adecuados con clavos para la conducci\u00f3n, tanto en la parte urbana, como en la rural, en nuestra regi\u00f3n de Ays\u00e9n\u201d, recomend\u00f3 el titular del servicio en la regi\u00f3n de Ays\u00e9n.<\/p>\n<p style=\"font-weight: 400; text-align: justify;\">Durante la mesa t\u00e9cnica se resolvi\u00f3 una serie de medidas coordinadas entre las distintas carteras de gobierno y sus servicios, con las polic\u00edas y fuerzas armadas, quienes reforzar\u00e1n las labores preventivas que desde el Senapred ya est\u00e1n puestas en marcha en Ays\u00e9n con el Programa Invierno 2023.<\/p>\n<\/div><\/section><\/div><div  style='height:50px' class='hr hr-invisible   avia-builder-el-6  el_after_av_one_full  el_before_av_social_share '><span class='hr-inner ' ><span class='hr-inner-style'><\/span><\/span><\/div><\/p>\n<div  class='av-social-sharing-box  avia-builder-el-7  el_after_av_hr  el_before_av_hr  '><div class='av-share-box'><h5 class='av-share-link-description av-no-toc '>Compartir esta noticia<\/h5><ul class='av-share-box-list noLightbox'><li class='av-share-link av-social-link-facebook' ><a target=\"_blank\" aria-label=\"Compartir en Facebook\" href='https:\/\/www.facebook.com\/sharer.php?u=https:\/\/radiorevelacionfm.cl\/?p=31825&#038;t=Comit%C3%A9%20de%20Gesti%C3%B3n%20del%20Riesgo%20de%20Desastres%20refuerza%20medidas%20de%20monitoreo%20invernal' aria-hidden='false' data-av_icon='\ue8f3' data-av_iconfont='entypo-fontello' title='' data-avia-related-tooltip='Compartir en Facebook' rel=\"noopener\"><span class='avia_hidden_link_text'>Compartir en Facebook<\/span><\/a><\/li><li class='av-share-link av-social-link-twitter' ><a target=\"_blank\" aria-label=\"Compartir en Twitter\" href='https:\/\/twitter.com\/share?text=Comit%C3%A9%20de%20Gesti%C3%B3n%20del%20Riesgo%20de%20Desastres%20refuerza%20medidas%20de%20monitoreo%20invernal&#038;url=https:\/\/radiorevelacionfm.cl\/?p=31825' aria-hidden='false' data-av_icon='\ue8f1' data-av_iconfont='entypo-fontello' title='' data-avia-related-tooltip='Compartir en Twitter' rel=\"noopener\"><span class='avia_hidden_link_text'>Compartir en Twitter<\/span><\/a><\/li><li class='av-share-link av-social-link-whatsapp' ><a target=\"_blank\" aria-label=\"Compartir en Whatsapp\" href='https:\/\/api.whatsapp.com\/send?text=https:\/\/radiorevelacionfm.cl\/?p=31825' aria-hidden='false' data-av_icon='\uf232' data-av_iconfont='entypo-fontello' title='' data-avia-related-tooltip='Compartir en Whatsapp' rel=\"noopener\"><span class='avia_hidden_link_text'>Compartir en Whatsapp<\/span><\/a><\/li><li class='av-share-link av-social-link-linkedin' ><a target=\"_blank\" aria-label=\"Compartir en LinkedIn\" href='https:\/\/linkedin.com\/shareArticle?mini=true&#038;title=Comit%C3%A9%20de%20Gesti%C3%B3n%20del%20Riesgo%20de%20Desastres%20refuerza%20medidas%20de%20monitoreo%20invernal&#038;url=https:\/\/radiorevelacionfm.cl\/?p=31825' aria-hidden='false' data-av_icon='\ue8fc' data-av_iconfont='entypo-fontello' title='' data-avia-related-tooltip='Compartir en LinkedIn' rel=\"noopener\"><span class='avia_hidden_link_text'>Compartir en LinkedIn<\/span><\/a><\/li><li class='av-share-link av-social-link-mail' ><a  aria-label=\"Compartir por correo\" href='mailto:?subject=Comit%C3%A9%20de%20Gesti%C3%B3n%20del%20Riesgo%20de%20Desastres%20refuerza%20medidas%20de%20monitoreo%20invernal&#038;body=https:\/\/radiorevelacionfm.cl\/?p=31825' aria-hidden='false' data-av_icon='\ue805' data-av_iconfont='entypo-fontello' title='' data-avia-related-tooltip='Compartir por correo'><span class='avia_hidden_link_text'>Compartir por correo<\/span><\/a><\/li><\/ul><\/div><\/div>\n<div  style='height:50px' class='hr hr-invisible   avia-builder-el-8  el_after_av_social_share  el_before_av_comments_list '><span class='hr-inner ' ><span class='hr-inner-style'><\/span><\/span><\/div>\n<div  class='av-buildercomment  av-blog-meta-html-info-disabled av-blog-meta-tag-disabled  '><\/div>\n","protected":false},"excerpt":{"rendered":"","protected":false},"author":1,"featured_media":31826,"comment_status":"open","ping_status":"open","sticky":false,"template":"","format":"standard","meta":{"footnotes":""},"categories":[38],"tags":[],"class_list":["post-31825","post","type-post","status-publish","format-standard","has-post-thumbnail","hentry","category-regional"],"jetpack_featured_media_url":"https:\/\/radiorevelacionfm.cl\/wp-content\/uploads\/2023\/06\/20230606171758_img_7820-1_optimized.jpg","_links":{"self":[{"href":"https:\/\/radiorevelacionfm.cl\/index.php?rest_route=\/wp\/v2\/posts\/31825","targetHints":{"allow":["GET"]}}],"collection":[{"href":"https:\/\/radiorevelacionfm.cl\/index.php?rest_route=\/wp\/v2\/posts"}],"about":[{"href":"https:\/\/radiorevelacionfm.cl\/index.php?rest_route=\/wp\/v2\/types\/post"}],"author":[{"embeddable":true,"href":"https:\/\/radiorevelacionfm.cl\/index.php?rest_route=\/wp\/v2\/users\/1"}],"replies":[{"embeddable":true,"href":"https:\/\/radiorevelacionfm.cl\/index.php?rest_route=%2Fwp%2Fv2%2Fcomments&post=31825"}],"version-history":[{"count":1,"href":"https:\/\/radiorevelacionfm.cl\/index.php?rest_route=\/wp\/v2\/posts\/31825\/revisions"}],"predecessor-version":[{"id":31827,"href":"https:\/\/radiorevelacionfm.cl\/index.php?rest_route=\/wp\/v2\/posts\/31825\/revisions\/31827"}],"wp:featuredmedia":[{"embeddable":true,"href":"https:\/\/radiorevelacionfm.cl\/index.php?rest_route=\/wp\/v2\/media\/31826"}],"wp:attachment":[{"href":"https:\/\/radiorevelacionfm.cl\/index.php?rest_route=%2Fwp%2Fv2%2Fmedia&parent=31825"}],"wp:term":[{"taxonomy":"category","embeddable":true,"href":"https:\/\/radiorevelacionfm.cl\/index.php?rest_route=%2Fwp%2Fv2%2Fcategories&post=31825"},{"taxonomy":"post_tag","embeddable":true,"href":"https:\/\/radiorevelacionfm.cl\/index.php?rest_route=%2Fwp%2Fv2%2Ftags&post=31825"}],"curies":[{"name":"wp","href":"https:\/\/api.w.org\/{rel}","templated":true}]}}