{"id":31822,"date":"2023-06-08T21:24:44","date_gmt":"2023-06-09T00:24:44","guid":{"rendered":"https:\/\/radiorevelacionfm.cl\/?p=31822"},"modified":"2023-06-08T21:24:44","modified_gmt":"2023-06-09T00:24:44","slug":"seremi-de-energia-explica-fin-de-la-tarifa-de-invierno","status":"publish","type":"post","link":"https:\/\/radiorevelacionfm.cl\/?p=31822","title":{"rendered":"Seremi de Energ\u00eda explica fin de la tarifa de invierno"},"content":{"rendered":"<div class=\"flex_column av_one_full  flex_column_div av-zero-column-padding first  avia-builder-el-0  el_before_av_one_full  avia-builder-el-first  \" style='border-radius:0px; '><div  class='avia-image-container  av-styling-    avia-builder-el-1  avia-builder-el-no-sibling  avia-align-center '  itemprop=\"image\" itemscope=\"itemscope\" itemtype=\"https:\/\/schema.org\/ImageObject\"  ><div class='avia-image-container-inner'><div class='avia-image-overlay-wrap'><img decoding=\"async\" class='wp-image-31823 avia-img-lazy-loading-not-31823 avia_image' src=\"https:\/\/radiorevelacionfm.cl\/wp-content\/uploads\/2023\/06\/Imagen2-1-1.jpg\" alt='' title='Imagen2 (1) (1)' height=\"600\" width=\"1143\"  itemprop=\"thumbnailUrl\" srcset=\"https:\/\/radiorevelacionfm.cl\/wp-content\/uploads\/2023\/06\/Imagen2-1-1.jpg 1143w, https:\/\/radiorevelacionfm.cl\/wp-content\/uploads\/2023\/06\/Imagen2-1-1-300x157.jpg 300w, https:\/\/radiorevelacionfm.cl\/wp-content\/uploads\/2023\/06\/Imagen2-1-1-1030x541.jpg 1030w, https:\/\/radiorevelacionfm.cl\/wp-content\/uploads\/2023\/06\/Imagen2-1-1-768x403.jpg 768w, https:\/\/radiorevelacionfm.cl\/wp-content\/uploads\/2023\/06\/Imagen2-1-1-705x370.jpg 705w, https:\/\/radiorevelacionfm.cl\/wp-content\/uploads\/2023\/06\/Imagen2-1-1-450x236.jpg 450w, https:\/\/radiorevelacionfm.cl\/wp-content\/uploads\/2023\/06\/Imagen2-1-1-600x315.jpg 600w\" sizes=\"(max-width: 1143px) 100vw, 1143px\" \/><\/div><\/div><\/div><\/div><div class=\"flex_column av_one_full  flex_column_div av-zero-column-padding first  avia-builder-el-2  el_after_av_one_full  el_before_av_one_full  column-top-margin\" style='border-radius:0px; '><section class=\"av_textblock_section \"  itemscope=\"itemscope\" itemtype=\"https:\/\/schema.org\/BlogPosting\" itemprop=\"blogPost\" ><div class='avia_textblock  '   itemprop=\"text\" ><p style=\"text-align: center;\"><strong><span style=\"font-size: 18pt;\">Seremi de Energ\u00eda explica fin de la tarifa de invierno<\/span><\/strong><\/p>\n<div id=\"gtx-trans\" style=\"position: absolute; left: -50px; top: 4.31534px;\">\n<div class=\"gtx-trans-icon\"><\/div>\n<\/div>\n<\/div><\/section><\/div><div class=\"flex_column av_one_full  flex_column_div av-zero-column-padding first  avia-builder-el-4  el_after_av_one_full  el_before_av_hr  column-top-margin\" style='border-radius:0px; '><section class=\"av_textblock_section \"  itemscope=\"itemscope\" itemtype=\"https:\/\/schema.org\/BlogPosting\" itemprop=\"blogPost\" ><div class='avia_textblock  '   itemprop=\"text\" ><p style=\"text-align: justify;\">En el marco de los anuncios realizados en la Cuenta P\u00fablica del Presidente Gabriel Boric, el Seremi de Energ\u00eda de Ays\u00e9n, Carlos D\u00edaz, se refiri\u00f3 al acuerdo entre el Ministerio de Energ\u00eda y las empresas distribuidoras que permitir\u00e1 eliminar por v\u00eda administrativa la tarifa de invierno que actualmente se aplica a los clientes residenciales y Pymes que tienen la tarifa BT1.<\/p>\n<p style=\"text-align: justify;\">Al respecto, destac\u00f3 que \u201ca contar del decreto que se va a publicar en diciembre de este a\u00f1o se va a eliminar la tarifa de invierno que se aplica entre los meses de abril y septiembre, es decir, la \u00e9poca en que se producen las temperaturas m\u00e1s bajas en Chile. Esta medida va a regir prospectivamente para el 2024, y retroactivamente a partir del 2021. Es por ello, que el Ministerio de Energ\u00eda se encuentra trabajando en conjunto con las empresas del sector para adelantar lo antes posible el beneficio a las y los consumidores\u201d.<\/p>\n<p style=\"text-align: justify;\">\u00a0Cabe recordar, que la tarifa de invierno es un sobrecargo que se aplica a los clientes que sobrepasan el l\u00edmite de invierno. Dicho l\u00edmite es particular para cada usuario y se determina en funci\u00f3n del consumo promedio durante los meses definidos como \u201cno punta\u201d de los \u00faltimos doce meses, incrementado en un 20% con un piso de 350 kWh\/mes.<\/p>\n<p style=\"text-align: justify;\">Este incremento de precio en la tarifa se produce \u00fanicamente cuando el consumo se encuentra por sobre un umbral de consumo establecido que, en el \u00faltimo decreto tarifario, fue definido en 430 kWh\/mes. En tanto, aquellos usuarios cuyo consumo en esta \u00e9poca es menor al umbral de consumo se\u00f1alado, no quedan afectos al cargo.<\/p>\n<p style=\"text-align: justify;\">Finalmente, la autoridad regional de Energ\u00eda recalc\u00f3 que \u201cla decisi\u00f3n del Ministerio de Energ\u00eda busca disminuir las emisiones contaminantes, en l\u00ednea con la visi\u00f3n de sostenibilidad de largo plazo que lleva adelante el gobierno.\u00a0Esperamos que esta media se transforme en un incentivo en nuestra regi\u00f3n para avanzar hacia sistemas de calefacci\u00f3n limpios, y podamos con ello descontaminar nuestras ciudades y mejorar la calidad de vida comunidad de Ays\u00e9n\u201d.<\/p>\n<\/div><\/section><\/div><div  style='height:50px' class='hr hr-invisible   avia-builder-el-6  el_after_av_one_full  el_before_av_social_share '><span class='hr-inner ' ><span class='hr-inner-style'><\/span><\/span><\/div><\/p>\n<div  class='av-social-sharing-box  avia-builder-el-7  el_after_av_hr  el_before_av_hr  '><div class='av-share-box'><h5 class='av-share-link-description av-no-toc '>Compartir esta noticia<\/h5><ul class='av-share-box-list noLightbox'><li class='av-share-link av-social-link-facebook' ><a target=\"_blank\" aria-label=\"Compartir en Facebook\" href='https:\/\/www.facebook.com\/sharer.php?u=https:\/\/radiorevelacionfm.cl\/?p=31822&#038;t=Seremi%20de%20Energ%C3%ADa%20explica%20fin%20de%20la%20tarifa%20de%20invierno' aria-hidden='false' data-av_icon='\ue8f3' data-av_iconfont='entypo-fontello' title='' data-avia-related-tooltip='Compartir en Facebook' rel=\"noopener\"><span class='avia_hidden_link_text'>Compartir en Facebook<\/span><\/a><\/li><li class='av-share-link av-social-link-twitter' ><a target=\"_blank\" aria-label=\"Compartir en Twitter\" href='https:\/\/twitter.com\/share?text=Seremi%20de%20Energ%C3%ADa%20explica%20fin%20de%20la%20tarifa%20de%20invierno&#038;url=https:\/\/radiorevelacionfm.cl\/?p=31822' aria-hidden='false' data-av_icon='\ue8f1' data-av_iconfont='entypo-fontello' title='' data-avia-related-tooltip='Compartir en Twitter' rel=\"noopener\"><span class='avia_hidden_link_text'>Compartir en Twitter<\/span><\/a><\/li><li class='av-share-link av-social-link-whatsapp' ><a target=\"_blank\" aria-label=\"Compartir en Whatsapp\" href='https:\/\/api.whatsapp.com\/send?text=https:\/\/radiorevelacionfm.cl\/?p=31822' aria-hidden='false' data-av_icon='\uf232' data-av_iconfont='entypo-fontello' title='' data-avia-related-tooltip='Compartir en Whatsapp' rel=\"noopener\"><span class='avia_hidden_link_text'>Compartir en Whatsapp<\/span><\/a><\/li><li class='av-share-link av-social-link-linkedin' ><a target=\"_blank\" aria-label=\"Compartir en LinkedIn\" href='https:\/\/linkedin.com\/shareArticle?mini=true&#038;title=Seremi%20de%20Energ%C3%ADa%20explica%20fin%20de%20la%20tarifa%20de%20invierno&#038;url=https:\/\/radiorevelacionfm.cl\/?p=31822' aria-hidden='false' data-av_icon='\ue8fc' data-av_iconfont='entypo-fontello' title='' data-avia-related-tooltip='Compartir en LinkedIn' rel=\"noopener\"><span class='avia_hidden_link_text'>Compartir en LinkedIn<\/span><\/a><\/li><li class='av-share-link av-social-link-mail' ><a  aria-label=\"Compartir por correo\" href='mailto:?subject=Seremi%20de%20Energ%C3%ADa%20explica%20fin%20de%20la%20tarifa%20de%20invierno&#038;body=https:\/\/radiorevelacionfm.cl\/?p=31822' aria-hidden='false' data-av_icon='\ue805' data-av_iconfont='entypo-fontello' title='' data-avia-related-tooltip='Compartir por correo'><span class='avia_hidden_link_text'>Compartir por correo<\/span><\/a><\/li><\/ul><\/div><\/div>\n<div  style='height:50px' class='hr hr-invisible   avia-builder-el-8  el_after_av_social_share  el_before_av_comments_list '><span class='hr-inner ' ><span class='hr-inner-style'><\/span><\/span><\/div>\n<div  class='av-buildercomment  av-blog-meta-html-info-disabled av-blog-meta-tag-disabled  '><\/div>\n","protected":false},"excerpt":{"rendered":"","protected":false},"author":1,"featured_media":31823,"comment_status":"open","ping_status":"open","sticky":false,"template":"","format":"standard","meta":{"footnotes":""},"categories":[38],"tags":[],"class_list":["post-31822","post","type-post","status-publish","format-standard","has-post-thumbnail","hentry","category-regional"],"jetpack_featured_media_url":"https:\/\/radiorevelacionfm.cl\/wp-content\/uploads\/2023\/06\/Imagen2-1-1.jpg","_links":{"self":[{"href":"https:\/\/radiorevelacionfm.cl\/index.php?rest_route=\/wp\/v2\/posts\/31822","targetHints":{"allow":["GET"]}}],"collection":[{"href":"https:\/\/radiorevelacionfm.cl\/index.php?rest_route=\/wp\/v2\/posts"}],"about":[{"href":"https:\/\/radiorevelacionfm.cl\/index.php?rest_route=\/wp\/v2\/types\/post"}],"author":[{"embeddable":true,"href":"https:\/\/radiorevelacionfm.cl\/index.php?rest_route=\/wp\/v2\/users\/1"}],"replies":[{"embeddable":true,"href":"https:\/\/radiorevelacionfm.cl\/index.php?rest_route=%2Fwp%2Fv2%2Fcomments&post=31822"}],"version-history":[{"count":1,"href":"https:\/\/radiorevelacionfm.cl\/index.php?rest_route=\/wp\/v2\/posts\/31822\/revisions"}],"predecessor-version":[{"id":31824,"href":"https:\/\/radiorevelacionfm.cl\/index.php?rest_route=\/wp\/v2\/posts\/31822\/revisions\/31824"}],"wp:featuredmedia":[{"embeddable":true,"href":"https:\/\/radiorevelacionfm.cl\/index.php?rest_route=\/wp\/v2\/media\/31823"}],"wp:attachment":[{"href":"https:\/\/radiorevelacionfm.cl\/index.php?rest_route=%2Fwp%2Fv2%2Fmedia&parent=31822"}],"wp:term":[{"taxonomy":"category","embeddable":true,"href":"https:\/\/radiorevelacionfm.cl\/index.php?rest_route=%2Fwp%2Fv2%2Fcategories&post=31822"},{"taxonomy":"post_tag","embeddable":true,"href":"https:\/\/radiorevelacionfm.cl\/index.php?rest_route=%2Fwp%2Fv2%2Ftags&post=31822"}],"curies":[{"name":"wp","href":"https:\/\/api.w.org\/{rel}","templated":true}]}}