{"id":3182,"date":"2021-04-16T11:22:21","date_gmt":"2021-04-16T14:22:21","guid":{"rendered":"https:\/\/radiorevelacionfm.cl\/?p=3182"},"modified":"2021-04-16T11:22:21","modified_gmt":"2021-04-16T14:22:21","slug":"calisto-tras-aprobacion-del-tercer-retiro-llama-la-atencion-la-falta-de-sensibilidad-por-parte-del-gobierno","status":"publish","type":"post","link":"https:\/\/radiorevelacionfm.cl\/?p=3182","title":{"rendered":"Calisto tras aprobaci\u00f3n del tercer retiro: \u201cLlama la atenci\u00f3n la falta de sensibilidad por parte del Gobierno\u201d"},"content":{"rendered":"<div class=\"flex_column av_one_full  flex_column_div av-zero-column-padding first  avia-builder-el-0  el_before_av_one_full  avia-builder-el-first  \" style='border-radius:0px; '><div  class='avia-image-container  av-styling-    avia-builder-el-1  avia-builder-el-no-sibling  avia-align-center '  itemprop=\"image\" itemscope=\"itemscope\" itemtype=\"https:\/\/schema.org\/ImageObject\"  ><div class='avia-image-container-inner'><div class='avia-image-overlay-wrap'><img decoding=\"async\" class='wp-image-0 avia-img-lazy-loading-not-0 avia_image' src=\"https:\/\/radiorevelacionfm.cl\/wp-content\/uploads\/2021\/04\/image-2-2.png\" alt='' title=''   itemprop=\"thumbnailUrl\"  \/><\/div><\/div><\/div><\/div>\n<div class=\"flex_column av_one_full  flex_column_div av-zero-column-padding first  avia-builder-el-2  el_after_av_one_full  el_before_av_one_full  column-top-margin\" style='border-radius:0px; '><section class=\"av_textblock_section \"  itemscope=\"itemscope\" itemtype=\"https:\/\/schema.org\/BlogPosting\" itemprop=\"blogPost\" ><div class='avia_textblock  '   itemprop=\"text\" ><p style=\"text-align: center;\"><span style=\"font-size: 18pt;\"><strong>Calisto tras aprobaci\u00f3n del tercer retiro: \u201cLlama la atenci\u00f3n la falta de sensibilidad por parte del Gobierno\u201d<\/strong><\/span><\/p>\n<div id=\"gtx-trans\" style=\"position: absolute; left: -50px; top: 4.31534px;\">\n<div class=\"gtx-trans-icon\"><\/div>\n<\/div>\n<\/div><\/section><\/div><div class=\"flex_column av_one_full  flex_column_div av-zero-column-padding first  avia-builder-el-4  el_after_av_one_full  el_before_av_hr  column-top-margin\" style='border-radius:0px; '><section class=\"av_textblock_section \"  itemscope=\"itemscope\" itemtype=\"https:\/\/schema.org\/BlogPosting\" itemprop=\"blogPost\" ><div class='avia_textblock  '   itemprop=\"text\" ><p style=\"font-weight: 400; text-align: justify;\">En su intervenci\u00f3n en la sala, el legislador critic\u00f3 la poca ayuda que ha entregado el Gobierno en el contexto de la crisis econ\u00f3mica que ha generado la pandemia.<\/p>\n<p style=\"font-weight: 400; text-align: justify;\">Como un gran paso calific\u00f3 el diputado Migue \u00c1ngel Calisto la aprobaci\u00f3n en la sala de la C\u00e1mara del proyecto que permite un tercer retiro de un 10% de los ahorros previsionales, quien critic\u00f3 adem\u00e1s en su intervenci\u00f3n la poca sensibilidad del Gobierno y lament\u00f3 que se rechazara por parte de los diputados oficialistas la indicaci\u00f3n sustitutiva que habr\u00eda permitido que esta iniciativa evitara el Tribunal Constitucional.<\/p>\n<p style=\"font-weight: 400; text-align: justify;\">El diputado Miguel \u00c1ngel Calisto se\u00f1al\u00f3 que \u201cel 81% de las PYMES tiene un impacto grave por la crisis sanitaria del Covid. 73% han perdido m\u00e1s de la mitad de sus ingresos habituales. Dos millones de chilenos han perdido sus empleos. Estos es una grave crisis econ\u00f3mica que estamos viviendo en el pa\u00eds\u201d.<\/p>\n<p style=\"font-weight: 400; text-align: justify;\">\u201cLa respuesta del Gobierno han sido bonos y el IFE, pero claramente para una familia que ha sustentado su econom\u00eda con su negocio, su emprendimiento, no son suficientes. Llama la atenci\u00f3n la falta de sensibilidad por parte del Gobierno. Por eso en este Congreso tuvimos que recurrir a este proyecto, del cual soy uno de los autores, donde tambi\u00e9n se busca beneficiar a los pensionados de rentas vitalicias\u201d, se\u00f1al\u00f3.<\/p>\n<p style=\"font-weight: 400; text-align: justify;\">El parlamentario afirm\u00f3 que \u201ces preferible que una persona que tiene una micro, peque\u00f1a y mediana empresa use sus propios ahorros que llevarla arrinconada a la banca, donde se endeuda con alt\u00edsimos intereses. Esto es lo que tenemos que evitar, que la gente siga endeud\u00e1ndose y complic\u00e1ndose. Por eso yo estoy absolutamente a favor de este proyecto\u201d.<\/p>\n<p style=\"text-align: justify;\"><span style=\"font-weight: 400;\">El diputado adem\u00e1s lament\u00f3 el rechazo de la indicaci\u00f3n sustitutiva que pretend\u00eda hacer una modificaci\u00f3n permanente a la Constituci\u00f3n, la que hab\u00eda sido impulsada por la oposici\u00f3n para sortear al Tribunal Constitucional. Ante esto, Calisto argument\u00f3 que \u201cespero que mis colegas del oficialismo se saquen las m\u00e1scaras y realmente digan si quieren o no el tercer retiro, para que as\u00ed no le pongamos trabas\u201d.\u00a0<\/span><\/p>\n<\/div><\/section><\/div><\/p>\n<div  style='height:50px' class='hr hr-invisible   avia-builder-el-6  el_after_av_one_full  el_before_av_social_share '><span class='hr-inner ' ><span class='hr-inner-style'><\/span><\/span><\/div>\n<div  class='av-social-sharing-box  avia-builder-el-7  el_after_av_hr  el_before_av_hr  '><div class='av-share-box'><h5 class='av-share-link-description av-no-toc '>Compartir esta noticia<\/h5><ul class='av-share-box-list noLightbox'><li class='av-share-link av-social-link-facebook' ><a target=\"_blank\" aria-label=\"Compartir en Facebook\" href='https:\/\/www.facebook.com\/sharer.php?u=https:\/\/radiorevelacionfm.cl\/?p=3182&#038;t=Calisto%20tras%20aprobaci%C3%B3n%20del%20tercer%20retiro%3A%20%E2%80%9CLlama%20la%20atenci%C3%B3n%20la%20falta%20de%20sensibilidad%20por%20parte%20del%20Gobierno%E2%80%9D' aria-hidden='false' data-av_icon='\ue8f3' data-av_iconfont='entypo-fontello' title='' data-avia-related-tooltip='Compartir en Facebook' rel=\"noopener\"><span class='avia_hidden_link_text'>Compartir en Facebook<\/span><\/a><\/li><li class='av-share-link av-social-link-twitter' ><a target=\"_blank\" aria-label=\"Compartir en Twitter\" href='https:\/\/twitter.com\/share?text=Calisto%20tras%20aprobaci%C3%B3n%20del%20tercer%20retiro%3A%20%E2%80%9CLlama%20la%20atenci%C3%B3n%20la%20falta%20de%20sensibilidad%20por%20parte%20del%20Gobierno%E2%80%9D&#038;url=https:\/\/radiorevelacionfm.cl\/?p=3182' aria-hidden='false' data-av_icon='\ue8f1' data-av_iconfont='entypo-fontello' title='' data-avia-related-tooltip='Compartir en Twitter' rel=\"noopener\"><span class='avia_hidden_link_text'>Compartir en Twitter<\/span><\/a><\/li><li class='av-share-link av-social-link-whatsapp' ><a target=\"_blank\" aria-label=\"Compartir en Whatsapp\" href='https:\/\/api.whatsapp.com\/send?text=https:\/\/radiorevelacionfm.cl\/?p=3182' aria-hidden='false' data-av_icon='\uf232' data-av_iconfont='entypo-fontello' title='' data-avia-related-tooltip='Compartir en Whatsapp' rel=\"noopener\"><span class='avia_hidden_link_text'>Compartir en Whatsapp<\/span><\/a><\/li><li class='av-share-link av-social-link-linkedin' ><a target=\"_blank\" aria-label=\"Compartir en LinkedIn\" href='https:\/\/linkedin.com\/shareArticle?mini=true&#038;title=Calisto%20tras%20aprobaci%C3%B3n%20del%20tercer%20retiro%3A%20%E2%80%9CLlama%20la%20atenci%C3%B3n%20la%20falta%20de%20sensibilidad%20por%20parte%20del%20Gobierno%E2%80%9D&#038;url=https:\/\/radiorevelacionfm.cl\/?p=3182' aria-hidden='false' data-av_icon='\ue8fc' data-av_iconfont='entypo-fontello' title='' data-avia-related-tooltip='Compartir en LinkedIn' rel=\"noopener\"><span class='avia_hidden_link_text'>Compartir en LinkedIn<\/span><\/a><\/li><li class='av-share-link av-social-link-mail' ><a  aria-label=\"Compartir por correo\" href='mailto:?subject=Calisto%20tras%20aprobaci%C3%B3n%20del%20tercer%20retiro%3A%20%E2%80%9CLlama%20la%20atenci%C3%B3n%20la%20falta%20de%20sensibilidad%20por%20parte%20del%20Gobierno%E2%80%9D&#038;body=https:\/\/radiorevelacionfm.cl\/?p=3182' aria-hidden='false' data-av_icon='\ue805' data-av_iconfont='entypo-fontello' title='' data-avia-related-tooltip='Compartir por correo'><span class='avia_hidden_link_text'>Compartir por correo<\/span><\/a><\/li><\/ul><\/div><\/div>\n<div  style='height:50px' class='hr hr-invisible   avia-builder-el-8  el_after_av_social_share  el_before_av_comments_list '><span class='hr-inner ' ><span class='hr-inner-style'><\/span><\/span><\/div>\n<div  class='av-buildercomment  av-blog-meta-html-info-disabled av-blog-meta-tag-disabled  '><\/div>\n","protected":false},"excerpt":{"rendered":"","protected":false},"author":1,"featured_media":0,"comment_status":"open","ping_status":"open","sticky":false,"template":"","format":"standard","meta":{"footnotes":""},"categories":[35],"tags":[],"class_list":["post-3182","post","type-post","status-publish","format-standard","hentry","category-politica"],"jetpack_featured_media_url":"","_links":{"self":[{"href":"https:\/\/radiorevelacionfm.cl\/index.php?rest_route=\/wp\/v2\/posts\/3182","targetHints":{"allow":["GET"]}}],"collection":[{"href":"https:\/\/radiorevelacionfm.cl\/index.php?rest_route=\/wp\/v2\/posts"}],"about":[{"href":"https:\/\/radiorevelacionfm.cl\/index.php?rest_route=\/wp\/v2\/types\/post"}],"author":[{"embeddable":true,"href":"https:\/\/radiorevelacionfm.cl\/index.php?rest_route=\/wp\/v2\/users\/1"}],"replies":[{"embeddable":true,"href":"https:\/\/radiorevelacionfm.cl\/index.php?rest_route=%2Fwp%2Fv2%2Fcomments&post=3182"}],"version-history":[{"count":2,"href":"https:\/\/radiorevelacionfm.cl\/index.php?rest_route=\/wp\/v2\/posts\/3182\/revisions"}],"predecessor-version":[{"id":3190,"href":"https:\/\/radiorevelacionfm.cl\/index.php?rest_route=\/wp\/v2\/posts\/3182\/revisions\/3190"}],"wp:attachment":[{"href":"https:\/\/radiorevelacionfm.cl\/index.php?rest_route=%2Fwp%2Fv2%2Fmedia&parent=3182"}],"wp:term":[{"taxonomy":"category","embeddable":true,"href":"https:\/\/radiorevelacionfm.cl\/index.php?rest_route=%2Fwp%2Fv2%2Fcategories&post=3182"},{"taxonomy":"post_tag","embeddable":true,"href":"https:\/\/radiorevelacionfm.cl\/index.php?rest_route=%2Fwp%2Fv2%2Ftags&post=3182"}],"curies":[{"name":"wp","href":"https:\/\/api.w.org\/{rel}","templated":true}]}}