{"id":31819,"date":"2023-06-09T10:42:59","date_gmt":"2023-06-09T13:42:59","guid":{"rendered":"https:\/\/radiorevelacionfm.cl\/?p=31819"},"modified":"2023-06-09T10:42:59","modified_gmt":"2023-06-09T13:42:59","slug":"seremi-tatiana-pla-esperamos-que-el-proyecto-de-ley-que-establece-un-aporte-extra-y-duplica-el-bono-invierno-2023-sea-aprobado-por-el-congreso","status":"publish","type":"post","link":"https:\/\/radiorevelacionfm.cl\/?p=31819","title":{"rendered":"Seremi Tatiana Pl\u00e1: \u201cEsperamos que el proyecto de ley que establece un aporte extra y duplica el bono invierno 2023 sea aprobado por el Congreso\u201d"},"content":{"rendered":"<div class=\"flex_column av_one_full  flex_column_div av-zero-column-padding first  avia-builder-el-0  el_before_av_one_full  avia-builder-el-first  \" style='border-radius:0px; '><div  class='avia-image-container  av-styling-    avia-builder-el-1  avia-builder-el-no-sibling  avia-align-center '  itemprop=\"image\" itemscope=\"itemscope\" itemtype=\"https:\/\/schema.org\/ImageObject\"  ><div class='avia-image-container-inner'><div class='avia-image-overlay-wrap'><img decoding=\"async\" class='wp-image-31820 avia-img-lazy-loading-not-31820 avia_image' src=\"https:\/\/radiorevelacionfm.cl\/wp-content\/uploads\/2023\/06\/bono-invierno-1-2_optimized.jpg\" alt='' title='bono-invierno-(1)-(2)_optimized' height=\"600\" width=\"1059\"  itemprop=\"thumbnailUrl\" srcset=\"https:\/\/radiorevelacionfm.cl\/wp-content\/uploads\/2023\/06\/bono-invierno-1-2_optimized.jpg 1059w, https:\/\/radiorevelacionfm.cl\/wp-content\/uploads\/2023\/06\/bono-invierno-1-2_optimized-300x170.jpg 300w, https:\/\/radiorevelacionfm.cl\/wp-content\/uploads\/2023\/06\/bono-invierno-1-2_optimized-1030x584.jpg 1030w, https:\/\/radiorevelacionfm.cl\/wp-content\/uploads\/2023\/06\/bono-invierno-1-2_optimized-768x435.jpg 768w, https:\/\/radiorevelacionfm.cl\/wp-content\/uploads\/2023\/06\/bono-invierno-1-2_optimized-705x399.jpg 705w, https:\/\/radiorevelacionfm.cl\/wp-content\/uploads\/2023\/06\/bono-invierno-1-2_optimized-450x255.jpg 450w, https:\/\/radiorevelacionfm.cl\/wp-content\/uploads\/2023\/06\/bono-invierno-1-2_optimized-600x340.jpg 600w\" sizes=\"(max-width: 1059px) 100vw, 1059px\" \/><\/div><\/div><\/div><\/div><div class=\"flex_column av_one_full  flex_column_div av-zero-column-padding first  avia-builder-el-2  el_after_av_one_full  el_before_av_one_full  column-top-margin\" style='border-radius:0px; '><section class=\"av_textblock_section \"  itemscope=\"itemscope\" itemtype=\"https:\/\/schema.org\/BlogPosting\" itemprop=\"blogPost\" ><div class='avia_textblock  '   itemprop=\"text\" ><p style=\"text-align: center;\"><strong><span style=\"font-size: 18pt;\">Seremi Tatiana Pl\u00e1: \u201cEsperamos que el proyecto de ley que establece un aporte extra y duplica el bono invierno 2023 sea aprobado por el Congreso\u201d<\/span><\/strong><\/p>\n<div id=\"gtx-trans\" style=\"position: absolute; left: -50px; top: 4.31534px;\">\n<div class=\"gtx-trans-icon\"><\/div>\n<\/div>\n<\/div><\/section><\/div><div class=\"flex_column av_one_full  flex_column_div av-zero-column-padding first  avia-builder-el-4  el_after_av_one_full  el_before_av_hr  column-top-margin\" style='border-radius:0px; '><section class=\"av_textblock_section \"  itemscope=\"itemscope\" itemtype=\"https:\/\/schema.org\/BlogPosting\" itemprop=\"blogPost\" ><div class='avia_textblock  '   itemprop=\"text\" ><p style=\"text-align: justify;\">El Bono Invierno es una de las ayudas implementadas por el Gobierno en medio de las dificultades econ\u00f3micas que vive el pa\u00eds. Este aporte asciende a $74.767 pesos y se entrega a quienes tengan 65 o m\u00e1s a\u00f1os de edad y que cumplan los requisitos.<\/p>\n<p style=\"text-align: justify;\">El beneficio no es tributable ni imponible y tampoco est\u00e1 sujeto a descuentos. La cifra se pag\u00f3 junto con la pensi\u00f3n correspondiente a mayo y quienes reciben m\u00e1s de una pensi\u00f3n no tienen derecho al bono, salvo si la suma de esas pensiones es igual o menor a $201.677 pesos.<\/p>\n<p style=\"text-align: justify;\">El Presidente Gabriel Boric anunci\u00f3 este aumento en la Cuenta P\u00fablica 2023 y el martes 6 de este mes se concret\u00f3 la iniciativa. El Gobierno dispuso un monto extra al pago original por concepto del Bono Invierno y finalmente fue enviado al Congreso el proyecto que incrementa en $60.000 pesos el beneficio.<\/p>\n<p style=\"text-align: justify;\">En relaci\u00f3n al env\u00edo de este proyecto del ley por parte del Gobierno, que viene a concretar uno de los anuncios del Presidente de ir en ayuda de manera concreta a los que m\u00e1s lo necesitan.<\/p>\n<p style=\"text-align: justify;\">Tatiana Pl\u00e1, vocera de Gobierno en la regi\u00f3n de Ays\u00e9n, se\u00f1al\u00f3: \u201cEsperamos que el llamado al di\u00e1logo del Presidente sea escuchado en el Congreso y se tramite de manera r\u00e1pida este proyecto que ayudar\u00e1 a las personas mayores en estos meses de invierno que son m\u00e1s dif\u00edciles. Nuestro Gobierno est\u00e1 trabajando incansablemente por cumplir con las necesidades de la comunidad, de apoyar y no dejar a nadie solo, sobretodo en nuestra regi\u00f3n que vivimos en condiciones mucho m\u00e1s extremas por las inclemencias del clima\u201d.<\/p>\n<p style=\"text-align: justify;\">El monto ser\u00eda entregado una vez aprobado el proyecto de ley en el Congreso. De esta forma, el aporte final ascender\u00eda a un total de $134.767 pesos, beneficiando a 1,7 millones de personas en el pa\u00eds.<\/p>\n<p style=\"text-align: justify;\">Las personas que recibir\u00e1n el aporte extraordinario de la ayuda gubernamental son: Pensionados\/as cuyas pensiones sean de un monto inferior o igual al valor de la pensi\u00f3n m\u00ednima de vejez para pensionados de 75 o m\u00e1s a\u00f1os de edad a la fecha de pago del beneficio y que sean de: Instituto de Previsi\u00f3n Social, Instituto de Seguridad Laboral, Cajas de Previsi\u00f3n (Dipreca y Capredena), Mutualidades de Empleadores y beneficiarios de Pensi\u00f3n Garantizada Universal (PGU), siempre que no tuvieran derecho a otra pensi\u00f3n en alg\u00fan r\u00e9gimen previsional. Pensionados del sistema establecido en el Sistema de Pensiones de Vejez (1980), que se encuentren percibiendo pensiones m\u00ednimas con garant\u00eda estatal. Pensionados del Sistema de Pensiones de Vejez (1980) que se encuentren recibiendo un Aporte Previsional Solidario de Vejez (APSV), cuyas pensiones sean de un monto inferior o igual al valor de la pensi\u00f3n m\u00ednima de vejez para pensionados de 75 o m\u00e1s a\u00f1os de edad a la fecha de pago del beneficio.<\/p>\n<\/div><\/section><\/div><div  style='height:50px' class='hr hr-invisible   avia-builder-el-6  el_after_av_one_full  el_before_av_social_share '><span class='hr-inner ' ><span class='hr-inner-style'><\/span><\/span><\/div><\/p>\n<div  class='av-social-sharing-box  avia-builder-el-7  el_after_av_hr  el_before_av_hr  '><div class='av-share-box'><h5 class='av-share-link-description av-no-toc '>Compartir esta noticia<\/h5><ul class='av-share-box-list noLightbox'><li class='av-share-link av-social-link-facebook' ><a target=\"_blank\" aria-label=\"Compartir en Facebook\" href='https:\/\/www.facebook.com\/sharer.php?u=https:\/\/radiorevelacionfm.cl\/?p=31819&#038;t=Seremi%20Tatiana%20Pl%C3%A1%3A%20%E2%80%9CEsperamos%20que%20el%20proyecto%20de%20ley%20que%20establece%20un%20aporte%20extra%20y%20duplica%20el%20bono%20invierno%202023%20sea%20aprobado%20por%20el%20Congreso%E2%80%9D' aria-hidden='false' data-av_icon='\ue8f3' data-av_iconfont='entypo-fontello' title='' data-avia-related-tooltip='Compartir en Facebook' rel=\"noopener\"><span class='avia_hidden_link_text'>Compartir en Facebook<\/span><\/a><\/li><li class='av-share-link av-social-link-twitter' ><a target=\"_blank\" aria-label=\"Compartir en Twitter\" href='https:\/\/twitter.com\/share?text=Seremi%20Tatiana%20Pl%C3%A1%3A%20%E2%80%9CEsperamos%20que%20el%20proyecto%20de%20ley%20que%20establece%20un%20aporte%20extra%20y%20duplica%20el%20bono%20invierno%202023%20sea%20aprobado%20por%20el%20Congreso%E2%80%9D&#038;url=https:\/\/radiorevelacionfm.cl\/?p=31819' aria-hidden='false' data-av_icon='\ue8f1' data-av_iconfont='entypo-fontello' title='' data-avia-related-tooltip='Compartir en Twitter' rel=\"noopener\"><span class='avia_hidden_link_text'>Compartir en Twitter<\/span><\/a><\/li><li class='av-share-link av-social-link-whatsapp' ><a target=\"_blank\" aria-label=\"Compartir en Whatsapp\" href='https:\/\/api.whatsapp.com\/send?text=https:\/\/radiorevelacionfm.cl\/?p=31819' aria-hidden='false' data-av_icon='\uf232' data-av_iconfont='entypo-fontello' title='' data-avia-related-tooltip='Compartir en Whatsapp' rel=\"noopener\"><span class='avia_hidden_link_text'>Compartir en Whatsapp<\/span><\/a><\/li><li class='av-share-link av-social-link-linkedin' ><a target=\"_blank\" aria-label=\"Compartir en LinkedIn\" href='https:\/\/linkedin.com\/shareArticle?mini=true&#038;title=Seremi%20Tatiana%20Pl%C3%A1%3A%20%E2%80%9CEsperamos%20que%20el%20proyecto%20de%20ley%20que%20establece%20un%20aporte%20extra%20y%20duplica%20el%20bono%20invierno%202023%20sea%20aprobado%20por%20el%20Congreso%E2%80%9D&#038;url=https:\/\/radiorevelacionfm.cl\/?p=31819' aria-hidden='false' data-av_icon='\ue8fc' data-av_iconfont='entypo-fontello' title='' data-avia-related-tooltip='Compartir en LinkedIn' rel=\"noopener\"><span class='avia_hidden_link_text'>Compartir en LinkedIn<\/span><\/a><\/li><li class='av-share-link av-social-link-mail' ><a  aria-label=\"Compartir por correo\" href='mailto:?subject=Seremi%20Tatiana%20Pl%C3%A1%3A%20%E2%80%9CEsperamos%20que%20el%20proyecto%20de%20ley%20que%20establece%20un%20aporte%20extra%20y%20duplica%20el%20bono%20invierno%202023%20sea%20aprobado%20por%20el%20Congreso%E2%80%9D&#038;body=https:\/\/radiorevelacionfm.cl\/?p=31819' aria-hidden='false' data-av_icon='\ue805' data-av_iconfont='entypo-fontello' title='' data-avia-related-tooltip='Compartir por correo'><span class='avia_hidden_link_text'>Compartir por correo<\/span><\/a><\/li><\/ul><\/div><\/div>\n<div  style='height:50px' class='hr hr-invisible   avia-builder-el-8  el_after_av_social_share  el_before_av_comments_list '><span class='hr-inner ' ><span class='hr-inner-style'><\/span><\/span><\/div>\n<div  class='av-buildercomment  av-blog-meta-html-info-disabled av-blog-meta-tag-disabled  '><\/div>\n","protected":false},"excerpt":{"rendered":"","protected":false},"author":1,"featured_media":31820,"comment_status":"open","ping_status":"open","sticky":false,"template":"","format":"standard","meta":{"footnotes":""},"categories":[38],"tags":[],"class_list":["post-31819","post","type-post","status-publish","format-standard","has-post-thumbnail","hentry","category-regional"],"jetpack_featured_media_url":"https:\/\/radiorevelacionfm.cl\/wp-content\/uploads\/2023\/06\/bono-invierno-1-2_optimized.jpg","_links":{"self":[{"href":"https:\/\/radiorevelacionfm.cl\/index.php?rest_route=\/wp\/v2\/posts\/31819","targetHints":{"allow":["GET"]}}],"collection":[{"href":"https:\/\/radiorevelacionfm.cl\/index.php?rest_route=\/wp\/v2\/posts"}],"about":[{"href":"https:\/\/radiorevelacionfm.cl\/index.php?rest_route=\/wp\/v2\/types\/post"}],"author":[{"embeddable":true,"href":"https:\/\/radiorevelacionfm.cl\/index.php?rest_route=\/wp\/v2\/users\/1"}],"replies":[{"embeddable":true,"href":"https:\/\/radiorevelacionfm.cl\/index.php?rest_route=%2Fwp%2Fv2%2Fcomments&post=31819"}],"version-history":[{"count":1,"href":"https:\/\/radiorevelacionfm.cl\/index.php?rest_route=\/wp\/v2\/posts\/31819\/revisions"}],"predecessor-version":[{"id":31821,"href":"https:\/\/radiorevelacionfm.cl\/index.php?rest_route=\/wp\/v2\/posts\/31819\/revisions\/31821"}],"wp:featuredmedia":[{"embeddable":true,"href":"https:\/\/radiorevelacionfm.cl\/index.php?rest_route=\/wp\/v2\/media\/31820"}],"wp:attachment":[{"href":"https:\/\/radiorevelacionfm.cl\/index.php?rest_route=%2Fwp%2Fv2%2Fmedia&parent=31819"}],"wp:term":[{"taxonomy":"category","embeddable":true,"href":"https:\/\/radiorevelacionfm.cl\/index.php?rest_route=%2Fwp%2Fv2%2Fcategories&post=31819"},{"taxonomy":"post_tag","embeddable":true,"href":"https:\/\/radiorevelacionfm.cl\/index.php?rest_route=%2Fwp%2Fv2%2Ftags&post=31819"}],"curies":[{"name":"wp","href":"https:\/\/api.w.org\/{rel}","templated":true}]}}