{"id":31816,"date":"2023-06-08T18:08:01","date_gmt":"2023-06-08T21:08:01","guid":{"rendered":"https:\/\/radiorevelacionfm.cl\/?p=31816"},"modified":"2023-06-08T18:08:01","modified_gmt":"2023-06-08T21:08:01","slug":"en-visita-a-la-region-subsecretaria-de-servicios-sociales-compartio-con-emprendedores-as-del-fosis-en-coyhaique","status":"publish","type":"post","link":"https:\/\/radiorevelacionfm.cl\/?p=31816","title":{"rendered":"En visita a la regi\u00f3n Subsecretaria de Servicios Sociales comparti\u00f3 con emprendedores\/as del Fosis en Coyhaique"},"content":{"rendered":"<div class=\"flex_column av_one_full  flex_column_div av-zero-column-padding first  avia-builder-el-0  el_before_av_one_full  avia-builder-el-first  \" style='border-radius:0px; '><div  class='avia-image-container  av-styling-    avia-builder-el-1  avia-builder-el-no-sibling  avia-align-center '  itemprop=\"image\" itemscope=\"itemscope\" itemtype=\"https:\/\/schema.org\/ImageObject\"  ><div class='avia-image-container-inner'><div class='avia-image-overlay-wrap'><img decoding=\"async\" class='wp-image-31817 avia-img-lazy-loading-not-31817 avia_image' src=\"https:\/\/radiorevelacionfm.cl\/wp-content\/uploads\/2023\/06\/1-subsecretaria-fosis-1_optimized.jpg\" alt='' title='1-subsecretaria-fosis-(1)_optimized' height=\"600\" width=\"1066\"  itemprop=\"thumbnailUrl\" srcset=\"https:\/\/radiorevelacionfm.cl\/wp-content\/uploads\/2023\/06\/1-subsecretaria-fosis-1_optimized.jpg 1066w, https:\/\/radiorevelacionfm.cl\/wp-content\/uploads\/2023\/06\/1-subsecretaria-fosis-1_optimized-300x169.jpg 300w, https:\/\/radiorevelacionfm.cl\/wp-content\/uploads\/2023\/06\/1-subsecretaria-fosis-1_optimized-1030x580.jpg 1030w, https:\/\/radiorevelacionfm.cl\/wp-content\/uploads\/2023\/06\/1-subsecretaria-fosis-1_optimized-768x432.jpg 768w, https:\/\/radiorevelacionfm.cl\/wp-content\/uploads\/2023\/06\/1-subsecretaria-fosis-1_optimized-705x397.jpg 705w, https:\/\/radiorevelacionfm.cl\/wp-content\/uploads\/2023\/06\/1-subsecretaria-fosis-1_optimized-450x253.jpg 450w, https:\/\/radiorevelacionfm.cl\/wp-content\/uploads\/2023\/06\/1-subsecretaria-fosis-1_optimized-600x338.jpg 600w\" sizes=\"(max-width: 1066px) 100vw, 1066px\" \/><\/div><\/div><\/div><\/div><div class=\"flex_column av_one_full  flex_column_div av-zero-column-padding first  avia-builder-el-2  el_after_av_one_full  el_before_av_one_full  column-top-margin\" style='border-radius:0px; '><section class=\"av_textblock_section \"  itemscope=\"itemscope\" itemtype=\"https:\/\/schema.org\/BlogPosting\" itemprop=\"blogPost\" ><div class='avia_textblock  '   itemprop=\"text\" ><p style=\"text-align: center;\"><strong><span style=\"font-size: 18pt;\">En visita a la regi\u00f3n Subsecretaria de Servicios Sociales comparti\u00f3 con emprendedores\/as del Fosis en Coyhaique<\/span><\/strong><\/p>\n<div id=\"gtx-trans\" style=\"position: absolute; left: -50px; top: 4.31534px;\">\n<div class=\"gtx-trans-icon\"><\/div>\n<\/div>\n<\/div><\/section><\/div><div class=\"flex_column av_one_full  flex_column_div av-zero-column-padding first  avia-builder-el-4  el_after_av_one_full  el_before_av_hr  column-top-margin\" style='border-radius:0px; '><section class=\"av_textblock_section \"  itemscope=\"itemscope\" itemtype=\"https:\/\/schema.org\/BlogPosting\" itemprop=\"blogPost\" ><div class='avia_textblock  '   itemprop=\"text\" ><p style=\"text-align: justify;\">En el marco de su visita a la regi\u00f3n de Ays\u00e9n, la Subsecretaria de Servicios Sociales del Ministerio de Desarrollo Social y Familia, Francisca Perales, particip\u00f3 de un encuentro con emprendedoras y emprendedores usuarios del Fondo de Solidaridad e Inversi\u00f3n Social, FOSIS, quienes actualmente est\u00e1n recibiendo las asesor\u00edas del programa Emprendamos Semilla, ejecutado en la comuna de Coyhaique.<\/p>\n<p style=\"text-align: justify;\">Durante la jornada los emprendedores y emprendedoras; quienes ya presentaron sus planes de financiamiento para adquirir herramientas e insumos que les permitan fortalecer el funcionamiento de sus negocios, contaron parte de sus historias de vida, sus experiencias en el mundo del emprendimiento y c\u00f3mo los programas de generaci\u00f3n de ingresos del FOSIS han sido un aporte importante para sacar adelante sus actividades productivas.<\/p>\n<p style=\"text-align: justify;\">La emprendedora de Coyhaique, Rosa Levitureo, destac\u00f3 la visita de la Subsecretaria y asegur\u00f3 que \u201cfue agradable que haya venido presencialmente a escuchar a cada usuario, la historia de cada uno, por qu\u00e9 cada uno tom\u00f3 la decisi\u00f3n de emprender, qu\u00e9 fue lo que nos empuj\u00f3 y que pueda ver que somos fuertes y que gracias a estos proyectos se nos despeja la mente y nos damos cuenta de que si podemos hacer algo, ser independientes, sacar a nuestras familias e hijos adelante\u201d.<\/p>\n<p style=\"text-align: justify;\">Francisca Perales, Subsecretaria de Servicios Sociales, valor\u00f3 positivamente el encuentro con usuarios y usuarias del FOSIS y enfatiz\u00f3 que \u201cgran parte de las personas que est\u00e1n en estos programas son mujeres, que por distintas razones que tienen que ver con cuidados o porque no tienen acceso a un empleo formal;\u00a0 terminan ocupando esta herramientas como primera etapa hacia una formalizaci\u00f3n laboral, que les permita generar ingresos aut\u00f3nomos para tener condiciones de vida digna\u201d.<\/p>\n<p style=\"text-align: justify;\">La Seremi de Desarrollo Social y Familia en Ays\u00e9n, Karina Acevedo, recalc\u00f3 que \u201cla Subsecretaria pudo ver c\u00f3mo estamos haciendo esta pol\u00edtica p\u00fablica, con la bajada del FOSIS, y c\u00f3mo esto se ve plasmado en este grupo de mujeres que est\u00e1n trabajando y desarrollando sus emprendimientos. Estamos muy contentos y nos vamos muy agradecidos de este espacio, porque vemos que el trabajo que estamos haciendo como estado y el impulso que nos ha pedido el Presidente Gabriel Boric, de estar en terreno, ser persistentes y entregar las herramientas adecuadas y precisa para el territorio, lo estamos cumplimiento en la regi\u00f3n de Ays\u00e9n\u201d.<\/p>\n<p style=\"text-align: justify;\">Fernanda Leiva, Directora Regional del FOSIS en Ays\u00e9n, se\u00f1al\u00f3 que en este tipo de instancias de conversaci\u00f3n con las personas usuarias \u201cse refuerza la misi\u00f3n que tiene el FOSIS con respecto de apoyar la autonom\u00eda econ\u00f3mica de las mujeres y de las familias, entender c\u00f3mo damos impulso y fuerza a las personas que ejercen, adem\u00e1s de sus propios emprendimientos, labores de cuidado sobre otros. Estamos muy contentos por esta experiencia y le deseamos a todos los emprendedores y emprendedoras de este programa mucha suerte en lo que queda de ejecuci\u00f3n\u201d.<\/p>\n<p style=\"text-align: justify;\">El programa Emprendamos Semilla del FOSIS est\u00e1 orientado a personas que tienen una idea de negocio o un emprendimiento incipiente y buscan desarrollarlo para aumentar su generaci\u00f3n de ingresos con capacitaci\u00f3n, asesor\u00eda y financiamiento.<\/p>\n<\/div><\/section><\/div><div  style='height:50px' class='hr hr-invisible   avia-builder-el-6  el_after_av_one_full  el_before_av_social_share '><span class='hr-inner ' ><span class='hr-inner-style'><\/span><\/span><\/div><\/p>\n<div  class='av-social-sharing-box  avia-builder-el-7  el_after_av_hr  el_before_av_hr  '><div class='av-share-box'><h5 class='av-share-link-description av-no-toc '>Compartir esta noticia<\/h5><ul class='av-share-box-list noLightbox'><li class='av-share-link av-social-link-facebook' ><a target=\"_blank\" aria-label=\"Compartir en Facebook\" href='https:\/\/www.facebook.com\/sharer.php?u=https:\/\/radiorevelacionfm.cl\/?p=31816&#038;t=En%20visita%20a%20la%20regi%C3%B3n%20Subsecretaria%20de%20Servicios%20Sociales%20comparti%C3%B3%20con%20emprendedores%2Fas%20del%20Fosis%20en%20Coyhaique' aria-hidden='false' data-av_icon='\ue8f3' data-av_iconfont='entypo-fontello' title='' data-avia-related-tooltip='Compartir en Facebook' rel=\"noopener\"><span class='avia_hidden_link_text'>Compartir en Facebook<\/span><\/a><\/li><li class='av-share-link av-social-link-twitter' ><a target=\"_blank\" aria-label=\"Compartir en Twitter\" href='https:\/\/twitter.com\/share?text=En%20visita%20a%20la%20regi%C3%B3n%20Subsecretaria%20de%20Servicios%20Sociales%20comparti%C3%B3%20con%20emprendedores%2Fas%20del%20Fosis%20en%20Coyhaique&#038;url=https:\/\/radiorevelacionfm.cl\/?p=31816' aria-hidden='false' data-av_icon='\ue8f1' data-av_iconfont='entypo-fontello' title='' data-avia-related-tooltip='Compartir en Twitter' rel=\"noopener\"><span class='avia_hidden_link_text'>Compartir en Twitter<\/span><\/a><\/li><li class='av-share-link av-social-link-whatsapp' ><a target=\"_blank\" aria-label=\"Compartir en Whatsapp\" href='https:\/\/api.whatsapp.com\/send?text=https:\/\/radiorevelacionfm.cl\/?p=31816' aria-hidden='false' data-av_icon='\uf232' data-av_iconfont='entypo-fontello' title='' data-avia-related-tooltip='Compartir en Whatsapp' rel=\"noopener\"><span class='avia_hidden_link_text'>Compartir en Whatsapp<\/span><\/a><\/li><li class='av-share-link av-social-link-linkedin' ><a target=\"_blank\" aria-label=\"Compartir en LinkedIn\" href='https:\/\/linkedin.com\/shareArticle?mini=true&#038;title=En%20visita%20a%20la%20regi%C3%B3n%20Subsecretaria%20de%20Servicios%20Sociales%20comparti%C3%B3%20con%20emprendedores%2Fas%20del%20Fosis%20en%20Coyhaique&#038;url=https:\/\/radiorevelacionfm.cl\/?p=31816' aria-hidden='false' data-av_icon='\ue8fc' data-av_iconfont='entypo-fontello' title='' data-avia-related-tooltip='Compartir en LinkedIn' rel=\"noopener\"><span class='avia_hidden_link_text'>Compartir en LinkedIn<\/span><\/a><\/li><li class='av-share-link av-social-link-mail' ><a  aria-label=\"Compartir por correo\" href='mailto:?subject=En%20visita%20a%20la%20regi%C3%B3n%20Subsecretaria%20de%20Servicios%20Sociales%20comparti%C3%B3%20con%20emprendedores%2Fas%20del%20Fosis%20en%20Coyhaique&#038;body=https:\/\/radiorevelacionfm.cl\/?p=31816' aria-hidden='false' data-av_icon='\ue805' data-av_iconfont='entypo-fontello' title='' data-avia-related-tooltip='Compartir por correo'><span class='avia_hidden_link_text'>Compartir por correo<\/span><\/a><\/li><\/ul><\/div><\/div>\n<div  style='height:50px' class='hr hr-invisible   avia-builder-el-8  el_after_av_social_share  el_before_av_comments_list '><span class='hr-inner ' ><span class='hr-inner-style'><\/span><\/span><\/div>\n<div  class='av-buildercomment  av-blog-meta-html-info-disabled av-blog-meta-tag-disabled  '><\/div>\n","protected":false},"excerpt":{"rendered":"","protected":false},"author":1,"featured_media":31817,"comment_status":"open","ping_status":"open","sticky":false,"template":"","format":"standard","meta":{"footnotes":""},"categories":[38],"tags":[],"class_list":["post-31816","post","type-post","status-publish","format-standard","has-post-thumbnail","hentry","category-regional"],"jetpack_featured_media_url":"https:\/\/radiorevelacionfm.cl\/wp-content\/uploads\/2023\/06\/1-subsecretaria-fosis-1_optimized.jpg","_links":{"self":[{"href":"https:\/\/radiorevelacionfm.cl\/index.php?rest_route=\/wp\/v2\/posts\/31816","targetHints":{"allow":["GET"]}}],"collection":[{"href":"https:\/\/radiorevelacionfm.cl\/index.php?rest_route=\/wp\/v2\/posts"}],"about":[{"href":"https:\/\/radiorevelacionfm.cl\/index.php?rest_route=\/wp\/v2\/types\/post"}],"author":[{"embeddable":true,"href":"https:\/\/radiorevelacionfm.cl\/index.php?rest_route=\/wp\/v2\/users\/1"}],"replies":[{"embeddable":true,"href":"https:\/\/radiorevelacionfm.cl\/index.php?rest_route=%2Fwp%2Fv2%2Fcomments&post=31816"}],"version-history":[{"count":1,"href":"https:\/\/radiorevelacionfm.cl\/index.php?rest_route=\/wp\/v2\/posts\/31816\/revisions"}],"predecessor-version":[{"id":31818,"href":"https:\/\/radiorevelacionfm.cl\/index.php?rest_route=\/wp\/v2\/posts\/31816\/revisions\/31818"}],"wp:featuredmedia":[{"embeddable":true,"href":"https:\/\/radiorevelacionfm.cl\/index.php?rest_route=\/wp\/v2\/media\/31817"}],"wp:attachment":[{"href":"https:\/\/radiorevelacionfm.cl\/index.php?rest_route=%2Fwp%2Fv2%2Fmedia&parent=31816"}],"wp:term":[{"taxonomy":"category","embeddable":true,"href":"https:\/\/radiorevelacionfm.cl\/index.php?rest_route=%2Fwp%2Fv2%2Fcategories&post=31816"},{"taxonomy":"post_tag","embeddable":true,"href":"https:\/\/radiorevelacionfm.cl\/index.php?rest_route=%2Fwp%2Fv2%2Ftags&post=31816"}],"curies":[{"name":"wp","href":"https:\/\/api.w.org\/{rel}","templated":true}]}}