{"id":31813,"date":"2023-06-08T15:48:28","date_gmt":"2023-06-08T18:48:28","guid":{"rendered":"https:\/\/radiorevelacionfm.cl\/?p=31813"},"modified":"2023-06-08T15:48:28","modified_gmt":"2023-06-08T18:48:28","slug":"tras-varios-anos-de-trabajo-4-familias-de-villa-el-blanco-cumplieron-el-sueno-de-la-casa-propia","status":"publish","type":"post","link":"https:\/\/radiorevelacionfm.cl\/?p=31813","title":{"rendered":"Tras varios a\u00f1os de trabajo 4 familias de Villa El Blanco cumplieron el sue\u00f1o de la casa propia"},"content":{"rendered":"<div class=\"flex_column av_one_full  flex_column_div av-zero-column-padding first  avia-builder-el-0  el_before_av_one_full  avia-builder-el-first  \" style='border-radius:0px; '><div  class='avia-image-container  av-styling-    avia-builder-el-1  avia-builder-el-no-sibling  avia-align-center '  itemprop=\"image\" itemscope=\"itemscope\" itemtype=\"https:\/\/schema.org\/ImageObject\"  ><div class='avia-image-container-inner'><div class='avia-image-overlay-wrap'><img decoding=\"async\" class='wp-image-31814 avia-img-lazy-loading-not-31814 avia_image' src=\"https:\/\/radiorevelacionfm.cl\/wp-content\/uploads\/2023\/06\/Entrega-de-4-viviendas-villa-El-Blanco-1-1.jpg\" alt='' title='Entrega de 4 viviendas villa El Blanco (1) (1)' height=\"600\" width=\"900\"  itemprop=\"thumbnailUrl\" srcset=\"https:\/\/radiorevelacionfm.cl\/wp-content\/uploads\/2023\/06\/Entrega-de-4-viviendas-villa-El-Blanco-1-1.jpg 900w, https:\/\/radiorevelacionfm.cl\/wp-content\/uploads\/2023\/06\/Entrega-de-4-viviendas-villa-El-Blanco-1-1-300x200.jpg 300w, https:\/\/radiorevelacionfm.cl\/wp-content\/uploads\/2023\/06\/Entrega-de-4-viviendas-villa-El-Blanco-1-1-768x512.jpg 768w, https:\/\/radiorevelacionfm.cl\/wp-content\/uploads\/2023\/06\/Entrega-de-4-viviendas-villa-El-Blanco-1-1-705x470.jpg 705w, https:\/\/radiorevelacionfm.cl\/wp-content\/uploads\/2023\/06\/Entrega-de-4-viviendas-villa-El-Blanco-1-1-450x300.jpg 450w, https:\/\/radiorevelacionfm.cl\/wp-content\/uploads\/2023\/06\/Entrega-de-4-viviendas-villa-El-Blanco-1-1-600x400.jpg 600w\" sizes=\"(max-width: 900px) 100vw, 900px\" \/><\/div><\/div><\/div><\/div><div class=\"flex_column av_one_full  flex_column_div av-zero-column-padding first  avia-builder-el-2  el_after_av_one_full  el_before_av_one_full  column-top-margin\" style='border-radius:0px; '><section class=\"av_textblock_section \"  itemscope=\"itemscope\" itemtype=\"https:\/\/schema.org\/BlogPosting\" itemprop=\"blogPost\" ><div class='avia_textblock  '   itemprop=\"text\" ><p style=\"text-align: center;\"><strong><span style=\"font-size: 18pt;\">Tras varios a\u00f1os de trabajo 4 familias de Villa El Blanco cumplieron el sue\u00f1o de la casa propia<\/span><\/strong><\/p>\n<div id=\"gtx-trans\" style=\"position: absolute; left: -50px; top: 4.31534px;\">\n<div class=\"gtx-trans-icon\"><\/div>\n<\/div>\n<\/div><\/section><\/div><div class=\"flex_column av_one_full  flex_column_div av-zero-column-padding first  avia-builder-el-4  el_after_av_one_full  el_before_av_hr  column-top-margin\" style='border-radius:0px; '><section class=\"av_textblock_section \"  itemscope=\"itemscope\" itemtype=\"https:\/\/schema.org\/BlogPosting\" itemprop=\"blogPost\" ><div class='avia_textblock  '   itemprop=\"text\" ><p style=\"text-align: justify;\">Con mucha emoci\u00f3n, alegr\u00eda y satisfacci\u00f3n por la meta cumplida y tras varios a\u00f1os de trabajo y perseverancia, cuatro familias de Villa El Blanco recibieron las esperadas llaves de su casa propia. El significativo momento, que se enmarca en el Plan de Emergencia Habitacional del Gobierno, se vivi\u00f3 este martes en un breve encuentro que estuvo encabezado por la Seremi de Vivienda, Paulina Ruz y el alcalde de la comuna de Coyhaique, Carlos Gatica, adem\u00e1s del Director (S) del Serviu, Eduardo Navarro, familiares y amigos de los beneficiarios.<\/p>\n<p style=\"text-align: justify;\">Los nuevos propietarios forman parte del comit\u00e9 \u201cEsperanza de Vida\u00bb, el que debi\u00f3 superar varias dificultades a trav\u00e9s de los a\u00f1os, hasta que logr\u00f3 postular y obtener sus subsidios en el marco del Programa de Habitabilidad Rural del Ministerio de Vivienda y Urbanismo. El \u00e9xito en el proceso fue posible adem\u00e1s con el apoyo y asesor\u00eda de la Municipalidad de Coyhaique, que actu\u00f3 como Entidad Patrocinante, finalizando con la contrataci\u00f3n y ejecuci\u00f3n del proyecto a cargo de la empresa Xinta Limitada.<\/p>\n<p style=\"text-align: justify;\">\u00a0Tras visitar a cada una de las familias en su nueva vivienda, la Seremi Paulina Ruz destac\u00f3 los altos est\u00e1ndares de dise\u00f1o, materialidad, seguridad y comodidad que tienen hoy las soluciones habitacionales que entrega el Estado en todas las comunas de la regi\u00f3n, las que sin duda est\u00e1n entre las mejores del pa\u00eds. \u201cMomentos como este nos llenan de emoci\u00f3n. Como ministerio invertimos en las familias de la regi\u00f3n con casas que tengan los m\u00e1s altos est\u00e1ndares de calidad, en este caso la vivienda tiene un monto cercano a las 8 mil UF, considerando que adem\u00e1s tiene su acondicionamiento t\u00e9rmico, entendiendo que aquellas localidades del sector rural de la regi\u00f3n de Ays\u00e9n necesitan de este componente en su materialidad para que puedan vivir m\u00e1s c\u00f3modamente. Es por eso que seguimos comprometidos con las familias, tenemos un Plan de Emergencia Habitacional y esto es fruto tambi\u00e9n de un trabajo importante del comit\u00e9, pero tambi\u00e9n de la colaboraci\u00f3n relevante del municipio para mejorar las condiciones de vida de las familias de la comuna\u201d, manifest\u00f3.<\/p>\n<p style=\"text-align: justify;\">Sin duda los m\u00e1s felices eran los beneficiarios y en especial el Presidente del comit\u00e9 Esperanza de Vida, Sandro Almonacid, quien expreso su emoci\u00f3n y satisfacci\u00f3n al ver que tras mucho esfuerzo lleg\u00f3 el d\u00eda en que abren las puertas de su casa propia e inician en ella una nueva vida junto a sus familias. \u201cVali\u00f3 la pena totalmente, vali\u00f3 la pena porque hemos luchado harto por esto, por hoy d\u00eda, entonces ver que por fin sali\u00f3 y se concret\u00f3 un sue\u00f1o, porque no es solamente nosotros, sino que hay familias detr\u00e1s, las cuales hemos ido creciendo. Hay personas que empezaron este proyecto siendo parejas o con un beb\u00e9 y hoy son una familia m\u00e1s grande y hoy por fin tienen su hogar, su casa propia, al igual que uno. Entonces no hay palabras como para describir un momento como este, ya que a uno lo marca toda la vida el tema de su hogar, de su casa propia. Ya basta de arriendo, ya basta de andar por todos lados, ahora uno dice me voy a mi casa, y es la sensaci\u00f3n m\u00e1s rica que uno puede tener como propietario de su vivienda, porque all\u00ed uno arma su hogar y la gente vive m\u00e1s tranquila y m\u00e1s contenta\u201d, asegur\u00f3.<\/p>\n<p style=\"text-align: justify;\">El proyecto entregado se ubica en la calle La Estancia con Cerro La Virgen, en la Villa El Blanco y cuenta con 2 viviendas de 47, 7 metros cuadrados de superficie y 2 viviendas con ampliaci\u00f3n, que alcanzan los 67,7 metros cuadrados, sumando una inversi\u00f3n sectorial que borde\u00f3 los 280 millones de pesos. \u00a0Cabe consignar que otros proyectos similares est\u00e1n en su etapa final en Villa Ortega y Villa \u00d1irehuao, los que beneficiar\u00e1n a otras 15 familias de estos sectores rurales de la comuna de Coyhaique.<\/p>\n<\/div><\/section><\/div><div  style='height:50px' class='hr hr-invisible   avia-builder-el-6  el_after_av_one_full  el_before_av_social_share '><span class='hr-inner ' ><span class='hr-inner-style'><\/span><\/span><\/div><\/p>\n<div  class='av-social-sharing-box  avia-builder-el-7  el_after_av_hr  el_before_av_hr  '><div class='av-share-box'><h5 class='av-share-link-description av-no-toc '>Compartir esta noticia<\/h5><ul class='av-share-box-list noLightbox'><li class='av-share-link av-social-link-facebook' ><a target=\"_blank\" aria-label=\"Compartir en Facebook\" href='https:\/\/www.facebook.com\/sharer.php?u=https:\/\/radiorevelacionfm.cl\/?p=31813&#038;t=Tras%20varios%20a%C3%B1os%20de%20trabajo%204%20familias%20de%20Villa%20El%20Blanco%20cumplieron%20el%20sue%C3%B1o%20de%20la%20casa%20propia' aria-hidden='false' data-av_icon='\ue8f3' data-av_iconfont='entypo-fontello' title='' data-avia-related-tooltip='Compartir en Facebook' rel=\"noopener\"><span class='avia_hidden_link_text'>Compartir en Facebook<\/span><\/a><\/li><li class='av-share-link av-social-link-twitter' ><a target=\"_blank\" aria-label=\"Compartir en Twitter\" href='https:\/\/twitter.com\/share?text=Tras%20varios%20a%C3%B1os%20de%20trabajo%204%20familias%20de%20Villa%20El%20Blanco%20cumplieron%20el%20sue%C3%B1o%20de%20la%20casa%20propia&#038;url=https:\/\/radiorevelacionfm.cl\/?p=31813' aria-hidden='false' data-av_icon='\ue8f1' data-av_iconfont='entypo-fontello' title='' data-avia-related-tooltip='Compartir en Twitter' rel=\"noopener\"><span class='avia_hidden_link_text'>Compartir en Twitter<\/span><\/a><\/li><li class='av-share-link av-social-link-whatsapp' ><a target=\"_blank\" aria-label=\"Compartir en Whatsapp\" href='https:\/\/api.whatsapp.com\/send?text=https:\/\/radiorevelacionfm.cl\/?p=31813' aria-hidden='false' data-av_icon='\uf232' data-av_iconfont='entypo-fontello' title='' data-avia-related-tooltip='Compartir en Whatsapp' rel=\"noopener\"><span class='avia_hidden_link_text'>Compartir en Whatsapp<\/span><\/a><\/li><li class='av-share-link av-social-link-linkedin' ><a target=\"_blank\" aria-label=\"Compartir en LinkedIn\" href='https:\/\/linkedin.com\/shareArticle?mini=true&#038;title=Tras%20varios%20a%C3%B1os%20de%20trabajo%204%20familias%20de%20Villa%20El%20Blanco%20cumplieron%20el%20sue%C3%B1o%20de%20la%20casa%20propia&#038;url=https:\/\/radiorevelacionfm.cl\/?p=31813' aria-hidden='false' data-av_icon='\ue8fc' data-av_iconfont='entypo-fontello' title='' data-avia-related-tooltip='Compartir en LinkedIn' rel=\"noopener\"><span class='avia_hidden_link_text'>Compartir en LinkedIn<\/span><\/a><\/li><li class='av-share-link av-social-link-mail' ><a  aria-label=\"Compartir por correo\" href='mailto:?subject=Tras%20varios%20a%C3%B1os%20de%20trabajo%204%20familias%20de%20Villa%20El%20Blanco%20cumplieron%20el%20sue%C3%B1o%20de%20la%20casa%20propia&#038;body=https:\/\/radiorevelacionfm.cl\/?p=31813' aria-hidden='false' data-av_icon='\ue805' data-av_iconfont='entypo-fontello' title='' data-avia-related-tooltip='Compartir por correo'><span class='avia_hidden_link_text'>Compartir por correo<\/span><\/a><\/li><\/ul><\/div><\/div>\n<div  style='height:50px' class='hr hr-invisible   avia-builder-el-8  el_after_av_social_share  el_before_av_comments_list '><span class='hr-inner ' ><span class='hr-inner-style'><\/span><\/span><\/div>\n<div  class='av-buildercomment  av-blog-meta-html-info-disabled av-blog-meta-tag-disabled  '><\/div>\n","protected":false},"excerpt":{"rendered":"","protected":false},"author":1,"featured_media":31814,"comment_status":"open","ping_status":"open","sticky":false,"template":"","format":"standard","meta":{"footnotes":""},"categories":[57],"tags":[],"class_list":["post-31813","post","type-post","status-publish","format-standard","has-post-thumbnail","hentry","category-vivienda"],"jetpack_featured_media_url":"https:\/\/radiorevelacionfm.cl\/wp-content\/uploads\/2023\/06\/Entrega-de-4-viviendas-villa-El-Blanco-1-1.jpg","_links":{"self":[{"href":"https:\/\/radiorevelacionfm.cl\/index.php?rest_route=\/wp\/v2\/posts\/31813","targetHints":{"allow":["GET"]}}],"collection":[{"href":"https:\/\/radiorevelacionfm.cl\/index.php?rest_route=\/wp\/v2\/posts"}],"about":[{"href":"https:\/\/radiorevelacionfm.cl\/index.php?rest_route=\/wp\/v2\/types\/post"}],"author":[{"embeddable":true,"href":"https:\/\/radiorevelacionfm.cl\/index.php?rest_route=\/wp\/v2\/users\/1"}],"replies":[{"embeddable":true,"href":"https:\/\/radiorevelacionfm.cl\/index.php?rest_route=%2Fwp%2Fv2%2Fcomments&post=31813"}],"version-history":[{"count":1,"href":"https:\/\/radiorevelacionfm.cl\/index.php?rest_route=\/wp\/v2\/posts\/31813\/revisions"}],"predecessor-version":[{"id":31815,"href":"https:\/\/radiorevelacionfm.cl\/index.php?rest_route=\/wp\/v2\/posts\/31813\/revisions\/31815"}],"wp:featuredmedia":[{"embeddable":true,"href":"https:\/\/radiorevelacionfm.cl\/index.php?rest_route=\/wp\/v2\/media\/31814"}],"wp:attachment":[{"href":"https:\/\/radiorevelacionfm.cl\/index.php?rest_route=%2Fwp%2Fv2%2Fmedia&parent=31813"}],"wp:term":[{"taxonomy":"category","embeddable":true,"href":"https:\/\/radiorevelacionfm.cl\/index.php?rest_route=%2Fwp%2Fv2%2Fcategories&post=31813"},{"taxonomy":"post_tag","embeddable":true,"href":"https:\/\/radiorevelacionfm.cl\/index.php?rest_route=%2Fwp%2Fv2%2Ftags&post=31813"}],"curies":[{"name":"wp","href":"https:\/\/api.w.org\/{rel}","templated":true}]}}