{"id":31810,"date":"2023-06-10T14:17:32","date_gmt":"2023-06-10T17:17:32","guid":{"rendered":"https:\/\/radiorevelacionfm.cl\/?p=31810"},"modified":"2023-06-10T14:17:32","modified_gmt":"2023-06-10T17:17:32","slug":"sandoval-y-ley-que-crea-el-sbap-el-pais-mas-alla-de-cualquier-cuestionamiento-esta-dando-un-paso-relevante","status":"publish","type":"post","link":"https:\/\/radiorevelacionfm.cl\/?p=31810","title":{"rendered":"Sandoval y ley que crea el SBAP: \u201cEl pa\u00eds, m\u00e1s all\u00e1 de cualquier cuestionamiento, est\u00e1 dando un paso relevante\u201d"},"content":{"rendered":"<div class=\"flex_column av_one_full  flex_column_div av-zero-column-padding first  avia-builder-el-0  el_before_av_one_full  avia-builder-el-first  \" style='border-radius:0px; '><div  class='avia-image-container  av-styling-    avia-builder-el-1  avia-builder-el-no-sibling  avia-align-center '  itemprop=\"image\" itemscope=\"itemscope\" itemtype=\"https:\/\/schema.org\/ImageObject\"  ><div class='avia-image-container-inner'><div class='avia-image-overlay-wrap'><img decoding=\"async\" class='wp-image-31811 avia-img-lazy-loading-not-31811 avia_image' src=\"https:\/\/radiorevelacionfm.cl\/wp-content\/uploads\/2023\/06\/sandoval-2-1-1.jpg\" alt='' title='sandoval (2) (1) (1)' height=\"600\" width=\"1204\"  itemprop=\"thumbnailUrl\" srcset=\"https:\/\/radiorevelacionfm.cl\/wp-content\/uploads\/2023\/06\/sandoval-2-1-1.jpg 1204w, https:\/\/radiorevelacionfm.cl\/wp-content\/uploads\/2023\/06\/sandoval-2-1-1-300x150.jpg 300w, https:\/\/radiorevelacionfm.cl\/wp-content\/uploads\/2023\/06\/sandoval-2-1-1-1030x513.jpg 1030w, https:\/\/radiorevelacionfm.cl\/wp-content\/uploads\/2023\/06\/sandoval-2-1-1-768x383.jpg 768w, https:\/\/radiorevelacionfm.cl\/wp-content\/uploads\/2023\/06\/sandoval-2-1-1-705x351.jpg 705w, https:\/\/radiorevelacionfm.cl\/wp-content\/uploads\/2023\/06\/sandoval-2-1-1-450x224.jpg 450w, https:\/\/radiorevelacionfm.cl\/wp-content\/uploads\/2023\/06\/sandoval-2-1-1-600x299.jpg 600w\" sizes=\"(max-width: 1204px) 100vw, 1204px\" \/><\/div><\/div><\/div><\/div><div class=\"flex_column av_one_full  flex_column_div av-zero-column-padding first  avia-builder-el-2  el_after_av_one_full  el_before_av_one_full  column-top-margin\" style='border-radius:0px; '><section class=\"av_textblock_section \"  itemscope=\"itemscope\" itemtype=\"https:\/\/schema.org\/BlogPosting\" itemprop=\"blogPost\" ><div class='avia_textblock  '   itemprop=\"text\" ><p style=\"text-align: center;\"><span style=\"font-size: 18pt;\"><strong>Sandoval y ley que crea el SBAP: <\/strong><strong>\u201cEl pa\u00eds, m\u00e1s all\u00e1 de cualquier cuestionamiento, est\u00e1 dando un paso relevante\u201d<\/strong><\/span><\/p>\n<div id=\"gtx-trans\" style=\"position: absolute; left: -50px; top: 4.31534px;\">\n<div class=\"gtx-trans-icon\"><\/div>\n<\/div>\n<\/div><\/section><\/div><div class=\"flex_column av_one_full  flex_column_div av-zero-column-padding first  avia-builder-el-4  el_after_av_one_full  el_before_av_hr  column-top-margin\" style='border-radius:0px; '><section class=\"av_textblock_section \"  itemscope=\"itemscope\" itemtype=\"https:\/\/schema.org\/BlogPosting\" itemprop=\"blogPost\" ><div class='avia_textblock  '   itemprop=\"text\" ><p style=\"text-align: justify;\"><em>El senador dijo que, aunque en las \u00faltimas semanas el debate se centr\u00f3 en un tema que atentaba contra desarrollo de la zona austral, se termina aprobando una iniciativa que crea una nueva institucionalidad ambiental<\/em><\/p>\n<p style=\"text-align: justify;\">\u201cEl pa\u00eds, m\u00e1s all\u00e1 de cualquier cuestionamiento y situaci\u00f3n, est\u00e1 dando un paso relevante, no estando en riesgo su imagen en el mundo respecto del rol que tenemos como sociedad frente a la protecci\u00f3n del medioambiente\u201d. As\u00ed lo se\u00f1al\u00f3 el senador David Sandoval, luego de que la C\u00e1mara Alta aprobara este mi\u00e9rcoles el informe de la comisi\u00f3n mixta del proyecto de ley que crea el Servicio de Biodiversidad y \u00c1reas Protegidas (SBAP).<\/p>\n<p style=\"text-align: justify;\">Y esto, luego de semanas de debate en la que hubo una intensa discusi\u00f3n centrada en una de las indicaciones que el Ejecutivo quiso incorporar a la iniciativa y que ten\u00edan que ver con la prohibici\u00f3n de nuevas concesiones de acuicultura en \u00e1reas protegidas.<\/p>\n<p style=\"text-align: justify;\">Durante su intervenci\u00f3n, el parlamentario cuestion\u00f3 que el debate se haya centrado en este tema, si bien aquello fue finalmente rechazado por la propia comisi\u00f3n mixta constituida en el Parlamento. \u201cLlevamos la delantera en muchos \u00e1mbitos, incluso en la protecci\u00f3n de \u00e1reas marinas. En la regi\u00f3n de Ays\u00e9n el 86% de la superficie son parques, reservas, monumentos o tierras fiscales. Por lo tanto, si alguien est\u00e1 incumpliendo materias de orden ambiental, laboral o social, tendr\u00e1 que establecerse la institucionalidad complementaria para abordar estos temas\u201d, indic\u00f3.<\/p>\n<p style=\"text-align: justify;\">En ese contexto, Sandoval dijo compartir que la industria del salm\u00f3n es un factor relevante en el desarrollo de la zona austral, as\u00ed como la miner\u00eda \u201ccon todas sus externalidades negativas\u201d, por lo cual enfatiz\u00f3 que frente a estas discusiones \u201chabr\u00e1 que exigir a quienes est\u00e9n haciendo mal las cosas a que lo hagan bien\u201d, recalcando eso s\u00ed que \u201choy estamos enfrentados a una aprobaci\u00f3n mucho m\u00e1s significativa que esta discusi\u00f3n peque\u00f1a que atentaba contra el desarrollo de la zona austral\u201d.<\/p>\n<p style=\"text-align: justify;\">Por lo mismo, consider\u00f3 pertinente que la discusi\u00f3n se centrara en el objetivo mayor, es decir, la aprobaci\u00f3n de una nueva institucionalidad. \u201cEsa es la mayor relevancia. Chile est\u00e1 cumpliendo en crear esta arquitectura institucional en torno al tema ambiental y el SBAP es un paso relevante en ello\u201d, subray\u00f3.<\/p>\n<p style=\"text-align: justify;\">Cabe se\u00f1alar que la comisi\u00f3n mixta logr\u00f3 acuerdo en gran parte del articulado del proyecto de ley, excepto en la norma que ten\u00eda que ver con las concesiones econ\u00f3micas para proyectos, tales como, salmonicultura, energ\u00e9ticos o mineros en las \u00e1reas protegidas.<\/p>\n<p style=\"text-align: justify;\">Ahora la iniciativa debe ser vista por la C\u00e1mara de Diputados y Diputadas antes de convertirse definitivamente en ley.<\/p>\n<\/div><\/section><\/div><div  style='height:50px' class='hr hr-invisible   avia-builder-el-6  el_after_av_one_full  el_before_av_social_share '><span class='hr-inner ' ><span class='hr-inner-style'><\/span><\/span><\/div><\/p>\n<div  class='av-social-sharing-box  avia-builder-el-7  el_after_av_hr  el_before_av_hr  '><div class='av-share-box'><h5 class='av-share-link-description av-no-toc '>Compartir esta noticia<\/h5><ul class='av-share-box-list noLightbox'><li class='av-share-link av-social-link-facebook' ><a target=\"_blank\" aria-label=\"Compartir en Facebook\" href='https:\/\/www.facebook.com\/sharer.php?u=https:\/\/radiorevelacionfm.cl\/?p=31810&#038;t=Sandoval%20y%20ley%20que%20crea%20el%20SBAP%3A%20%E2%80%9CEl%20pa%C3%ADs%2C%20m%C3%A1s%20all%C3%A1%20de%20cualquier%20cuestionamiento%2C%20est%C3%A1%20dando%20un%20paso%20relevante%E2%80%9D' aria-hidden='false' data-av_icon='\ue8f3' data-av_iconfont='entypo-fontello' title='' data-avia-related-tooltip='Compartir en Facebook' rel=\"noopener\"><span class='avia_hidden_link_text'>Compartir en Facebook<\/span><\/a><\/li><li class='av-share-link av-social-link-twitter' ><a target=\"_blank\" aria-label=\"Compartir en Twitter\" href='https:\/\/twitter.com\/share?text=Sandoval%20y%20ley%20que%20crea%20el%20SBAP%3A%20%E2%80%9CEl%20pa%C3%ADs%2C%20m%C3%A1s%20all%C3%A1%20de%20cualquier%20cuestionamiento%2C%20est%C3%A1%20dando%20un%20paso%20relevante%E2%80%9D&#038;url=https:\/\/radiorevelacionfm.cl\/?p=31810' aria-hidden='false' data-av_icon='\ue8f1' data-av_iconfont='entypo-fontello' title='' data-avia-related-tooltip='Compartir en Twitter' rel=\"noopener\"><span class='avia_hidden_link_text'>Compartir en Twitter<\/span><\/a><\/li><li class='av-share-link av-social-link-whatsapp' ><a target=\"_blank\" aria-label=\"Compartir en Whatsapp\" href='https:\/\/api.whatsapp.com\/send?text=https:\/\/radiorevelacionfm.cl\/?p=31810' aria-hidden='false' data-av_icon='\uf232' data-av_iconfont='entypo-fontello' title='' data-avia-related-tooltip='Compartir en Whatsapp' rel=\"noopener\"><span class='avia_hidden_link_text'>Compartir en Whatsapp<\/span><\/a><\/li><li class='av-share-link av-social-link-linkedin' ><a target=\"_blank\" aria-label=\"Compartir en LinkedIn\" href='https:\/\/linkedin.com\/shareArticle?mini=true&#038;title=Sandoval%20y%20ley%20que%20crea%20el%20SBAP%3A%20%E2%80%9CEl%20pa%C3%ADs%2C%20m%C3%A1s%20all%C3%A1%20de%20cualquier%20cuestionamiento%2C%20est%C3%A1%20dando%20un%20paso%20relevante%E2%80%9D&#038;url=https:\/\/radiorevelacionfm.cl\/?p=31810' aria-hidden='false' data-av_icon='\ue8fc' data-av_iconfont='entypo-fontello' title='' data-avia-related-tooltip='Compartir en LinkedIn' rel=\"noopener\"><span class='avia_hidden_link_text'>Compartir en LinkedIn<\/span><\/a><\/li><li class='av-share-link av-social-link-mail' ><a  aria-label=\"Compartir por correo\" href='mailto:?subject=Sandoval%20y%20ley%20que%20crea%20el%20SBAP%3A%20%E2%80%9CEl%20pa%C3%ADs%2C%20m%C3%A1s%20all%C3%A1%20de%20cualquier%20cuestionamiento%2C%20est%C3%A1%20dando%20un%20paso%20relevante%E2%80%9D&#038;body=https:\/\/radiorevelacionfm.cl\/?p=31810' aria-hidden='false' data-av_icon='\ue805' data-av_iconfont='entypo-fontello' title='' data-avia-related-tooltip='Compartir por correo'><span class='avia_hidden_link_text'>Compartir por correo<\/span><\/a><\/li><\/ul><\/div><\/div>\n<div  style='height:50px' class='hr hr-invisible   avia-builder-el-8  el_after_av_social_share  el_before_av_comments_list '><span class='hr-inner ' ><span class='hr-inner-style'><\/span><\/span><\/div>\n<div  class='av-buildercomment  av-blog-meta-html-info-disabled av-blog-meta-tag-disabled  '><\/div>\n","protected":false},"excerpt":{"rendered":"","protected":false},"author":1,"featured_media":31811,"comment_status":"open","ping_status":"open","sticky":false,"template":"","format":"standard","meta":{"footnotes":""},"categories":[35],"tags":[],"class_list":["post-31810","post","type-post","status-publish","format-standard","has-post-thumbnail","hentry","category-politica"],"jetpack_featured_media_url":"https:\/\/radiorevelacionfm.cl\/wp-content\/uploads\/2023\/06\/sandoval-2-1-1.jpg","_links":{"self":[{"href":"https:\/\/radiorevelacionfm.cl\/index.php?rest_route=\/wp\/v2\/posts\/31810","targetHints":{"allow":["GET"]}}],"collection":[{"href":"https:\/\/radiorevelacionfm.cl\/index.php?rest_route=\/wp\/v2\/posts"}],"about":[{"href":"https:\/\/radiorevelacionfm.cl\/index.php?rest_route=\/wp\/v2\/types\/post"}],"author":[{"embeddable":true,"href":"https:\/\/radiorevelacionfm.cl\/index.php?rest_route=\/wp\/v2\/users\/1"}],"replies":[{"embeddable":true,"href":"https:\/\/radiorevelacionfm.cl\/index.php?rest_route=%2Fwp%2Fv2%2Fcomments&post=31810"}],"version-history":[{"count":1,"href":"https:\/\/radiorevelacionfm.cl\/index.php?rest_route=\/wp\/v2\/posts\/31810\/revisions"}],"predecessor-version":[{"id":31812,"href":"https:\/\/radiorevelacionfm.cl\/index.php?rest_route=\/wp\/v2\/posts\/31810\/revisions\/31812"}],"wp:featuredmedia":[{"embeddable":true,"href":"https:\/\/radiorevelacionfm.cl\/index.php?rest_route=\/wp\/v2\/media\/31811"}],"wp:attachment":[{"href":"https:\/\/radiorevelacionfm.cl\/index.php?rest_route=%2Fwp%2Fv2%2Fmedia&parent=31810"}],"wp:term":[{"taxonomy":"category","embeddable":true,"href":"https:\/\/radiorevelacionfm.cl\/index.php?rest_route=%2Fwp%2Fv2%2Fcategories&post=31810"},{"taxonomy":"post_tag","embeddable":true,"href":"https:\/\/radiorevelacionfm.cl\/index.php?rest_route=%2Fwp%2Fv2%2Ftags&post=31810"}],"curies":[{"name":"wp","href":"https:\/\/api.w.org\/{rel}","templated":true}]}}