{"id":31807,"date":"2023-06-08T14:29:39","date_gmt":"2023-06-08T17:29:39","guid":{"rendered":"https:\/\/radiorevelacionfm.cl\/?p=31807"},"modified":"2023-06-08T14:29:39","modified_gmt":"2023-06-08T17:29:39","slug":"delegado-regional-asegura-que-todas-las-comunas-recibiran-recursos-y-apoyo-tecnico-con-el-nuevo-sistema-nacional-de-seguridad-municipal","status":"publish","type":"post","link":"https:\/\/radiorevelacionfm.cl\/?p=31807","title":{"rendered":"Delegado Regional asegura que todas las comunas recibir\u00e1n recursos y apoyo t\u00e9cnico con el Nuevo Sistema Nacional de Seguridad Municipal"},"content":{"rendered":"<div class=\"flex_column av_one_full  flex_column_div av-zero-column-padding first  avia-builder-el-0  el_before_av_one_full  avia-builder-el-first  \" style='border-radius:0px; '><div  class='avia-image-container  av-styling-    avia-builder-el-1  avia-builder-el-no-sibling  avia-align-center '  itemprop=\"image\" itemscope=\"itemscope\" itemtype=\"https:\/\/schema.org\/ImageObject\"  ><div class='avia-image-container-inner'><div class='avia-image-overlay-wrap'><img decoding=\"async\" class='wp-image-31808 avia-img-lazy-loading-not-31808 avia_image' src=\"https:\/\/radiorevelacionfm.cl\/wp-content\/uploads\/2023\/06\/1a-1-1.jpeg\" alt='' title='1a (1) (1)' height=\"600\" width=\"997\"  itemprop=\"thumbnailUrl\" srcset=\"https:\/\/radiorevelacionfm.cl\/wp-content\/uploads\/2023\/06\/1a-1-1.jpeg 997w, https:\/\/radiorevelacionfm.cl\/wp-content\/uploads\/2023\/06\/1a-1-1-300x181.jpeg 300w, https:\/\/radiorevelacionfm.cl\/wp-content\/uploads\/2023\/06\/1a-1-1-768x462.jpeg 768w, https:\/\/radiorevelacionfm.cl\/wp-content\/uploads\/2023\/06\/1a-1-1-705x424.jpeg 705w, https:\/\/radiorevelacionfm.cl\/wp-content\/uploads\/2023\/06\/1a-1-1-450x271.jpeg 450w, https:\/\/radiorevelacionfm.cl\/wp-content\/uploads\/2023\/06\/1a-1-1-600x361.jpeg 600w\" sizes=\"(max-width: 997px) 100vw, 997px\" \/><\/div><\/div><\/div><\/div><div class=\"flex_column av_one_full  flex_column_div av-zero-column-padding first  avia-builder-el-2  el_after_av_one_full  el_before_av_one_full  column-top-margin\" style='border-radius:0px; '><section class=\"av_textblock_section \"  itemscope=\"itemscope\" itemtype=\"https:\/\/schema.org\/BlogPosting\" itemprop=\"blogPost\" ><div class='avia_textblock  '   itemprop=\"text\" ><p style=\"text-align: center;\"><strong><span style=\"font-size: 18pt;\">Delegado Regional asegura que todas las comunas recibir\u00e1n recursos y apoyo t\u00e9cnico con el Nuevo Sistema Nacional de Seguridad Municipal<\/span><\/strong><\/p>\n<div id=\"gtx-trans\" style=\"position: absolute; left: -50px; top: 4.31534px;\">\n<div class=\"gtx-trans-icon\"><\/div>\n<\/div>\n<\/div><\/section><\/div><div class=\"flex_column av_one_full  flex_column_div av-zero-column-padding first  avia-builder-el-4  el_after_av_one_full  el_before_av_hr  column-top-margin\" style='border-radius:0px; '><section class=\"av_textblock_section \"  itemscope=\"itemscope\" itemtype=\"https:\/\/schema.org\/BlogPosting\" itemprop=\"blogPost\" ><div class='avia_textblock  '   itemprop=\"text\" ><p style=\"font-weight: 400; text-align: justify;\">El delegado regional Rodrigo Araya inform\u00f3 que con la reciente entrada en funcionamiento del Sistema Nacional de Seguridad Municipal, todas las comunas de la regi\u00f3n recibir\u00e1n recursos y apoyo t\u00e9cnico del Gobierno para reforzar el trabajo en seguridad ciudadana.<\/p>\n<p style=\"font-weight: 400; text-align: justify;\">\u201cSe ha generado el Sistema Nacional de Seguridad Municipal, que permite dar asistencia t\u00e9cnica a todos los municipios y brindarles apoyo econ\u00f3mico. Los 10 municipios de nuestra regi\u00f3n van a recibir recursos entre este a\u00f1o y el 2024, para poder trabajar en seguridad p\u00fablica\u201d, se\u00f1al\u00f3.<\/p>\n<p style=\"font-weight: 400; text-align: justify;\">El delegado presidencial mencion\u00f3 que de esta forma el Gobierno contribuye en la prevenci\u00f3n del delito y la disminuci\u00f3n de la violencia, en sinton\u00eda con las demandas de la ciudadan\u00eda, estableciendo un m\u00ednimo com\u00fan preventivo en todo el territorio.<\/p>\n<p style=\"font-weight: 400; text-align: justify;\">Como parte de este nuevo sistema se prioriz\u00f3 a las comunas en un \u00cdndice de Vulnerabilidad Sociodelictual, construido con el an\u00e1lisis de factores como ocurrencia de delitos por gravedad, \u00edndice de delitos contra la mujer, poblaci\u00f3n comunal y flotante, recursos propios de los municipios, entre otros.<\/p>\n<p style=\"font-weight: 400; text-align: justify;\">Seg\u00fan lo inform\u00f3 la coordinadora regional de seguridad p\u00fablica, Camila Covarrubias, esto permite definir la vulnerabilidad de las comunas frente al delito y agruparlas en dos grandes categor\u00edas. Estas son las urgentes, que recibir\u00e1n financiamiento todos los a\u00f1os y las de categor\u00eda rotativa, que recibir\u00e1n recursos a\u00f1o por medio.<\/p>\n<p style=\"font-weight: 400; text-align: justify;\">Las 10 comunas de la regi\u00f3n pertenecen a la categor\u00eda rotativa, pero al presentar una mayor vulnerabilidad que las dem\u00e1s, \u201cCoyhaique va a ser la primera en recibir financiamiento este a\u00f1o y las otras 9 durante el 2024. Coyhaique est\u00e1 en el grupo 4, esa es la raz\u00f3n por la que va a recibir recursos primero por el orden de necesidad del \u00edndice de vulnerabilidad\u201d, mencion\u00f3 Covarrubias.<\/p>\n<p style=\"font-weight: 400; text-align: justify;\">Los municipios podr\u00e1n invertir los recursos que reciban, en adquisiciones de c\u00e1maras de vigilancia, recuperaci\u00f3n de espacios p\u00fablicos, patrullajes preventivos, prevenci\u00f3n del consumo de drogas, entre otros elementos.<\/p>\n<p style=\"font-weight: 400; text-align: justify;\">Una novedad que presenta este Sistema Nacional de Seguridad Municipal es que termina con el sistema de distribuci\u00f3n de recursos en base a la postulaci\u00f3n por parte de los municipios. De aqu\u00ed en adelante, se establece un mecanismo que asegura financiamiento con una mirada de justicia y equidad territorial.<\/p>\n<p style=\"font-weight: 400; text-align: justify;\">En el \u00edndice desarrollado por el Gobierno, Coyhaique se ubica en la posici\u00f3n 206, lo que identifica a la comuna en la posici\u00f3n de mayor vulnerabilidad regional frente al delito. Le siguen Chile Chico, en el lugar 260; Ays\u00e9n, en el 281; R\u00edo Ib\u00e1\u00f1ez, 309; Cisnes, 319; Lago Verde, 324; Cochrane, 327; Tortel, 328; Guaitecas 333 y O\u2019 Higgins, 334.<\/p>\n<p style=\"font-weight: 400; text-align: justify;\">Los antecedentes sobre este nuevo sistema de Seguridad Municipal, incluido el ranking del \u00cdndice de Vulnerabilidad Sociodelictual, pueden ser revisados en\u00a0<a href=\"http:\/\/www.spd-seguridadmunicipal.cl\/\" data-saferedirecturl=\"https:\/\/www.google.com\/url?q=http:\/\/www.spd-seguridadmunicipal.cl&amp;source=gmail&amp;ust=1686325645029000&amp;usg=AOvVaw0ONgpMk06NfgHHMYfM_z9W\">www.spd-seguridadmunicipal.cl<\/a><\/p>\n<\/div><\/section><\/div><div  style='height:50px' class='hr hr-invisible   avia-builder-el-6  el_after_av_one_full  el_before_av_social_share '><span class='hr-inner ' ><span class='hr-inner-style'><\/span><\/span><\/div><\/p>\n<div  class='av-social-sharing-box  avia-builder-el-7  el_after_av_hr  el_before_av_hr  '><div class='av-share-box'><h5 class='av-share-link-description av-no-toc '>Compartir esta noticia<\/h5><ul class='av-share-box-list noLightbox'><li class='av-share-link av-social-link-facebook' ><a target=\"_blank\" aria-label=\"Compartir en Facebook\" href='https:\/\/www.facebook.com\/sharer.php?u=https:\/\/radiorevelacionfm.cl\/?p=31807&#038;t=Delegado%20Regional%20asegura%20que%20todas%20las%20comunas%20recibir%C3%A1n%20recursos%20y%20apoyo%20t%C3%A9cnico%20con%20el%20Nuevo%20Sistema%20Nacional%20de%20Seguridad%20Municipal' aria-hidden='false' data-av_icon='\ue8f3' data-av_iconfont='entypo-fontello' title='' data-avia-related-tooltip='Compartir en Facebook' rel=\"noopener\"><span class='avia_hidden_link_text'>Compartir en Facebook<\/span><\/a><\/li><li class='av-share-link av-social-link-twitter' ><a target=\"_blank\" aria-label=\"Compartir en Twitter\" href='https:\/\/twitter.com\/share?text=Delegado%20Regional%20asegura%20que%20todas%20las%20comunas%20recibir%C3%A1n%20recursos%20y%20apoyo%20t%C3%A9cnico%20con%20el%20Nuevo%20Sistema%20Nacional%20de%20Seguridad%20Municipal&#038;url=https:\/\/radiorevelacionfm.cl\/?p=31807' aria-hidden='false' data-av_icon='\ue8f1' data-av_iconfont='entypo-fontello' title='' data-avia-related-tooltip='Compartir en Twitter' rel=\"noopener\"><span class='avia_hidden_link_text'>Compartir en Twitter<\/span><\/a><\/li><li class='av-share-link av-social-link-whatsapp' ><a target=\"_blank\" aria-label=\"Compartir en Whatsapp\" href='https:\/\/api.whatsapp.com\/send?text=https:\/\/radiorevelacionfm.cl\/?p=31807' aria-hidden='false' data-av_icon='\uf232' data-av_iconfont='entypo-fontello' title='' data-avia-related-tooltip='Compartir en Whatsapp' rel=\"noopener\"><span class='avia_hidden_link_text'>Compartir en Whatsapp<\/span><\/a><\/li><li class='av-share-link av-social-link-linkedin' ><a target=\"_blank\" aria-label=\"Compartir en LinkedIn\" href='https:\/\/linkedin.com\/shareArticle?mini=true&#038;title=Delegado%20Regional%20asegura%20que%20todas%20las%20comunas%20recibir%C3%A1n%20recursos%20y%20apoyo%20t%C3%A9cnico%20con%20el%20Nuevo%20Sistema%20Nacional%20de%20Seguridad%20Municipal&#038;url=https:\/\/radiorevelacionfm.cl\/?p=31807' aria-hidden='false' data-av_icon='\ue8fc' data-av_iconfont='entypo-fontello' title='' data-avia-related-tooltip='Compartir en LinkedIn' rel=\"noopener\"><span class='avia_hidden_link_text'>Compartir en LinkedIn<\/span><\/a><\/li><li class='av-share-link av-social-link-mail' ><a  aria-label=\"Compartir por correo\" href='mailto:?subject=Delegado%20Regional%20asegura%20que%20todas%20las%20comunas%20recibir%C3%A1n%20recursos%20y%20apoyo%20t%C3%A9cnico%20con%20el%20Nuevo%20Sistema%20Nacional%20de%20Seguridad%20Municipal&#038;body=https:\/\/radiorevelacionfm.cl\/?p=31807' aria-hidden='false' data-av_icon='\ue805' data-av_iconfont='entypo-fontello' title='' data-avia-related-tooltip='Compartir por correo'><span class='avia_hidden_link_text'>Compartir por correo<\/span><\/a><\/li><\/ul><\/div><\/div>\n<div  style='height:50px' class='hr hr-invisible   avia-builder-el-8  el_after_av_social_share  el_before_av_comments_list '><span class='hr-inner ' ><span class='hr-inner-style'><\/span><\/span><\/div>\n<div  class='av-buildercomment  av-blog-meta-html-info-disabled av-blog-meta-tag-disabled  '><\/div>\n","protected":false},"excerpt":{"rendered":"","protected":false},"author":1,"featured_media":31808,"comment_status":"open","ping_status":"open","sticky":false,"template":"","format":"standard","meta":{"footnotes":""},"categories":[38],"tags":[],"class_list":["post-31807","post","type-post","status-publish","format-standard","has-post-thumbnail","hentry","category-regional"],"jetpack_featured_media_url":"https:\/\/radiorevelacionfm.cl\/wp-content\/uploads\/2023\/06\/1a-1-1.jpeg","_links":{"self":[{"href":"https:\/\/radiorevelacionfm.cl\/index.php?rest_route=\/wp\/v2\/posts\/31807","targetHints":{"allow":["GET"]}}],"collection":[{"href":"https:\/\/radiorevelacionfm.cl\/index.php?rest_route=\/wp\/v2\/posts"}],"about":[{"href":"https:\/\/radiorevelacionfm.cl\/index.php?rest_route=\/wp\/v2\/types\/post"}],"author":[{"embeddable":true,"href":"https:\/\/radiorevelacionfm.cl\/index.php?rest_route=\/wp\/v2\/users\/1"}],"replies":[{"embeddable":true,"href":"https:\/\/radiorevelacionfm.cl\/index.php?rest_route=%2Fwp%2Fv2%2Fcomments&post=31807"}],"version-history":[{"count":1,"href":"https:\/\/radiorevelacionfm.cl\/index.php?rest_route=\/wp\/v2\/posts\/31807\/revisions"}],"predecessor-version":[{"id":31809,"href":"https:\/\/radiorevelacionfm.cl\/index.php?rest_route=\/wp\/v2\/posts\/31807\/revisions\/31809"}],"wp:featuredmedia":[{"embeddable":true,"href":"https:\/\/radiorevelacionfm.cl\/index.php?rest_route=\/wp\/v2\/media\/31808"}],"wp:attachment":[{"href":"https:\/\/radiorevelacionfm.cl\/index.php?rest_route=%2Fwp%2Fv2%2Fmedia&parent=31807"}],"wp:term":[{"taxonomy":"category","embeddable":true,"href":"https:\/\/radiorevelacionfm.cl\/index.php?rest_route=%2Fwp%2Fv2%2Fcategories&post=31807"},{"taxonomy":"post_tag","embeddable":true,"href":"https:\/\/radiorevelacionfm.cl\/index.php?rest_route=%2Fwp%2Fv2%2Ftags&post=31807"}],"curies":[{"name":"wp","href":"https:\/\/api.w.org\/{rel}","templated":true}]}}