{"id":31805,"date":"2023-06-08T12:14:40","date_gmt":"2023-06-08T15:14:40","guid":{"rendered":"https:\/\/radiorevelacionfm.cl\/?p=31805"},"modified":"2023-06-08T12:14:40","modified_gmt":"2023-06-08T15:14:40","slug":"senadora-ordenes-destaca-ley-que-facilita-el-proceso-de-normalizacion-de-licencias-de-conducir","status":"publish","type":"post","link":"https:\/\/radiorevelacionfm.cl\/?p=31805","title":{"rendered":"Senadora Ordenes destaca Ley que facilita el proceso de normalizaci\u00f3n de licencias de conducir"},"content":{"rendered":"<div class=\"flex_column av_one_full  flex_column_div av-zero-column-padding first  avia-builder-el-0  el_before_av_one_full  avia-builder-el-first  \" style='border-radius:0px; '><div  class='avia-image-container  av-styling-    avia-builder-el-1  avia-builder-el-no-sibling  avia-align-center '  itemprop=\"image\" itemscope=\"itemscope\" itemtype=\"https:\/\/schema.org\/ImageObject\"  ><div class='avia-image-container-inner'><div class='avia-image-overlay-wrap'><img decoding=\"async\" class='wp-image-13640 avia-img-lazy-loading-not-13640 avia_image' src=\"https:\/\/radiorevelacionfm.cl\/wp-content\/uploads\/2022\/02\/licencia-de-conducir1-2-2.jpg\" alt='' title='licencia-de-conducir1-2-2' height=\"600\" width=\"900\"  itemprop=\"thumbnailUrl\" srcset=\"https:\/\/radiorevelacionfm.cl\/wp-content\/uploads\/2022\/02\/licencia-de-conducir1-2-2.jpg 900w, https:\/\/radiorevelacionfm.cl\/wp-content\/uploads\/2022\/02\/licencia-de-conducir1-2-2-300x200.jpg 300w, https:\/\/radiorevelacionfm.cl\/wp-content\/uploads\/2022\/02\/licencia-de-conducir1-2-2-768x512.jpg 768w, https:\/\/radiorevelacionfm.cl\/wp-content\/uploads\/2022\/02\/licencia-de-conducir1-2-2-705x470.jpg 705w, https:\/\/radiorevelacionfm.cl\/wp-content\/uploads\/2022\/02\/licencia-de-conducir1-2-2-600x400.jpg 600w\" sizes=\"(max-width: 900px) 100vw, 900px\" \/><\/div><\/div><\/div><\/div><div class=\"flex_column av_one_full  flex_column_div av-zero-column-padding first  avia-builder-el-2  el_after_av_one_full  el_before_av_one_full  column-top-margin\" style='border-radius:0px; '><section class=\"av_textblock_section \"  itemscope=\"itemscope\" itemtype=\"https:\/\/schema.org\/BlogPosting\" itemprop=\"blogPost\" ><div class='avia_textblock  '   itemprop=\"text\" ><p style=\"text-align: center;\"><strong><span style=\"font-size: 18pt;\">Senadora Ordenes destaca Ley que facilita el proceso de normalizaci\u00f3n de licencias de conducir<\/span><\/strong><\/p>\n<div id=\"gtx-trans\" style=\"position: absolute; left: -50px; top: 4.31534px;\">\n<div class=\"gtx-trans-icon\"><\/div>\n<\/div>\n<\/div><\/section><\/div><div class=\"flex_column av_one_full  flex_column_div av-zero-column-padding first  avia-builder-el-4  el_after_av_one_full  el_before_av_hr  column-top-margin\" style='border-radius:0px; '><section class=\"av_textblock_section \"  itemscope=\"itemscope\" itemtype=\"https:\/\/schema.org\/BlogPosting\" itemprop=\"blogPost\" ><div class='avia_textblock  '   itemprop=\"text\" ><p style=\"text-align: justify;\">Luego de un importante trabajo en conjunto del Congreso y asociaciones de municipios, lograron generar una ley que permite y facilita el proceso de normalizaci\u00f3n de licencias profesionales y no profesionales de conducir, adem\u00e1s de promover la seguridad vial.<\/p>\n<p style=\"text-align: justify;\">Tras un r\u00e1pido tr\u00e1mite legislativo, chilenos y chilenas podr\u00e1n renovar sus licencias de conducir en sus respectivos municipios ahora que ya se reconoci\u00f3 por superada la crisis sanitaria producto de la pandemia Covid-19.<\/p>\n<p style=\"text-align: justify;\">La ley indica que las licencias que vencieron los a\u00f1os 2020 y 2021 deben renovarse s\u00ed o s\u00ed este a\u00f1o, en la fecha que les corresponde. Para el caso de las licencias que expiraron en 2022 o lo hacen este a\u00f1o 2023, \u00e9stas se extienden hasta el 2024. Para el caso de las que vencen el 2024, podr\u00e1n renovarse hasta 2025.<\/p>\n<p style=\"text-align: justify;\">La necesidad de avanzar en el tema y dar una soluci\u00f3n a m\u00e1s 800 mil chilenos, con cambios promovidos y consensuados con las propias municipalidades, llev\u00f3 a modificar la Ley de Tr\u00e1nsito para habilitar una renovaci\u00f3n progresiva de los documentos vencidos. Para ello, las y los conductores deber\u00e1n cumplir con los requisitos de idoneidad f\u00edsica y s\u00edquica.<\/p>\n<p style=\"text-align: justify;\">De esta forma, los municipios podr\u00e1n tener m\u00e1s capacidad para enfrentar la renovaci\u00f3n de todas las licencias de conducir que deb\u00edan hacerse los \u00faltimos a\u00f1os pero que se ven\u00edan acumulando por efecto de la pandemia<\/p>\n<p style=\"text-align: justify;\">Al respecto, la Senadora por Ays\u00e9n e integrante de la comisi\u00f3n de transporte y telecomunicaciones, Ximena Ordenes Neira, expres\u00f3 que este avance es positivo y ayudar\u00e1 a superar los problemas colaterales a la crisis sanitaria. \u00abEst\u00e1bamos enfrentando un problema adicional para la renovaci\u00f3n de licencias de conducir, por lo que se espera subsanar con esta ley el vencimiento de estos importantes documentos. Gracias a ello, a inicios del a\u00f1o 2026, recuperaremos las solicitudes de renovaci\u00f3n pre-pandemia. Esperamos que los municipios puedan dar ahora preferencia a aquellas solicitudes que requieren con m\u00e1s urgencia renovar este documento\u201d, puntualiz\u00f3.<\/p>\n<\/div><\/section><\/div><div  style='height:50px' class='hr hr-invisible   avia-builder-el-6  el_after_av_one_full  el_before_av_social_share '><span class='hr-inner ' ><span class='hr-inner-style'><\/span><\/span><\/div><\/p>\n<div  class='av-social-sharing-box  avia-builder-el-7  el_after_av_hr  el_before_av_hr  '><div class='av-share-box'><h5 class='av-share-link-description av-no-toc '>Compartir esta noticia<\/h5><ul class='av-share-box-list noLightbox'><li class='av-share-link av-social-link-facebook' ><a target=\"_blank\" aria-label=\"Compartir en Facebook\" href='https:\/\/www.facebook.com\/sharer.php?u=https:\/\/radiorevelacionfm.cl\/?p=31805&#038;t=Senadora%20Ordenes%20destaca%20Ley%20que%20facilita%20el%20proceso%20de%20normalizaci%C3%B3n%20de%20licencias%20de%20conducir' aria-hidden='false' data-av_icon='\ue8f3' data-av_iconfont='entypo-fontello' title='' data-avia-related-tooltip='Compartir en Facebook' rel=\"noopener\"><span class='avia_hidden_link_text'>Compartir en Facebook<\/span><\/a><\/li><li class='av-share-link av-social-link-twitter' ><a target=\"_blank\" aria-label=\"Compartir en Twitter\" href='https:\/\/twitter.com\/share?text=Senadora%20Ordenes%20destaca%20Ley%20que%20facilita%20el%20proceso%20de%20normalizaci%C3%B3n%20de%20licencias%20de%20conducir&#038;url=https:\/\/radiorevelacionfm.cl\/?p=31805' aria-hidden='false' data-av_icon='\ue8f1' data-av_iconfont='entypo-fontello' title='' data-avia-related-tooltip='Compartir en Twitter' rel=\"noopener\"><span class='avia_hidden_link_text'>Compartir en Twitter<\/span><\/a><\/li><li class='av-share-link av-social-link-whatsapp' ><a target=\"_blank\" aria-label=\"Compartir en Whatsapp\" href='https:\/\/api.whatsapp.com\/send?text=https:\/\/radiorevelacionfm.cl\/?p=31805' aria-hidden='false' data-av_icon='\uf232' data-av_iconfont='entypo-fontello' title='' data-avia-related-tooltip='Compartir en Whatsapp' rel=\"noopener\"><span class='avia_hidden_link_text'>Compartir en Whatsapp<\/span><\/a><\/li><li class='av-share-link av-social-link-linkedin' ><a target=\"_blank\" aria-label=\"Compartir en LinkedIn\" href='https:\/\/linkedin.com\/shareArticle?mini=true&#038;title=Senadora%20Ordenes%20destaca%20Ley%20que%20facilita%20el%20proceso%20de%20normalizaci%C3%B3n%20de%20licencias%20de%20conducir&#038;url=https:\/\/radiorevelacionfm.cl\/?p=31805' aria-hidden='false' data-av_icon='\ue8fc' data-av_iconfont='entypo-fontello' title='' data-avia-related-tooltip='Compartir en LinkedIn' rel=\"noopener\"><span class='avia_hidden_link_text'>Compartir en LinkedIn<\/span><\/a><\/li><li class='av-share-link av-social-link-mail' ><a  aria-label=\"Compartir por correo\" href='mailto:?subject=Senadora%20Ordenes%20destaca%20Ley%20que%20facilita%20el%20proceso%20de%20normalizaci%C3%B3n%20de%20licencias%20de%20conducir&#038;body=https:\/\/radiorevelacionfm.cl\/?p=31805' aria-hidden='false' data-av_icon='\ue805' data-av_iconfont='entypo-fontello' title='' data-avia-related-tooltip='Compartir por correo'><span class='avia_hidden_link_text'>Compartir por correo<\/span><\/a><\/li><\/ul><\/div><\/div>\n<div  style='height:50px' class='hr hr-invisible   avia-builder-el-8  el_after_av_social_share  el_before_av_comments_list '><span class='hr-inner ' ><span class='hr-inner-style'><\/span><\/span><\/div>\n<div  class='av-buildercomment  av-blog-meta-html-info-disabled av-blog-meta-tag-disabled  '><\/div>\n","protected":false},"excerpt":{"rendered":"","protected":false},"author":1,"featured_media":13640,"comment_status":"open","ping_status":"open","sticky":false,"template":"","format":"standard","meta":{"footnotes":""},"categories":[35],"tags":[],"class_list":["post-31805","post","type-post","status-publish","format-standard","has-post-thumbnail","hentry","category-politica"],"jetpack_featured_media_url":"https:\/\/radiorevelacionfm.cl\/wp-content\/uploads\/2022\/02\/licencia-de-conducir1-2-2.jpg","_links":{"self":[{"href":"https:\/\/radiorevelacionfm.cl\/index.php?rest_route=\/wp\/v2\/posts\/31805","targetHints":{"allow":["GET"]}}],"collection":[{"href":"https:\/\/radiorevelacionfm.cl\/index.php?rest_route=\/wp\/v2\/posts"}],"about":[{"href":"https:\/\/radiorevelacionfm.cl\/index.php?rest_route=\/wp\/v2\/types\/post"}],"author":[{"embeddable":true,"href":"https:\/\/radiorevelacionfm.cl\/index.php?rest_route=\/wp\/v2\/users\/1"}],"replies":[{"embeddable":true,"href":"https:\/\/radiorevelacionfm.cl\/index.php?rest_route=%2Fwp%2Fv2%2Fcomments&post=31805"}],"version-history":[{"count":1,"href":"https:\/\/radiorevelacionfm.cl\/index.php?rest_route=\/wp\/v2\/posts\/31805\/revisions"}],"predecessor-version":[{"id":31806,"href":"https:\/\/radiorevelacionfm.cl\/index.php?rest_route=\/wp\/v2\/posts\/31805\/revisions\/31806"}],"wp:featuredmedia":[{"embeddable":true,"href":"https:\/\/radiorevelacionfm.cl\/index.php?rest_route=\/wp\/v2\/media\/13640"}],"wp:attachment":[{"href":"https:\/\/radiorevelacionfm.cl\/index.php?rest_route=%2Fwp%2Fv2%2Fmedia&parent=31805"}],"wp:term":[{"taxonomy":"category","embeddable":true,"href":"https:\/\/radiorevelacionfm.cl\/index.php?rest_route=%2Fwp%2Fv2%2Fcategories&post=31805"},{"taxonomy":"post_tag","embeddable":true,"href":"https:\/\/radiorevelacionfm.cl\/index.php?rest_route=%2Fwp%2Fv2%2Ftags&post=31805"}],"curies":[{"name":"wp","href":"https:\/\/api.w.org\/{rel}","templated":true}]}}