{"id":31802,"date":"2023-06-08T19:41:56","date_gmt":"2023-06-08T22:41:56","guid":{"rendered":"https:\/\/radiorevelacionfm.cl\/?p=31802"},"modified":"2023-06-08T19:41:56","modified_gmt":"2023-06-08T22:41:56","slug":"registro-civil-abrira-su-oficina-este-sabado-y-el-proximo-para-obtencion-y-renovacion-de-cedulas-de-identidad-en-coyhaique","status":"publish","type":"post","link":"https:\/\/radiorevelacionfm.cl\/?p=31802","title":{"rendered":"Registro Civil abrir\u00e1 su oficina este s\u00e1bado y el pr\u00f3ximo para obtenci\u00f3n y renovaci\u00f3n de c\u00e9dulas de identidad en Coyhaique"},"content":{"rendered":"<div class=\"flex_column av_one_full  flex_column_div av-zero-column-padding first  avia-builder-el-0  el_before_av_one_full  avia-builder-el-first  \" style='border-radius:0px; '><div  class='avia-image-container  av-styling-    avia-builder-el-1  avia-builder-el-no-sibling  avia-align-center '  itemprop=\"image\" itemscope=\"itemscope\" itemtype=\"https:\/\/schema.org\/ImageObject\"  ><div class='avia-image-container-inner'><div class='avia-image-overlay-wrap'><img decoding=\"async\" class='wp-image-31803 avia-img-lazy-loading-not-31803 avia_image' src=\"https:\/\/radiorevelacionfm.cl\/wp-content\/uploads\/2023\/06\/registro-civil-2-1-1.jpg\" alt='' title='registro civil 2 (1) (1)' height=\"600\" width=\"800\"  itemprop=\"thumbnailUrl\" srcset=\"https:\/\/radiorevelacionfm.cl\/wp-content\/uploads\/2023\/06\/registro-civil-2-1-1.jpg 800w, https:\/\/radiorevelacionfm.cl\/wp-content\/uploads\/2023\/06\/registro-civil-2-1-1-300x225.jpg 300w, https:\/\/radiorevelacionfm.cl\/wp-content\/uploads\/2023\/06\/registro-civil-2-1-1-768x576.jpg 768w, https:\/\/radiorevelacionfm.cl\/wp-content\/uploads\/2023\/06\/registro-civil-2-1-1-705x529.jpg 705w, https:\/\/radiorevelacionfm.cl\/wp-content\/uploads\/2023\/06\/registro-civil-2-1-1-450x338.jpg 450w, https:\/\/radiorevelacionfm.cl\/wp-content\/uploads\/2023\/06\/registro-civil-2-1-1-600x450.jpg 600w\" sizes=\"(max-width: 800px) 100vw, 800px\" \/><\/div><\/div><\/div><\/div><div class=\"flex_column av_one_full  flex_column_div av-zero-column-padding first  avia-builder-el-2  el_after_av_one_full  el_before_av_one_full  column-top-margin\" style='border-radius:0px; '><section class=\"av_textblock_section \"  itemscope=\"itemscope\" itemtype=\"https:\/\/schema.org\/BlogPosting\" itemprop=\"blogPost\" ><div class='avia_textblock  '   itemprop=\"text\" ><p style=\"text-align: center;\"><span style=\"font-size: 18pt;\"><strong>Registro Civil abrir\u00e1 su oficina este s\u00e1bado y el pr\u00f3ximo para obtenci\u00f3n y renovaci\u00f3n de c\u00e9dulas de identidad en Coyhaique <\/strong><\/span><\/p>\n<div id=\"gtx-trans\" style=\"position: absolute; left: -50px; top: 4.31534px;\">\n<div class=\"gtx-trans-icon\"><\/div>\n<\/div>\n<\/div><\/section><\/div><div class=\"flex_column av_one_full  flex_column_div av-zero-column-padding first  avia-builder-el-4  el_after_av_one_full  el_before_av_hr  column-top-margin\" style='border-radius:0px; '><section class=\"av_textblock_section \"  itemscope=\"itemscope\" itemtype=\"https:\/\/schema.org\/BlogPosting\" itemprop=\"blogPost\" ><div class='avia_textblock  '   itemprop=\"text\" ><p style=\"text-align: justify;\">Son m\u00e1s de 7 mil las c\u00e9dulas de identidad que est\u00e1n vencidas a nivel regional, es por ello que el Servicio de Registro Civil abrir\u00e1 las puertas de su oficina en Coyhaique los s\u00e1bados 10 y 17 del presente, esto con el objetivo que quienes tengan su documento de identidad vencido puedan renovarlo en un d\u00eda y horario extraordinario. As\u00ed lo dieron a conocer la ma\u00f1ana de este mi\u00e9rcoles el Seremi de Justicia y Derechos Humanos Samuel Navarro Castro y el Director Regional del Servicio Rodrigo Aguilera Silva.<\/p>\n<p style=\"text-align: justify;\">En la oportunidad, las autoridades llamaron a todas las personas a revisar sus documentos y renovarlos, toda vez que es necesario contar con sus documentos al d\u00eda, ya sea para la realizaci\u00f3n de distintos tr\u00e1mites como para viajar tomando en cuenta el periodo de vacaciones de invierno que se aproximan, donde es necesario contar con los documentos vigentes.<\/p>\n<p style=\"text-align: justify;\">El Seremi de Justicia y Derechos Humanos, Samuel Navarro Castro se\u00f1al\u00f3 que \u00a0\u201ctenemos una muy buena noticia para los vecinos y vecinas de Coyhaique, y las personas que andan en tr\u00e1nsito, o quienes pasan por la ciudad, porque vamos a tener dos jornadas de atenci\u00f3n extraordinaria en el Servicio de Registro Civil e Identificaci\u00f3n en la oficina central ubicada en calle Prat, pues este s\u00e1bado 10 de junio entre 9 y 14 horas o el pr\u00f3ximo s\u00e1bado 17 en el mismo horario pueden concurrir a las oficinas a renovar su c\u00e9dula de identidad o a sacar su pasaporte, toda vez que se ha dispuesto a nivel nacional esta apertura extraordinaria, considerando que hay muchas personas, que durante la pandemia no hicieron este tr\u00e1mite, porque el Ministerio de Justicia extendi\u00f3 la vigencia, pero hoy d\u00eda no hay m\u00e1s decretos de extensi\u00f3n de vigencia y queremos que la gente tenga su documento de identidad al d\u00eda que es muy importante para distintos tr\u00e1mites, ya sean bancarios, de postulaci\u00f3n a proyectos, para viajar a otras regiones o a Argentina, se acercan las vacaciones escolares y en ese sentido tanto los adultos como los ni\u00f1os tienen que tener su c\u00e9dula de identidad vigente\u201d.<\/p>\n<p style=\"text-align: justify;\">Cabe mencionar que si bien es necesario agendar la hora en la p\u00e1gina web <a href=\"http:\/\/www.registrocivil.cl\">www.registrocivil.cl<\/a>, no es algo imprescindible, ya que quienes no puedan hacerlo, igualmente ser\u00e1n atendidos, puesto que es sabido por todos los problemas de conectividad que tenemos como regi\u00f3n, por lo que existen todas las facilidades para que adultos mayores, familias completas que necesiten renovar su c\u00e9dula de identidad puedan recurrir ac\u00e1 a las oficinas centrales en Coyhaique estos d\u00edas de atenci\u00f3n extraordinaria.<\/p>\n<p style=\"text-align: justify;\">En tanto, el Director Regional del Servicio de Registro Civil e Identificaci\u00f3n, Rodrigo Aguilera Silva explic\u00f3 que \u201cestamos invitando a nuestra comunidad de Coyhaique en esta oportunidad, dado que se han aperturado las principales oficinas en cada regi\u00f3n, en nuestro caso corresponde a Coyhaique para este d\u00eda s\u00e1bado 10 y el pr\u00f3ximo 17, pensando en esta jornada extraordinaria en los ni\u00f1os, en los adultos mayores y en todas aquellas personas que tienen problema para concurrir en la semana por temas laborales lo pueden hacer en estas fechas, la invitaci\u00f3n est\u00e1 hecha para que renueven su c\u00e9dulas, siendo importante que revisen sus documentos y aprovechen esta instancia para realizar el tr\u00e1mite\u201d.<\/p>\n<p style=\"text-align: justify;\">Finalmente, recordar que la c\u00e9dula de identidad tiene un valor de 3 mil 490 pesos, mientras que el pasaporte de 32 hojas tiene un costo de 69 mil 660 pesos de 32 p\u00e1ginas, no obstante el de 64 p\u00e1ginas \u00a0alcanza los 69 mil 740 pesos.<\/p>\n<\/div><\/section><\/div><div  style='height:50px' class='hr hr-invisible   avia-builder-el-6  el_after_av_one_full  el_before_av_social_share '><span class='hr-inner ' ><span class='hr-inner-style'><\/span><\/span><\/div><\/p>\n<div  class='av-social-sharing-box  avia-builder-el-7  el_after_av_hr  el_before_av_hr  '><div class='av-share-box'><h5 class='av-share-link-description av-no-toc '>Compartir esta noticia<\/h5><ul class='av-share-box-list noLightbox'><li class='av-share-link av-social-link-facebook' ><a target=\"_blank\" aria-label=\"Compartir en Facebook\" href='https:\/\/www.facebook.com\/sharer.php?u=https:\/\/radiorevelacionfm.cl\/?p=31802&#038;t=Registro%20Civil%20abrir%C3%A1%20su%20oficina%20este%20s%C3%A1bado%20y%20el%20pr%C3%B3ximo%20para%20obtenci%C3%B3n%20y%20renovaci%C3%B3n%20de%20c%C3%A9dulas%20de%20identidad%20en%20Coyhaique' aria-hidden='false' data-av_icon='\ue8f3' data-av_iconfont='entypo-fontello' title='' data-avia-related-tooltip='Compartir en Facebook' rel=\"noopener\"><span class='avia_hidden_link_text'>Compartir en Facebook<\/span><\/a><\/li><li class='av-share-link av-social-link-twitter' ><a target=\"_blank\" aria-label=\"Compartir en Twitter\" href='https:\/\/twitter.com\/share?text=Registro%20Civil%20abrir%C3%A1%20su%20oficina%20este%20s%C3%A1bado%20y%20el%20pr%C3%B3ximo%20para%20obtenci%C3%B3n%20y%20renovaci%C3%B3n%20de%20c%C3%A9dulas%20de%20identidad%20en%20Coyhaique&#038;url=https:\/\/radiorevelacionfm.cl\/?p=31802' aria-hidden='false' data-av_icon='\ue8f1' data-av_iconfont='entypo-fontello' title='' data-avia-related-tooltip='Compartir en Twitter' rel=\"noopener\"><span class='avia_hidden_link_text'>Compartir en Twitter<\/span><\/a><\/li><li class='av-share-link av-social-link-whatsapp' ><a target=\"_blank\" aria-label=\"Compartir en Whatsapp\" href='https:\/\/api.whatsapp.com\/send?text=https:\/\/radiorevelacionfm.cl\/?p=31802' aria-hidden='false' data-av_icon='\uf232' data-av_iconfont='entypo-fontello' title='' data-avia-related-tooltip='Compartir en Whatsapp' rel=\"noopener\"><span class='avia_hidden_link_text'>Compartir en Whatsapp<\/span><\/a><\/li><li class='av-share-link av-social-link-linkedin' ><a target=\"_blank\" aria-label=\"Compartir en LinkedIn\" href='https:\/\/linkedin.com\/shareArticle?mini=true&#038;title=Registro%20Civil%20abrir%C3%A1%20su%20oficina%20este%20s%C3%A1bado%20y%20el%20pr%C3%B3ximo%20para%20obtenci%C3%B3n%20y%20renovaci%C3%B3n%20de%20c%C3%A9dulas%20de%20identidad%20en%20Coyhaique&#038;url=https:\/\/radiorevelacionfm.cl\/?p=31802' aria-hidden='false' data-av_icon='\ue8fc' data-av_iconfont='entypo-fontello' title='' data-avia-related-tooltip='Compartir en LinkedIn' rel=\"noopener\"><span class='avia_hidden_link_text'>Compartir en LinkedIn<\/span><\/a><\/li><li class='av-share-link av-social-link-mail' ><a  aria-label=\"Compartir por correo\" href='mailto:?subject=Registro%20Civil%20abrir%C3%A1%20su%20oficina%20este%20s%C3%A1bado%20y%20el%20pr%C3%B3ximo%20para%20obtenci%C3%B3n%20y%20renovaci%C3%B3n%20de%20c%C3%A9dulas%20de%20identidad%20en%20Coyhaique&#038;body=https:\/\/radiorevelacionfm.cl\/?p=31802' aria-hidden='false' data-av_icon='\ue805' data-av_iconfont='entypo-fontello' title='' data-avia-related-tooltip='Compartir por correo'><span class='avia_hidden_link_text'>Compartir por correo<\/span><\/a><\/li><\/ul><\/div><\/div>\n<div  style='height:50px' class='hr hr-invisible   avia-builder-el-8  el_after_av_social_share  el_before_av_comments_list '><span class='hr-inner ' ><span class='hr-inner-style'><\/span><\/span><\/div>\n<div  class='av-buildercomment  av-blog-meta-html-info-disabled av-blog-meta-tag-disabled  '><\/div>\n","protected":false},"excerpt":{"rendered":"","protected":false},"author":1,"featured_media":31803,"comment_status":"open","ping_status":"open","sticky":false,"template":"","format":"standard","meta":{"footnotes":""},"categories":[38],"tags":[],"class_list":["post-31802","post","type-post","status-publish","format-standard","has-post-thumbnail","hentry","category-regional"],"jetpack_featured_media_url":"https:\/\/radiorevelacionfm.cl\/wp-content\/uploads\/2023\/06\/registro-civil-2-1-1.jpg","_links":{"self":[{"href":"https:\/\/radiorevelacionfm.cl\/index.php?rest_route=\/wp\/v2\/posts\/31802","targetHints":{"allow":["GET"]}}],"collection":[{"href":"https:\/\/radiorevelacionfm.cl\/index.php?rest_route=\/wp\/v2\/posts"}],"about":[{"href":"https:\/\/radiorevelacionfm.cl\/index.php?rest_route=\/wp\/v2\/types\/post"}],"author":[{"embeddable":true,"href":"https:\/\/radiorevelacionfm.cl\/index.php?rest_route=\/wp\/v2\/users\/1"}],"replies":[{"embeddable":true,"href":"https:\/\/radiorevelacionfm.cl\/index.php?rest_route=%2Fwp%2Fv2%2Fcomments&post=31802"}],"version-history":[{"count":1,"href":"https:\/\/radiorevelacionfm.cl\/index.php?rest_route=\/wp\/v2\/posts\/31802\/revisions"}],"predecessor-version":[{"id":31804,"href":"https:\/\/radiorevelacionfm.cl\/index.php?rest_route=\/wp\/v2\/posts\/31802\/revisions\/31804"}],"wp:featuredmedia":[{"embeddable":true,"href":"https:\/\/radiorevelacionfm.cl\/index.php?rest_route=\/wp\/v2\/media\/31803"}],"wp:attachment":[{"href":"https:\/\/radiorevelacionfm.cl\/index.php?rest_route=%2Fwp%2Fv2%2Fmedia&parent=31802"}],"wp:term":[{"taxonomy":"category","embeddable":true,"href":"https:\/\/radiorevelacionfm.cl\/index.php?rest_route=%2Fwp%2Fv2%2Fcategories&post=31802"},{"taxonomy":"post_tag","embeddable":true,"href":"https:\/\/radiorevelacionfm.cl\/index.php?rest_route=%2Fwp%2Fv2%2Ftags&post=31802"}],"curies":[{"name":"wp","href":"https:\/\/api.w.org\/{rel}","templated":true}]}}