{"id":31798,"date":"2023-06-08T15:31:35","date_gmt":"2023-06-08T18:31:35","guid":{"rendered":"https:\/\/radiorevelacionfm.cl\/?p=31798"},"modified":"2023-06-08T15:31:35","modified_gmt":"2023-06-08T18:31:35","slug":"familias-de-guaitecas-desarrollan-pequenos-emprendimientos-gracias-a-recursos-de-conadi-y-desarrollo-social","status":"publish","type":"post","link":"https:\/\/radiorevelacionfm.cl\/?p=31798","title":{"rendered":"Familias de Guaitecas desarrollan peque\u00f1os emprendimientos gracias a recursos de Conadi y Desarrollo Social"},"content":{"rendered":"<div class=\"flex_column av_one_full  flex_column_div av-zero-column-padding first  avia-builder-el-0  el_before_av_one_full  avia-builder-el-first  \" style='border-radius:0px; '><div  class='avia-image-container  av-styling-    avia-builder-el-1  avia-builder-el-no-sibling  avia-align-center '  itemprop=\"image\" itemscope=\"itemscope\" itemtype=\"https:\/\/schema.org\/ImageObject\"  ><div class='avia-image-container-inner'><div class='avia-image-overlay-wrap'><img decoding=\"async\" class='wp-image-31799 avia-img-lazy-loading-not-31799 avia_image' src=\"https:\/\/radiorevelacionfm.cl\/wp-content\/uploads\/2023\/06\/01-4-1-1.jpg\" alt='' title='01 (4) (1) (1)' height=\"600\" width=\"800\"  itemprop=\"thumbnailUrl\" srcset=\"https:\/\/radiorevelacionfm.cl\/wp-content\/uploads\/2023\/06\/01-4-1-1.jpg 800w, https:\/\/radiorevelacionfm.cl\/wp-content\/uploads\/2023\/06\/01-4-1-1-300x225.jpg 300w, https:\/\/radiorevelacionfm.cl\/wp-content\/uploads\/2023\/06\/01-4-1-1-768x576.jpg 768w, https:\/\/radiorevelacionfm.cl\/wp-content\/uploads\/2023\/06\/01-4-1-1-705x529.jpg 705w, https:\/\/radiorevelacionfm.cl\/wp-content\/uploads\/2023\/06\/01-4-1-1-450x338.jpg 450w, https:\/\/radiorevelacionfm.cl\/wp-content\/uploads\/2023\/06\/01-4-1-1-600x450.jpg 600w\" sizes=\"(max-width: 800px) 100vw, 800px\" \/><\/div><\/div><\/div><\/div><div class=\"flex_column av_one_full  flex_column_div av-zero-column-padding first  avia-builder-el-2  el_after_av_one_full  el_before_av_one_full  column-top-margin\" style='border-radius:0px; '><section class=\"av_textblock_section \"  itemscope=\"itemscope\" itemtype=\"https:\/\/schema.org\/BlogPosting\" itemprop=\"blogPost\" ><div class='avia_textblock  '   itemprop=\"text\" ><p style=\"text-align: center;\"><strong><span style=\"font-size: 18pt;\">Familias de Guaitecas desarrollan peque\u00f1os emprendimientos gracias a recursos de Conadi y Desarrollo Social<\/span><\/strong><\/p>\n<div id=\"gtx-trans\" style=\"position: absolute; left: -50px; top: 4.31534px;\">\n<div class=\"gtx-trans-icon\"><\/div>\n<\/div>\n<\/div><\/section><\/div><div class=\"flex_column av_one_full  flex_column_div av-zero-column-padding first  avia-builder-el-4  el_after_av_one_full  el_before_av_hr  column-top-margin\" style='border-radius:0px; '><section class=\"av_textblock_section \"  itemscope=\"itemscope\" itemtype=\"https:\/\/schema.org\/BlogPosting\" itemprop=\"blogPost\" ><div class='avia_textblock  '   itemprop=\"text\" ><p style=\"text-align: justify;\">Nueve usuarios del Programa V\u00ednculos y del Programa Familias, ambos ejecutados por la Municipalidad de Guaitecas, recibieron aportes de m\u00e1s de 500 mil pesos para desarrollar y potenciar peque\u00f1os emprendimientos gracias a recursos que la Corporaci\u00f3n Nacional de Desarrollo Ind\u00edgena, CONADI y el Ministerio de Desarrollo Social y Familias, canalizan a trav\u00e9s de los denominados micro emprendimientos ind\u00edgenas en la comuna.<\/p>\n<p style=\"text-align: justify;\">Este a\u00f1o los recursos se destinaron a dos usuarios del Programa V\u00ednculos y a siete del Programa Familias, quienes ya tienen en su poder insumos y herramientas para desarrollar sus peque\u00f1os emprendimientos, que le permitan generar ingresos en forma aut\u00f3noma.<\/p>\n<p style=\"text-align: justify;\">Este fondo financia adem\u00e1s proyectos con identidad cultural y las familias que se lo adjudican pueden adquirir m\u00e1quinas, equipos y herramientas, as\u00ed como materias primas e insumos para producci\u00f3n y comercializaci\u00f3n de bienes y servicios.<\/p>\n<p style=\"text-align: justify;\">Este es el caso de Polett LLancapani, del Programa Familias, quien desde hace unos a\u00f1os cultiva frutales y gracias la adjudicaci\u00f3n de un proyecto en este fondo, pudo adquirir una selladora para sus productos.<\/p>\n<p style=\"text-align: justify;\">\u201cYo tengo frutillas, ar\u00e1ndanos, murtillas y frambuesas y este proyecto me va a ayudar mucho, sobre todo para mis frambuesas, para que pueda hacer sellados al vac\u00edo y as\u00ed no perder mis productos y este es un gran aporte del Programa Familias, que no me lo esperaba, pues yo tengo mis frutales del a\u00f1o 2021 y los ha sacado adelante y podido abastecer a la isla y ahora esta es una tremenda noticias y estoy muy emocionada\u201d, dijo la vecina de la comuna, quien agradeci\u00f3 el apoyo que recibi\u00f3 del municipio, particularmente de Yenifer Cad\u00edn, para el desarrollo de su proyecto.<\/p>\n<p style=\"text-align: justify;\">Por su parte el alcalde de la comuna de Guaitecas, Marcos Silva, valor\u00f3 el poder articular desde el municipio el arribo de estos recursos para familias de la comuna.<\/p>\n<p style=\"text-align: justify;\">\u201cEsta iniciativa viene a apoyar sus emprendimientos y este v\u00ednculo que se entre la CONADI y Desarrollo Social es un beneficio para ustedes, para sus emprendimientos y para su desarrollo y este es el camino, para as\u00ed como ustedes, otros grupos de personas tengan estas oportunidades y recibir estas ayudas a trav\u00e9s de este tipo de iniciativas; as\u00ed que felices por ustedes y que puedan sacar el mayor provecho a estas herramientas, que sin duda vienen a mejorar su calidad de vida\u201d, dijo la autoridad comunal de Guaitecas.<\/p>\n<p style=\"text-align: justify;\">Las personas que se adjudicaron recursos de este fondo recibieron adem\u00e1s capacitaciones para la administraci\u00f3n de sus proyectos, as\u00ed como asistencia t\u00e9cnica para la ejecuci\u00f3n y puesta en marcha de cada iniciativa.<\/p>\n<\/div><\/section><\/div><div  style='height:50px' class='hr hr-invisible   avia-builder-el-6  el_after_av_one_full  el_before_av_social_share '><span class='hr-inner ' ><span class='hr-inner-style'><\/span><\/span><\/div><\/p>\n<div  class='av-social-sharing-box  avia-builder-el-7  el_after_av_hr  el_before_av_hr  '><div class='av-share-box'><h5 class='av-share-link-description av-no-toc '>Compartir esta noticia<\/h5><ul class='av-share-box-list noLightbox'><li class='av-share-link av-social-link-facebook' ><a target=\"_blank\" aria-label=\"Compartir en Facebook\" href='https:\/\/www.facebook.com\/sharer.php?u=https:\/\/radiorevelacionfm.cl\/?p=31798&#038;t=Familias%20de%20Guaitecas%20desarrollan%20peque%C3%B1os%20emprendimientos%20gracias%20a%20recursos%20de%20Conadi%20y%20Desarrollo%20Social' aria-hidden='false' data-av_icon='\ue8f3' data-av_iconfont='entypo-fontello' title='' data-avia-related-tooltip='Compartir en Facebook' rel=\"noopener\"><span class='avia_hidden_link_text'>Compartir en Facebook<\/span><\/a><\/li><li class='av-share-link av-social-link-twitter' ><a target=\"_blank\" aria-label=\"Compartir en Twitter\" href='https:\/\/twitter.com\/share?text=Familias%20de%20Guaitecas%20desarrollan%20peque%C3%B1os%20emprendimientos%20gracias%20a%20recursos%20de%20Conadi%20y%20Desarrollo%20Social&#038;url=https:\/\/radiorevelacionfm.cl\/?p=31798' aria-hidden='false' data-av_icon='\ue8f1' data-av_iconfont='entypo-fontello' title='' data-avia-related-tooltip='Compartir en Twitter' rel=\"noopener\"><span class='avia_hidden_link_text'>Compartir en Twitter<\/span><\/a><\/li><li class='av-share-link av-social-link-whatsapp' ><a target=\"_blank\" aria-label=\"Compartir en Whatsapp\" href='https:\/\/api.whatsapp.com\/send?text=https:\/\/radiorevelacionfm.cl\/?p=31798' aria-hidden='false' data-av_icon='\uf232' data-av_iconfont='entypo-fontello' title='' data-avia-related-tooltip='Compartir en Whatsapp' rel=\"noopener\"><span class='avia_hidden_link_text'>Compartir en Whatsapp<\/span><\/a><\/li><li class='av-share-link av-social-link-linkedin' ><a target=\"_blank\" aria-label=\"Compartir en LinkedIn\" href='https:\/\/linkedin.com\/shareArticle?mini=true&#038;title=Familias%20de%20Guaitecas%20desarrollan%20peque%C3%B1os%20emprendimientos%20gracias%20a%20recursos%20de%20Conadi%20y%20Desarrollo%20Social&#038;url=https:\/\/radiorevelacionfm.cl\/?p=31798' aria-hidden='false' data-av_icon='\ue8fc' data-av_iconfont='entypo-fontello' title='' data-avia-related-tooltip='Compartir en LinkedIn' rel=\"noopener\"><span class='avia_hidden_link_text'>Compartir en LinkedIn<\/span><\/a><\/li><li class='av-share-link av-social-link-mail' ><a  aria-label=\"Compartir por correo\" href='mailto:?subject=Familias%20de%20Guaitecas%20desarrollan%20peque%C3%B1os%20emprendimientos%20gracias%20a%20recursos%20de%20Conadi%20y%20Desarrollo%20Social&#038;body=https:\/\/radiorevelacionfm.cl\/?p=31798' aria-hidden='false' data-av_icon='\ue805' data-av_iconfont='entypo-fontello' title='' data-avia-related-tooltip='Compartir por correo'><span class='avia_hidden_link_text'>Compartir por correo<\/span><\/a><\/li><\/ul><\/div><\/div>\n<div  style='height:50px' class='hr hr-invisible   avia-builder-el-8  el_after_av_social_share  el_before_av_comments_list '><span class='hr-inner ' ><span class='hr-inner-style'><\/span><\/span><\/div>\n<div  class='av-buildercomment  av-blog-meta-html-info-disabled av-blog-meta-tag-disabled  '><\/div>\n","protected":false},"excerpt":{"rendered":"","protected":false},"author":1,"featured_media":31799,"comment_status":"open","ping_status":"open","sticky":false,"template":"","format":"standard","meta":{"footnotes":""},"categories":[38],"tags":[],"class_list":["post-31798","post","type-post","status-publish","format-standard","has-post-thumbnail","hentry","category-regional"],"jetpack_featured_media_url":"https:\/\/radiorevelacionfm.cl\/wp-content\/uploads\/2023\/06\/01-4-1-1.jpg","_links":{"self":[{"href":"https:\/\/radiorevelacionfm.cl\/index.php?rest_route=\/wp\/v2\/posts\/31798","targetHints":{"allow":["GET"]}}],"collection":[{"href":"https:\/\/radiorevelacionfm.cl\/index.php?rest_route=\/wp\/v2\/posts"}],"about":[{"href":"https:\/\/radiorevelacionfm.cl\/index.php?rest_route=\/wp\/v2\/types\/post"}],"author":[{"embeddable":true,"href":"https:\/\/radiorevelacionfm.cl\/index.php?rest_route=\/wp\/v2\/users\/1"}],"replies":[{"embeddable":true,"href":"https:\/\/radiorevelacionfm.cl\/index.php?rest_route=%2Fwp%2Fv2%2Fcomments&post=31798"}],"version-history":[{"count":1,"href":"https:\/\/radiorevelacionfm.cl\/index.php?rest_route=\/wp\/v2\/posts\/31798\/revisions"}],"predecessor-version":[{"id":31800,"href":"https:\/\/radiorevelacionfm.cl\/index.php?rest_route=\/wp\/v2\/posts\/31798\/revisions\/31800"}],"wp:featuredmedia":[{"embeddable":true,"href":"https:\/\/radiorevelacionfm.cl\/index.php?rest_route=\/wp\/v2\/media\/31799"}],"wp:attachment":[{"href":"https:\/\/radiorevelacionfm.cl\/index.php?rest_route=%2Fwp%2Fv2%2Fmedia&parent=31798"}],"wp:term":[{"taxonomy":"category","embeddable":true,"href":"https:\/\/radiorevelacionfm.cl\/index.php?rest_route=%2Fwp%2Fv2%2Fcategories&post=31798"},{"taxonomy":"post_tag","embeddable":true,"href":"https:\/\/radiorevelacionfm.cl\/index.php?rest_route=%2Fwp%2Fv2%2Ftags&post=31798"}],"curies":[{"name":"wp","href":"https:\/\/api.w.org\/{rel}","templated":true}]}}