{"id":31796,"date":"2023-06-07T22:28:10","date_gmt":"2023-06-08T01:28:10","guid":{"rendered":"https:\/\/radiorevelacionfm.cl\/?p=31796"},"modified":"2023-06-07T22:28:10","modified_gmt":"2023-06-08T01:28:10","slug":"alcalde-de-guaitecas-critico-el-servicio-de-traslado-aeromedico-tras-las-muerte-de-un-vecino-que-no-fue-evacuado-por-sobrepeso","status":"publish","type":"post","link":"https:\/\/radiorevelacionfm.cl\/?p=31796","title":{"rendered":"Alcalde de Guaitecas critic\u00f3 el servicio de traslado aerom\u00e9dico tras las muerte de un vecino que no fue evacuado por sobrepeso"},"content":{"rendered":"<div class=\"flex_column av_one_full  flex_column_div av-zero-column-padding first  avia-builder-el-0  el_before_av_one_full  avia-builder-el-first  \" style='border-radius:0px; '><div  class='avia-image-container  av-styling-    avia-builder-el-1  avia-builder-el-no-sibling  avia-align-center '  itemprop=\"image\" itemscope=\"itemscope\" itemtype=\"https:\/\/schema.org\/ImageObject\"  ><div class='avia-image-container-inner'><div class='avia-image-overlay-wrap'><img decoding=\"async\" class='wp-image-31005 avia-img-lazy-loading-not-31005 avia_image' src=\"https:\/\/radiorevelacionfm.cl\/wp-content\/uploads\/2023\/05\/IMG-20220920-WA0008-1-1.jpg\" alt='' title='IMG-20220920-WA0008 (1) (1)' height=\"600\" width=\"777\"  itemprop=\"thumbnailUrl\" srcset=\"https:\/\/radiorevelacionfm.cl\/wp-content\/uploads\/2023\/05\/IMG-20220920-WA0008-1-1.jpg 777w, https:\/\/radiorevelacionfm.cl\/wp-content\/uploads\/2023\/05\/IMG-20220920-WA0008-1-1-300x232.jpg 300w, https:\/\/radiorevelacionfm.cl\/wp-content\/uploads\/2023\/05\/IMG-20220920-WA0008-1-1-768x593.jpg 768w, https:\/\/radiorevelacionfm.cl\/wp-content\/uploads\/2023\/05\/IMG-20220920-WA0008-1-1-705x544.jpg 705w, https:\/\/radiorevelacionfm.cl\/wp-content\/uploads\/2023\/05\/IMG-20220920-WA0008-1-1-450x347.jpg 450w, https:\/\/radiorevelacionfm.cl\/wp-content\/uploads\/2023\/05\/IMG-20220920-WA0008-1-1-600x463.jpg 600w\" sizes=\"(max-width: 777px) 100vw, 777px\" \/><\/div><\/div><\/div><\/div><div class=\"flex_column av_one_full  flex_column_div av-zero-column-padding first  avia-builder-el-2  el_after_av_one_full  el_before_av_one_full  column-top-margin\" style='border-radius:0px; '><section class=\"av_textblock_section \"  itemscope=\"itemscope\" itemtype=\"https:\/\/schema.org\/BlogPosting\" itemprop=\"blogPost\" ><div class='avia_textblock  '   itemprop=\"text\" ><p style=\"text-align: center;\"><strong><span style=\"font-size: 18pt;\">Alcalde de Guaitecas critic\u00f3 el servicio de traslado aerom\u00e9dico tras las muerte de un vecino que no fue evacuado por sobrepeso<\/span><\/strong><\/p>\n<div id=\"gtx-trans\" style=\"position: absolute; left: -50px; top: 4.31534px;\">\n<div class=\"gtx-trans-icon\"><\/div>\n<\/div>\n<\/div><\/section><\/div><div class=\"flex_column av_one_full  flex_column_div av-zero-column-padding first  avia-builder-el-4  el_after_av_one_full  el_before_av_hr  column-top-margin\" style='border-radius:0px; '><section class=\"av_textblock_section \"  itemscope=\"itemscope\" itemtype=\"https:\/\/schema.org\/BlogPosting\" itemprop=\"blogPost\" ><div class='avia_textblock  '   itemprop=\"text\" ><p style=\"text-align: justify;\">El alcalde de Guaitecas Marcos Silva critic\u00f3 el servicio de traslado aerom\u00e9dico que existe en la comuna para llevar pacientes de urgencia a centros asistenciales con mayor resolutividad que la posta de salud rural de Melinka.<\/p>\n<p style=\"text-align: justify;\">Esto tras un lamentable episodio vivido el fin de semana, en el que la empresa a\u00e9rea a cargo del servicio se neg\u00f3 a hacer un traslado de un paciente en estado grave, argumentando sobrepeso, lo que finalmente redund\u00f3 en que el traslado no se hiciera efectivo y el paciente, Fabi\u00e1n \u00d1anc\u00fapel M\u00e1rquez, falleciera en Melinka.<\/p>\n<p style=\"text-align: justify;\">Este lamentable episodio contrasta, como indic\u00f3 el alcalde Marcos Silva, con un traslado aerom\u00e9dico hecho por la Fuerza A\u00e9rea desde Melinka a Puerto Montt, que permiti\u00f3 atender oportunamente a una persona mayor.<\/p>\n<p style=\"text-align: justify;\">\u201cEs lamentable. El tema de la salud en Chile y evidentemente en nuestra regi\u00f3n, que no se tomen decisiones adecuadas al momento de salvaguardar la vida de las personas y en esta situaci\u00f3n en particular, m\u00e1s all\u00e1 del desempe\u00f1o m\u00e9dico, con lo poco y nada que se tiene en esta posta rural, se pueden resolver ciertas situaciones complejas, pero se requiere del traslado r\u00e1pido a establecimientos de alta complejidad, lo que en este caso no sucedi\u00f3\u201d, dijo el alcalde Marcos Silva en entrevista con Radio Corporaci\u00f3n.<\/p>\n<p style=\"text-align: justify;\">El alcalde Silva cuestion\u00f3 la determinaci\u00f3n del personal de salud y de la empresa a cargo de la fallida evacuaci\u00f3n aerom\u00e9dica de no trasladar al paciente, argumentando sobrepeso, lo que a juicio de la autoridad comunal es un desprop\u00f3sito.<\/p>\n<p style=\"text-align: justify;\">\u201cAc\u00e1 se desconoce c\u00f3mo administrativamente funciona en este aspecto el servicio de salud, pues evidentemente el convenio con esta empresa no ha sido el mejor, no ha tenido un buen desempe\u00f1o, pues ha dejado otros traslados botados en otras localidades de la regi\u00f3n. En este caso en particular, llega con tres personas del SAMU y si se considera que hay sobrepeso, cu\u00e1l es la prioridad: volverse con las personas del servicio o volverse con el paciente; entiendo que la l\u00f3gica y para lo cual se les contrata y se les paga, es para el traslado de los pacientes y ning\u00fan paciente en un momento de urgencia pasa primero por una pesa para ser atendido y por otro lado el servicio de salud, el SAMU, no ha contratado servicios adecuados, habiendo otras posibilidades en la regi\u00f3n, habiendo empresas que jam\u00e1s han dejado botado alg\u00fan traslado en ninguna parte\u201d, dijo el alcalde de Guaitecas Marcos Silva, quien hizo un llamado a las autoridades pertinentes para que revisen los protocolos en situaciones como esta y que busquen mejores opciones para los servicios de traslado de pacientes, que ofrezcan garant\u00edas de que la vida de las personas es la prioridad.<\/p>\n<\/div><\/section><\/div><div  style='height:50px' class='hr hr-invisible   avia-builder-el-6  el_after_av_one_full  el_before_av_social_share '><span class='hr-inner ' ><span class='hr-inner-style'><\/span><\/span><\/div><\/p>\n<div  class='av-social-sharing-box  avia-builder-el-7  el_after_av_hr  el_before_av_hr  '><div class='av-share-box'><h5 class='av-share-link-description av-no-toc '>Compartir esta noticia<\/h5><ul class='av-share-box-list noLightbox'><li class='av-share-link av-social-link-facebook' ><a target=\"_blank\" aria-label=\"Compartir en Facebook\" href='https:\/\/www.facebook.com\/sharer.php?u=https:\/\/radiorevelacionfm.cl\/?p=31796&#038;t=Alcalde%20de%20Guaitecas%20critic%C3%B3%20el%20servicio%20de%20traslado%20aerom%C3%A9dico%20tras%20las%20muerte%20de%20un%20vecino%20que%20no%20fue%20evacuado%20por%20sobrepeso' aria-hidden='false' data-av_icon='\ue8f3' data-av_iconfont='entypo-fontello' title='' data-avia-related-tooltip='Compartir en Facebook' rel=\"noopener\"><span class='avia_hidden_link_text'>Compartir en Facebook<\/span><\/a><\/li><li class='av-share-link av-social-link-twitter' ><a target=\"_blank\" aria-label=\"Compartir en Twitter\" href='https:\/\/twitter.com\/share?text=Alcalde%20de%20Guaitecas%20critic%C3%B3%20el%20servicio%20de%20traslado%20aerom%C3%A9dico%20tras%20las%20muerte%20de%20un%20vecino%20que%20no%20fue%20evacuado%20por%20sobrepeso&#038;url=https:\/\/radiorevelacionfm.cl\/?p=31796' aria-hidden='false' data-av_icon='\ue8f1' data-av_iconfont='entypo-fontello' title='' data-avia-related-tooltip='Compartir en Twitter' rel=\"noopener\"><span class='avia_hidden_link_text'>Compartir en Twitter<\/span><\/a><\/li><li class='av-share-link av-social-link-whatsapp' ><a target=\"_blank\" aria-label=\"Compartir en Whatsapp\" href='https:\/\/api.whatsapp.com\/send?text=https:\/\/radiorevelacionfm.cl\/?p=31796' aria-hidden='false' data-av_icon='\uf232' data-av_iconfont='entypo-fontello' title='' data-avia-related-tooltip='Compartir en Whatsapp' rel=\"noopener\"><span class='avia_hidden_link_text'>Compartir en Whatsapp<\/span><\/a><\/li><li class='av-share-link av-social-link-linkedin' ><a target=\"_blank\" aria-label=\"Compartir en LinkedIn\" href='https:\/\/linkedin.com\/shareArticle?mini=true&#038;title=Alcalde%20de%20Guaitecas%20critic%C3%B3%20el%20servicio%20de%20traslado%20aerom%C3%A9dico%20tras%20las%20muerte%20de%20un%20vecino%20que%20no%20fue%20evacuado%20por%20sobrepeso&#038;url=https:\/\/radiorevelacionfm.cl\/?p=31796' aria-hidden='false' data-av_icon='\ue8fc' data-av_iconfont='entypo-fontello' title='' data-avia-related-tooltip='Compartir en LinkedIn' rel=\"noopener\"><span class='avia_hidden_link_text'>Compartir en LinkedIn<\/span><\/a><\/li><li class='av-share-link av-social-link-mail' ><a  aria-label=\"Compartir por correo\" href='mailto:?subject=Alcalde%20de%20Guaitecas%20critic%C3%B3%20el%20servicio%20de%20traslado%20aerom%C3%A9dico%20tras%20las%20muerte%20de%20un%20vecino%20que%20no%20fue%20evacuado%20por%20sobrepeso&#038;body=https:\/\/radiorevelacionfm.cl\/?p=31796' aria-hidden='false' data-av_icon='\ue805' data-av_iconfont='entypo-fontello' title='' data-avia-related-tooltip='Compartir por correo'><span class='avia_hidden_link_text'>Compartir por correo<\/span><\/a><\/li><\/ul><\/div><\/div>\n<div  style='height:50px' class='hr hr-invisible   avia-builder-el-8  el_after_av_social_share  el_before_av_comments_list '><span class='hr-inner ' ><span class='hr-inner-style'><\/span><\/span><\/div>\n<div  class='av-buildercomment  av-blog-meta-html-info-disabled av-blog-meta-tag-disabled  '><\/div>\n","protected":false},"excerpt":{"rendered":"","protected":false},"author":1,"featured_media":31005,"comment_status":"open","ping_status":"open","sticky":false,"template":"","format":"standard","meta":{"footnotes":""},"categories":[38],"tags":[],"class_list":["post-31796","post","type-post","status-publish","format-standard","has-post-thumbnail","hentry","category-regional"],"jetpack_featured_media_url":"https:\/\/radiorevelacionfm.cl\/wp-content\/uploads\/2023\/05\/IMG-20220920-WA0008-1-1.jpg","_links":{"self":[{"href":"https:\/\/radiorevelacionfm.cl\/index.php?rest_route=\/wp\/v2\/posts\/31796","targetHints":{"allow":["GET"]}}],"collection":[{"href":"https:\/\/radiorevelacionfm.cl\/index.php?rest_route=\/wp\/v2\/posts"}],"about":[{"href":"https:\/\/radiorevelacionfm.cl\/index.php?rest_route=\/wp\/v2\/types\/post"}],"author":[{"embeddable":true,"href":"https:\/\/radiorevelacionfm.cl\/index.php?rest_route=\/wp\/v2\/users\/1"}],"replies":[{"embeddable":true,"href":"https:\/\/radiorevelacionfm.cl\/index.php?rest_route=%2Fwp%2Fv2%2Fcomments&post=31796"}],"version-history":[{"count":1,"href":"https:\/\/radiorevelacionfm.cl\/index.php?rest_route=\/wp\/v2\/posts\/31796\/revisions"}],"predecessor-version":[{"id":31797,"href":"https:\/\/radiorevelacionfm.cl\/index.php?rest_route=\/wp\/v2\/posts\/31796\/revisions\/31797"}],"wp:featuredmedia":[{"embeddable":true,"href":"https:\/\/radiorevelacionfm.cl\/index.php?rest_route=\/wp\/v2\/media\/31005"}],"wp:attachment":[{"href":"https:\/\/radiorevelacionfm.cl\/index.php?rest_route=%2Fwp%2Fv2%2Fmedia&parent=31796"}],"wp:term":[{"taxonomy":"category","embeddable":true,"href":"https:\/\/radiorevelacionfm.cl\/index.php?rest_route=%2Fwp%2Fv2%2Fcategories&post=31796"},{"taxonomy":"post_tag","embeddable":true,"href":"https:\/\/radiorevelacionfm.cl\/index.php?rest_route=%2Fwp%2Fv2%2Ftags&post=31796"}],"curies":[{"name":"wp","href":"https:\/\/api.w.org\/{rel}","templated":true}]}}