{"id":31793,"date":"2023-06-07T20:54:51","date_gmt":"2023-06-07T23:54:51","guid":{"rendered":"https:\/\/radiorevelacionfm.cl\/?p=31793"},"modified":"2023-06-07T22:47:09","modified_gmt":"2023-06-08T01:47:09","slug":"emiten-alerta-preventiva-por-condiciones-climaticas-adversas-en-la-region-de-aysen","status":"publish","type":"post","link":"https:\/\/radiorevelacionfm.cl\/?p=31793","title":{"rendered":"Emiten Alerta Preventiva por condiciones clim\u00e1ticas adversas en la regi\u00f3n de Ays\u00e9n"},"content":{"rendered":"<div class=\"flex_column av_one_full  flex_column_div av-zero-column-padding first  avia-builder-el-0  el_before_av_one_full  avia-builder-el-first  \" style='border-radius:0px; '><div  class='avia-image-container  av-styling-    avia-builder-el-1  avia-builder-el-no-sibling  avia-align-center '  itemprop=\"image\" itemscope=\"itemscope\" itemtype=\"https:\/\/schema.org\/ImageObject\"  ><div class='avia-image-container-inner'><div class='avia-image-overlay-wrap'><img decoding=\"async\" class='wp-image-15378 avia-img-lazy-loading-not-15378 avia_image' src=\"https:\/\/radiorevelacionfm.cl\/wp-content\/uploads\/2022\/04\/lluvias-aysen-1_optimized.jpg\" alt='' title='lluvias-aysen-(1)_optimized' height=\"600\" width=\"1069\"  itemprop=\"thumbnailUrl\" srcset=\"https:\/\/radiorevelacionfm.cl\/wp-content\/uploads\/2022\/04\/lluvias-aysen-1_optimized.jpg 1069w, https:\/\/radiorevelacionfm.cl\/wp-content\/uploads\/2022\/04\/lluvias-aysen-1_optimized-300x168.jpg 300w, https:\/\/radiorevelacionfm.cl\/wp-content\/uploads\/2022\/04\/lluvias-aysen-1_optimized-1030x578.jpg 1030w, https:\/\/radiorevelacionfm.cl\/wp-content\/uploads\/2022\/04\/lluvias-aysen-1_optimized-768x431.jpg 768w, https:\/\/radiorevelacionfm.cl\/wp-content\/uploads\/2022\/04\/lluvias-aysen-1_optimized-705x396.jpg 705w, https:\/\/radiorevelacionfm.cl\/wp-content\/uploads\/2022\/04\/lluvias-aysen-1_optimized-600x337.jpg 600w\" sizes=\"(max-width: 1069px) 100vw, 1069px\" \/><\/div><\/div><\/div><\/div>\n<div class=\"flex_column av_one_full  flex_column_div av-zero-column-padding first  avia-builder-el-2  el_after_av_one_full  el_before_av_one_full  column-top-margin\" style='border-radius:0px; '><section class=\"av_textblock_section \"  itemscope=\"itemscope\" itemtype=\"https:\/\/schema.org\/BlogPosting\" itemprop=\"blogPost\" ><div class='avia_textblock  '   itemprop=\"text\" ><p style=\"text-align: center;\"><strong><span style=\"font-size: 18pt;\">Emiten Alerta Preventiva por condiciones clim\u00e1ticas adversas en la regi\u00f3n de Ays\u00e9n <\/span><\/strong><\/p>\n<div id=\"gtx-trans\" style=\"position: absolute; left: -50px; top: 4.31534px;\">\n<div class=\"gtx-trans-icon\"><\/div>\n<\/div>\n<\/div><\/section><\/div>\n<div class=\"flex_column av_one_full  flex_column_div av-zero-column-padding first  avia-builder-el-4  el_after_av_one_full  el_before_av_hr  column-top-margin\" style='border-radius:0px; '><section class=\"av_textblock_section \"  itemscope=\"itemscope\" itemtype=\"https:\/\/schema.org\/BlogPosting\" itemprop=\"blogPost\" ><div class='avia_textblock  '   itemprop=\"text\" ><p style=\"text-align: justify;\">De acuerdo con la informaci\u00f3n proporcionada por la Direcci\u00f3n Meteorol\u00f3gica de Chile a trav\u00e9s de su <strong>ALERTA <\/strong>Meteorol\u00f3gica <strong>AA33\/2023, <\/strong>emitido el d\u00eda martes 06 de junio 2023, a las 14:35 la cual indica <strong>VIENTO MODERADO A FUERTE para la Regi\u00f3n de Ays\u00e9n (Insular Norte), <\/strong>desde la madrugada del jueves 08 de junio hasta la ma\u00f1ana del jueves 08 de junio del 2023. Debido a condici\u00f3n sin\u00f3ptica sistema frontal.<\/p>\n<p style=\"text-align: justify;\">Adicionalmente la Direcci\u00f3n Meteorol\u00f3gica de Chile mantiene vigente los Aviso Meteorol\u00f3gico <strong>A197- 1\/2023, <\/strong>emitido el d\u00eda lunes 05 de junio 2023, a las 14:42 el cual indica <strong>Precipitaciones Normales a Moderadas en la Regi\u00f3n de Ays\u00e9n (Litoral Interior Norte), <\/strong>desde la tarde del mi\u00e9rcoles 07 de junio hasta la ma\u00f1ana del jueves 08 de junio del 2023. Debido a condici\u00f3n sin\u00f3ptica sistema frontal. Y la <strong>ACTUALIZACION <\/strong>del Aviso Meteorol\u00f3gico <strong>A194-1\/2023, <\/strong>emitido el d\u00eda de ayer martes 06 de junio 2023, el cual indica <strong>Viento Normal a Moderado en la Regi\u00f3n de Ays\u00e9n (Insular Norte), <\/strong>desde la tarde del mi\u00e9rcoles 07 de junio hasta la ma\u00f1ana del jueves 08 de junio del 2023. Debido a condici\u00f3n sin\u00f3ptica sistema frontal frio.<\/p>\n<p style=\"text-align: justify;\">Finalmente, el Aviso meteorol\u00f3gico <strong>A200\/2023 <\/strong>por <strong>probables tormentas el\u00e9ctricas en <\/strong><strong>la <\/strong><strong>regi\u00f3n de Ays\u00e9n (insular norte, Litoral Interior Norte), <\/strong>desde la madrugada del jueves 08 de junio hasta la tarde del jueves 08 de junio de 2023. Debido a condici\u00f3n sin\u00f3ptica sistema frontal frio.<\/p>\n<p style=\"text-align: justify;\">Aviso meteorol\u00f3gico <strong>A201\/2023 <\/strong>por <strong>viento normal a moderado en la <\/strong><strong>regi\u00f3n <\/strong><strong>de Ays\u00e9n (Cordillera Austral Norte), <\/strong>desde la madrugada del jueves 08 hasta la tarde del jueves 08 de junio de 2023. Debido a condici\u00f3n sin\u00f3ptica sistema frontal frio.<\/p>\n<p style=\"text-align: justify;\">Aviso meteorol\u00f3gico <strong>A202\/2023 <\/strong>por <strong>heladas normales a moderadas en la regi\u00f3n de Ays\u00e9n (Patagonia subandina Norte), <\/strong>desde la madrugada del s\u00e1bado 10 de junio hasta la ma\u00f1ana del domingo 11 de junio de 2023. Debido a condici\u00f3n sin\u00f3ptica Alta presi\u00f3n fr\u00eda.<\/p>\n<p style=\"text-align: justify;\">En consideraci\u00f3n a estos antecedentes meteorol\u00f3gicos y la existencia de factores propicios para deshielos en pre-cordillera y cordillera subandina, como tambi\u00e9n la ocurrencia de aumento de caudales en r\u00edos y arroyos, los cuales han ocasionado en algunos sectores de la regi\u00f3n interrupciones de conectividad, inundaciones domiciliarias a causas de las aguas lluvias y alteraciones de servicios b\u00e1sicos, es por eso que el <strong>Servicio Nacional de Prevenci\u00f3n <\/strong><strong>y Respuesta ante Desastres (SENAPRED) ACTUALIZA Alerta Verde Temprana Preventiva <\/strong>para la Regi\u00f3n de Ays\u00e9n por Evento Meteorol\u00f3gico, vigente desde el d\u00eda 05 de junio y hasta que las condiciones meteorol\u00f3gicas as\u00ed lo ameriten.<\/p>\n<\/div><\/section><\/div><div  style='height:50px' class='hr hr-invisible   avia-builder-el-6  el_after_av_one_full  el_before_av_social_share '><span class='hr-inner ' ><span class='hr-inner-style'><\/span><\/span><\/div><\/p>\n<div  class='av-social-sharing-box  avia-builder-el-7  el_after_av_hr  el_before_av_hr  '><div class='av-share-box'><h5 class='av-share-link-description av-no-toc '>Compartir esta noticia<\/h5><ul class='av-share-box-list noLightbox'><li class='av-share-link av-social-link-facebook' ><a target=\"_blank\" aria-label=\"Compartir en Facebook\" href='https:\/\/www.facebook.com\/sharer.php?u=https:\/\/radiorevelacionfm.cl\/?p=31793&#038;t=Emiten%20Alerta%20Preventiva%20por%20condiciones%20clim%C3%A1ticas%20adversas%20en%20la%20regi%C3%B3n%20de%20Ays%C3%A9n' aria-hidden='false' data-av_icon='\ue8f3' data-av_iconfont='entypo-fontello' title='' data-avia-related-tooltip='Compartir en Facebook' rel=\"noopener\"><span class='avia_hidden_link_text'>Compartir en Facebook<\/span><\/a><\/li><li class='av-share-link av-social-link-twitter' ><a target=\"_blank\" aria-label=\"Compartir en Twitter\" href='https:\/\/twitter.com\/share?text=Emiten%20Alerta%20Preventiva%20por%20condiciones%20clim%C3%A1ticas%20adversas%20en%20la%20regi%C3%B3n%20de%20Ays%C3%A9n&#038;url=https:\/\/radiorevelacionfm.cl\/?p=31793' aria-hidden='false' data-av_icon='\ue8f1' data-av_iconfont='entypo-fontello' title='' data-avia-related-tooltip='Compartir en Twitter' rel=\"noopener\"><span class='avia_hidden_link_text'>Compartir en Twitter<\/span><\/a><\/li><li class='av-share-link av-social-link-whatsapp' ><a target=\"_blank\" aria-label=\"Compartir en Whatsapp\" href='https:\/\/api.whatsapp.com\/send?text=https:\/\/radiorevelacionfm.cl\/?p=31793' aria-hidden='false' data-av_icon='\uf232' data-av_iconfont='entypo-fontello' title='' data-avia-related-tooltip='Compartir en Whatsapp' rel=\"noopener\"><span class='avia_hidden_link_text'>Compartir en Whatsapp<\/span><\/a><\/li><li class='av-share-link av-social-link-linkedin' ><a target=\"_blank\" aria-label=\"Compartir en LinkedIn\" href='https:\/\/linkedin.com\/shareArticle?mini=true&#038;title=Emiten%20Alerta%20Preventiva%20por%20condiciones%20clim%C3%A1ticas%20adversas%20en%20la%20regi%C3%B3n%20de%20Ays%C3%A9n&#038;url=https:\/\/radiorevelacionfm.cl\/?p=31793' aria-hidden='false' data-av_icon='\ue8fc' data-av_iconfont='entypo-fontello' title='' data-avia-related-tooltip='Compartir en LinkedIn' rel=\"noopener\"><span class='avia_hidden_link_text'>Compartir en LinkedIn<\/span><\/a><\/li><li class='av-share-link av-social-link-mail' ><a  aria-label=\"Compartir por correo\" href='mailto:?subject=Emiten%20Alerta%20Preventiva%20por%20condiciones%20clim%C3%A1ticas%20adversas%20en%20la%20regi%C3%B3n%20de%20Ays%C3%A9n&#038;body=https:\/\/radiorevelacionfm.cl\/?p=31793' aria-hidden='false' data-av_icon='\ue805' data-av_iconfont='entypo-fontello' title='' data-avia-related-tooltip='Compartir por correo'><span class='avia_hidden_link_text'>Compartir por correo<\/span><\/a><\/li><\/ul><\/div><\/div>\n<div  style='height:50px' class='hr hr-invisible   avia-builder-el-8  el_after_av_social_share  el_before_av_comments_list '><span class='hr-inner ' ><span class='hr-inner-style'><\/span><\/span><\/div>\n<div  class='av-buildercomment  av-blog-meta-html-info-disabled av-blog-meta-tag-disabled  '><\/div>\n","protected":false},"excerpt":{"rendered":"","protected":false},"author":1,"featured_media":15378,"comment_status":"open","ping_status":"open","sticky":false,"template":"","format":"standard","meta":{"footnotes":""},"categories":[38],"tags":[],"class_list":["post-31793","post","type-post","status-publish","format-standard","has-post-thumbnail","hentry","category-regional"],"jetpack_featured_media_url":"https:\/\/radiorevelacionfm.cl\/wp-content\/uploads\/2022\/04\/lluvias-aysen-1_optimized.jpg","_links":{"self":[{"href":"https:\/\/radiorevelacionfm.cl\/index.php?rest_route=\/wp\/v2\/posts\/31793","targetHints":{"allow":["GET"]}}],"collection":[{"href":"https:\/\/radiorevelacionfm.cl\/index.php?rest_route=\/wp\/v2\/posts"}],"about":[{"href":"https:\/\/radiorevelacionfm.cl\/index.php?rest_route=\/wp\/v2\/types\/post"}],"author":[{"embeddable":true,"href":"https:\/\/radiorevelacionfm.cl\/index.php?rest_route=\/wp\/v2\/users\/1"}],"replies":[{"embeddable":true,"href":"https:\/\/radiorevelacionfm.cl\/index.php?rest_route=%2Fwp%2Fv2%2Fcomments&post=31793"}],"version-history":[{"count":3,"href":"https:\/\/radiorevelacionfm.cl\/index.php?rest_route=\/wp\/v2\/posts\/31793\/revisions"}],"predecessor-version":[{"id":31801,"href":"https:\/\/radiorevelacionfm.cl\/index.php?rest_route=\/wp\/v2\/posts\/31793\/revisions\/31801"}],"wp:featuredmedia":[{"embeddable":true,"href":"https:\/\/radiorevelacionfm.cl\/index.php?rest_route=\/wp\/v2\/media\/15378"}],"wp:attachment":[{"href":"https:\/\/radiorevelacionfm.cl\/index.php?rest_route=%2Fwp%2Fv2%2Fmedia&parent=31793"}],"wp:term":[{"taxonomy":"category","embeddable":true,"href":"https:\/\/radiorevelacionfm.cl\/index.php?rest_route=%2Fwp%2Fv2%2Fcategories&post=31793"},{"taxonomy":"post_tag","embeddable":true,"href":"https:\/\/radiorevelacionfm.cl\/index.php?rest_route=%2Fwp%2Fv2%2Ftags&post=31793"}],"curies":[{"name":"wp","href":"https:\/\/api.w.org\/{rel}","templated":true}]}}