{"id":31790,"date":"2023-06-07T19:24:08","date_gmt":"2023-06-07T22:24:08","guid":{"rendered":"https:\/\/radiorevelacionfm.cl\/?p=31790"},"modified":"2023-06-07T19:24:08","modified_gmt":"2023-06-07T22:24:08","slug":"cenco-73-anos-articulando-la-respuesta-ante-la-emergencia","status":"publish","type":"post","link":"https:\/\/radiorevelacionfm.cl\/?p=31790","title":{"rendered":"Cenco: 73 a\u00f1os articulando la respuesta ante la emergencia"},"content":{"rendered":"<div class=\"flex_column av_one_full  flex_column_div av-zero-column-padding first  avia-builder-el-0  el_before_av_one_full  avia-builder-el-first  \" style='border-radius:0px; '><div  class='avia-image-container  av-styling-    avia-builder-el-1  avia-builder-el-no-sibling  avia-align-center '  itemprop=\"image\" itemscope=\"itemscope\" itemtype=\"https:\/\/schema.org\/ImageObject\"  ><div class='avia-image-container-inner'><div class='avia-image-overlay-wrap'><img decoding=\"async\" class='wp-image-31791 avia-img-lazy-loading-not-31791 avia_image' src=\"https:\/\/radiorevelacionfm.cl\/wp-content\/uploads\/2023\/06\/a1f421f4-9ba5-426d-836b-180096c530d2-1-1.jpg\" alt='' title='a1f421f4-9ba5-426d-836b-180096c530d2 (1) (1)' height=\"600\" width=\"786\"  itemprop=\"thumbnailUrl\" srcset=\"https:\/\/radiorevelacionfm.cl\/wp-content\/uploads\/2023\/06\/a1f421f4-9ba5-426d-836b-180096c530d2-1-1.jpg 786w, https:\/\/radiorevelacionfm.cl\/wp-content\/uploads\/2023\/06\/a1f421f4-9ba5-426d-836b-180096c530d2-1-1-300x229.jpg 300w, https:\/\/radiorevelacionfm.cl\/wp-content\/uploads\/2023\/06\/a1f421f4-9ba5-426d-836b-180096c530d2-1-1-768x586.jpg 768w, https:\/\/radiorevelacionfm.cl\/wp-content\/uploads\/2023\/06\/a1f421f4-9ba5-426d-836b-180096c530d2-1-1-705x538.jpg 705w, https:\/\/radiorevelacionfm.cl\/wp-content\/uploads\/2023\/06\/a1f421f4-9ba5-426d-836b-180096c530d2-1-1-450x344.jpg 450w, https:\/\/radiorevelacionfm.cl\/wp-content\/uploads\/2023\/06\/a1f421f4-9ba5-426d-836b-180096c530d2-1-1-600x458.jpg 600w\" sizes=\"(max-width: 786px) 100vw, 786px\" \/><\/div><\/div><\/div><\/div><div class=\"flex_column av_one_full  flex_column_div av-zero-column-padding first  avia-builder-el-2  el_after_av_one_full  el_before_av_one_full  column-top-margin\" style='border-radius:0px; '><section class=\"av_textblock_section \"  itemscope=\"itemscope\" itemtype=\"https:\/\/schema.org\/BlogPosting\" itemprop=\"blogPost\" ><div class='avia_textblock  '   itemprop=\"text\" ><p style=\"text-align: center;\"><strong><span style=\"font-size: 18pt;\">Cenco: 73 a\u00f1os articulando la respuesta ante la emergencia<\/span><\/strong><\/p>\n<div id=\"gtx-trans\" style=\"position: absolute; left: -50px; top: 4.31534px;\">\n<div class=\"gtx-trans-icon\"><\/div>\n<\/div>\n<\/div><\/section><\/div><div class=\"flex_column av_one_full  flex_column_div av-zero-column-padding first  avia-builder-el-4  el_after_av_one_full  el_before_av_hr  column-top-margin\" style='border-radius:0px; '><section class=\"av_textblock_section \"  itemscope=\"itemscope\" itemtype=\"https:\/\/schema.org\/BlogPosting\" itemprop=\"blogPost\" ><div class='avia_textblock  '   itemprop=\"text\" ><p class=\"v1MsoNormal\" style=\"text-align: justify;\">La Central de Comunicaciones de Carabineros recibi\u00f3 durante 2022, 80 mil llamados de emergencia al nivel 133 en la regi\u00f3n de Ays\u00e9n, de los cuales\u00a038 mil resultaron ser llamados inoficiosos.<\/p>\n<p class=\"v1MsoNormal\" style=\"text-align: justify;\">Un d\u00eda 7 de junio de 1950 fue creada en Carabineros la Central de Comunicaciones (Cenco) -inicialmente bajo el nombre de \u00abPlanta General Transmisora del Servicio de Radiopatrullas\u00bb, servicio orientado a coordinar las emergencias que ingresaban a trav\u00e9s del fono 62661, los cuales eran adoptados por los primeros ocho veh\u00edculos que integraban la 17\u00b0 Comisar\u00eda de Radiopatrullas en la Regi\u00f3n Metropolitana. Luego, en junio de 1979 nace el fono 133, hoy fono de emergencias policiales como n\u00famero \u00fanico para todo el pa\u00eds.<\/p>\n<p class=\"v1MsoNormal\" style=\"text-align: justify;\"><span class=\"v1gmail-il\">Cenco es<\/span>\u00a0la encargada de administrar y coordinar el despliegue operativo del recurso humano y medios log\u00edsticos en la poblaci\u00f3n, posibilitando dar eficacia y eficiencia a los requerimientos policiales que los ciudadanos demandan y que es canalizada a trav\u00e9s de este n\u00famero de emergencias gratuito y disponible durante las 24 horas del d\u00eda.<\/p>\n<p class=\"v1MsoNormal\" style=\"text-align: justify;\">Una vez activa la emergencia policial, se pone en marcha un complejo sistema de comunicaciones entre <span class=\"v1gmail-il\">Cenco<\/span>\u00a0y las unidades desplegadas en terreno, recopilando antecedentes, coordenadas, caracter\u00edsticas de malhechores, v\u00edctimas, numeraciones, patentes, coordinar apoyo en caso de ser necesario, informaci\u00f3n que es transmitida a los dispositivos que se dirigen al lugar de la emergencia, brindando apoyo y cooperaci\u00f3n a los carabineros desplegados en terreno.<\/p>\n<p class=\"v1MsoNormal\" style=\"text-align: justify;\"><b>Coordinaci\u00f3n de respuesta oportuna<\/b><\/p>\n<p class=\"v1MsoNormal\" style=\"text-align: justify;\">\u00a0A trav\u00e9s de sus operadores, Cenco atiende durante las 24 horas del d\u00eda los requerimientos que ingresan a trav\u00e9s del fono de emergencias 133 por parte de quienes demandan la presencia policial, o bien comunicar aquellos requerimientos recibidos en el <span lang=\"ES\">Fono Ni\u00f1os 147, Fono Familia 149, Sistema Centralizado de Alarmas Alpha II, Alpha III, alarma domiciliaria,\u00a0<\/span>desplegando los cursos de acci\u00f3n tendientes a orientar los dispositivos en la poblaci\u00f3n con informaci\u00f3n espec\u00edfica del procedimiento en gesti\u00f3n, manteniendo contacto radial con las unidades operativas y servicios especializados, coordinando, recibiendo y proporcionando informaci\u00f3n \u00fatil para el desarrollo de sus tareas y funciones espec\u00edficas, manteniendo informado al Mando sobre la contingencia y canalizando las instrucciones que estos emanen o impartan.<\/p>\n<p class=\"v1MsoNormal\" style=\"text-align: justify;\">Asimismo la Instituci\u00f3n integra el ABC de la emergencia (Ambulancia, Bomberos y Carabineros), comunicaci\u00f3n y activaci\u00f3n que se realiza a trav\u00e9s de frecuencia VHF permitiendo coordinar la respuesta conjunta ante un requerimiento que ingrese a trav\u00e9s de alguno de estos servicios.<\/p>\n<p class=\"v1MsoNormal\" style=\"text-align: justify;\">Paralelamente Cenco -por medio del sistema Trunking- integra una segunda red de comunicaciones de la cual son parte Senapred, Armada, PDI, Ej\u00e9rcito, Gendarmer\u00eda, Aeropuerto Balmaceda y Aer\u00f3dromo Teniente Vidal, estableciendo las coordinaciones ante emergencias que involucran otras \u00e1reas relacionadas con cat\u00e1strofes, situaciones clim\u00e1ticas, accidentes mar\u00edtimos, a\u00e9reos, seguridad en aeropuerto, entre otras.<\/p>\n<p class=\"v1MsoNormal\" style=\"text-align: justify;\">Usualmente quien est\u00e1 viviendo una emergencia se encuentra en estado de shock, y lo \u00fanico que requiere es que Carabineros llegue lo antes posible, lo que demanda la necesidad de un funcionario emp\u00e1tico que se coloque en su lugar. Es ante situaciones de esta naturaleza, donde un minuto de retraso en el arribo del dispositivo al lugar, constituye una eternidad para salvar la vida de una persona, lo cual requiere de una comunicaci\u00f3n oportuna frente a hechos tan diversos, raz\u00f3n por la cual, el mantener este n\u00famero habilitado, es fundamental para una respuesta adecuada.<\/p>\n<p class=\"v1MsoNormal\" style=\"text-align: justify;\"><b>80 mil llamadas<\/b><\/p>\n<p class=\"v1MsoNormal\" style=\"text-align: justify;\">El a\u00f1o 2007 se implement\u00f3 el sistema de Distribuci\u00f3n Autom\u00e1tica de llamadas (CAD), lo cual responde al proceso de modernizaci\u00f3n orientado a reducir los tiempos de respuesta y brindar un servicio profesional, oportuno y de calidad.<\/p>\n<p class=\"v1MsoNormal\" style=\"text-align: justify;\">Durante el a\u00f1o 2022, Cenco Ays\u00e9n a trav\u00e9s del fono emergencias 133, recibi\u00f3 un total de 80 mil llamadas, de las cuales 42 mil generaron un procedimiento policial, en tanto que 38 mil resultaron ser inoficiosas.<\/p>\n<p class=\"v1MsoNormal\" style=\"text-align: justify;\">En lo que va transcurrido del presente a\u00f1o (hasta el 4 de junio) Carabineros ha recibido cerca de 28 mil llamadas de emergencia, de las cuales el 57% no corresponden a situaciones de emergencia policial.<\/p>\n<p style=\"text-align: justify;\">Frente a lo anterior, Carabineros apel\u00f3 a la responsabilidad de los padres para con sus hijos con la finalidad de evitar un colapso de esta l\u00ednea que entorpezcan una acci\u00f3n inmediata perjudicando a quienes demandan una respuesta o auxilio oportuno frente a un hecho de emergencia.<\/p>\n<\/div><\/section><\/div><div  style='height:50px' class='hr hr-invisible   avia-builder-el-6  el_after_av_one_full  el_before_av_social_share '><span class='hr-inner ' ><span class='hr-inner-style'><\/span><\/span><\/div><\/p>\n<div  class='av-social-sharing-box  avia-builder-el-7  el_after_av_hr  el_before_av_hr  '><div class='av-share-box'><h5 class='av-share-link-description av-no-toc '>Compartir esta noticia<\/h5><ul class='av-share-box-list noLightbox'><li class='av-share-link av-social-link-facebook' ><a target=\"_blank\" aria-label=\"Compartir en Facebook\" href='https:\/\/www.facebook.com\/sharer.php?u=https:\/\/radiorevelacionfm.cl\/?p=31790&#038;t=Cenco%3A%2073%20a%C3%B1os%20articulando%20la%20respuesta%20ante%20la%20emergencia' aria-hidden='false' data-av_icon='\ue8f3' data-av_iconfont='entypo-fontello' title='' data-avia-related-tooltip='Compartir en Facebook' rel=\"noopener\"><span class='avia_hidden_link_text'>Compartir en Facebook<\/span><\/a><\/li><li class='av-share-link av-social-link-twitter' ><a target=\"_blank\" aria-label=\"Compartir en Twitter\" href='https:\/\/twitter.com\/share?text=Cenco%3A%2073%20a%C3%B1os%20articulando%20la%20respuesta%20ante%20la%20emergencia&#038;url=https:\/\/radiorevelacionfm.cl\/?p=31790' aria-hidden='false' data-av_icon='\ue8f1' data-av_iconfont='entypo-fontello' title='' data-avia-related-tooltip='Compartir en Twitter' rel=\"noopener\"><span class='avia_hidden_link_text'>Compartir en Twitter<\/span><\/a><\/li><li class='av-share-link av-social-link-whatsapp' ><a target=\"_blank\" aria-label=\"Compartir en Whatsapp\" href='https:\/\/api.whatsapp.com\/send?text=https:\/\/radiorevelacionfm.cl\/?p=31790' aria-hidden='false' data-av_icon='\uf232' data-av_iconfont='entypo-fontello' title='' data-avia-related-tooltip='Compartir en Whatsapp' rel=\"noopener\"><span class='avia_hidden_link_text'>Compartir en Whatsapp<\/span><\/a><\/li><li class='av-share-link av-social-link-linkedin' ><a target=\"_blank\" aria-label=\"Compartir en LinkedIn\" href='https:\/\/linkedin.com\/shareArticle?mini=true&#038;title=Cenco%3A%2073%20a%C3%B1os%20articulando%20la%20respuesta%20ante%20la%20emergencia&#038;url=https:\/\/radiorevelacionfm.cl\/?p=31790' aria-hidden='false' data-av_icon='\ue8fc' data-av_iconfont='entypo-fontello' title='' data-avia-related-tooltip='Compartir en LinkedIn' rel=\"noopener\"><span class='avia_hidden_link_text'>Compartir en LinkedIn<\/span><\/a><\/li><li class='av-share-link av-social-link-mail' ><a  aria-label=\"Compartir por correo\" href='mailto:?subject=Cenco%3A%2073%20a%C3%B1os%20articulando%20la%20respuesta%20ante%20la%20emergencia&#038;body=https:\/\/radiorevelacionfm.cl\/?p=31790' aria-hidden='false' data-av_icon='\ue805' data-av_iconfont='entypo-fontello' title='' data-avia-related-tooltip='Compartir por correo'><span class='avia_hidden_link_text'>Compartir por correo<\/span><\/a><\/li><\/ul><\/div><\/div>\n<div  style='height:50px' class='hr hr-invisible   avia-builder-el-8  el_after_av_social_share  el_before_av_comments_list '><span class='hr-inner ' ><span class='hr-inner-style'><\/span><\/span><\/div>\n<div  class='av-buildercomment  av-blog-meta-html-info-disabled av-blog-meta-tag-disabled  '><\/div>\n","protected":false},"excerpt":{"rendered":"","protected":false},"author":1,"featured_media":31791,"comment_status":"open","ping_status":"open","sticky":false,"template":"","format":"standard","meta":{"footnotes":""},"categories":[36],"tags":[],"class_list":["post-31790","post","type-post","status-publish","format-standard","has-post-thumbnail","hentry","category-policial"],"jetpack_featured_media_url":"https:\/\/radiorevelacionfm.cl\/wp-content\/uploads\/2023\/06\/a1f421f4-9ba5-426d-836b-180096c530d2-1-1.jpg","_links":{"self":[{"href":"https:\/\/radiorevelacionfm.cl\/index.php?rest_route=\/wp\/v2\/posts\/31790","targetHints":{"allow":["GET"]}}],"collection":[{"href":"https:\/\/radiorevelacionfm.cl\/index.php?rest_route=\/wp\/v2\/posts"}],"about":[{"href":"https:\/\/radiorevelacionfm.cl\/index.php?rest_route=\/wp\/v2\/types\/post"}],"author":[{"embeddable":true,"href":"https:\/\/radiorevelacionfm.cl\/index.php?rest_route=\/wp\/v2\/users\/1"}],"replies":[{"embeddable":true,"href":"https:\/\/radiorevelacionfm.cl\/index.php?rest_route=%2Fwp%2Fv2%2Fcomments&post=31790"}],"version-history":[{"count":1,"href":"https:\/\/radiorevelacionfm.cl\/index.php?rest_route=\/wp\/v2\/posts\/31790\/revisions"}],"predecessor-version":[{"id":31792,"href":"https:\/\/radiorevelacionfm.cl\/index.php?rest_route=\/wp\/v2\/posts\/31790\/revisions\/31792"}],"wp:featuredmedia":[{"embeddable":true,"href":"https:\/\/radiorevelacionfm.cl\/index.php?rest_route=\/wp\/v2\/media\/31791"}],"wp:attachment":[{"href":"https:\/\/radiorevelacionfm.cl\/index.php?rest_route=%2Fwp%2Fv2%2Fmedia&parent=31790"}],"wp:term":[{"taxonomy":"category","embeddable":true,"href":"https:\/\/radiorevelacionfm.cl\/index.php?rest_route=%2Fwp%2Fv2%2Fcategories&post=31790"},{"taxonomy":"post_tag","embeddable":true,"href":"https:\/\/radiorevelacionfm.cl\/index.php?rest_route=%2Fwp%2Fv2%2Ftags&post=31790"}],"curies":[{"name":"wp","href":"https:\/\/api.w.org\/{rel}","templated":true}]}}