{"id":31787,"date":"2023-06-07T19:11:07","date_gmt":"2023-06-07T22:11:07","guid":{"rendered":"https:\/\/radiorevelacionfm.cl\/?p=31787"},"modified":"2023-06-07T19:11:07","modified_gmt":"2023-06-07T22:11:07","slug":"calisto-pide-adelantar-vacaciones-y-anuncia-sesion-especial-por-gestion-del-ejecutivo-ante-falta-de-camas-pediatricas","status":"publish","type":"post","link":"https:\/\/radiorevelacionfm.cl\/?p=31787","title":{"rendered":"Calisto pide adelantar vacaciones y anuncia sesi\u00f3n especial por gesti\u00f3n del ejecutivo ante falta de camas pedi\u00e1tricas"},"content":{"rendered":"<div class=\"flex_column av_one_full  flex_column_div av-zero-column-padding first  avia-builder-el-0  el_before_av_one_full  avia-builder-el-first  \" style='border-radius:0px; '><div  class='avia-image-container  av-styling-    avia-builder-el-1  avia-builder-el-no-sibling  avia-align-center '  itemprop=\"image\" itemscope=\"itemscope\" itemtype=\"https:\/\/schema.org\/ImageObject\"  ><div class='avia-image-container-inner'><div class='avia-image-overlay-wrap'><img decoding=\"async\" class='wp-image-31788 avia-img-lazy-loading-not-31788 avia_image' src=\"https:\/\/radiorevelacionfm.cl\/wp-content\/uploads\/2023\/06\/enfermedades-respiratorias-1-1.jpg\" alt='' title='enfermedades-respiratorias (1) (1)' height=\"600\" width=\"852\"  itemprop=\"thumbnailUrl\" srcset=\"https:\/\/radiorevelacionfm.cl\/wp-content\/uploads\/2023\/06\/enfermedades-respiratorias-1-1.jpg 852w, https:\/\/radiorevelacionfm.cl\/wp-content\/uploads\/2023\/06\/enfermedades-respiratorias-1-1-300x211.jpg 300w, https:\/\/radiorevelacionfm.cl\/wp-content\/uploads\/2023\/06\/enfermedades-respiratorias-1-1-768x541.jpg 768w, https:\/\/radiorevelacionfm.cl\/wp-content\/uploads\/2023\/06\/enfermedades-respiratorias-1-1-705x496.jpg 705w, https:\/\/radiorevelacionfm.cl\/wp-content\/uploads\/2023\/06\/enfermedades-respiratorias-1-1-450x317.jpg 450w, https:\/\/radiorevelacionfm.cl\/wp-content\/uploads\/2023\/06\/enfermedades-respiratorias-1-1-600x423.jpg 600w\" sizes=\"(max-width: 852px) 100vw, 852px\" \/><\/div><\/div><\/div><\/div><div class=\"flex_column av_one_full  flex_column_div av-zero-column-padding first  avia-builder-el-2  el_after_av_one_full  el_before_av_one_full  column-top-margin\" style='border-radius:0px; '><section class=\"av_textblock_section \"  itemscope=\"itemscope\" itemtype=\"https:\/\/schema.org\/BlogPosting\" itemprop=\"blogPost\" ><div class='avia_textblock  '   itemprop=\"text\" ><p style=\"text-align: center;\"><span style=\"font-size: 18pt;\"><b>Calisto pide adelantar vacaciones y anuncia sesi\u00f3n especial por gesti\u00f3n del ejecutivo ante falta de camas pedi\u00e1tricas<\/b><\/span><\/p>\n<div id=\"gtx-trans\" style=\"position: absolute; left: -50px; top: 4.31534px;\">\n<div class=\"gtx-trans-icon\"><\/div>\n<\/div>\n<\/div><\/section><\/div><div class=\"flex_column av_one_full  flex_column_div av-zero-column-padding first  avia-builder-el-4  el_after_av_one_full  el_before_av_hr  column-top-margin\" style='border-radius:0px; '><section class=\"av_textblock_section \"  itemscope=\"itemscope\" itemtype=\"https:\/\/schema.org\/BlogPosting\" itemprop=\"blogPost\" ><div class='avia_textblock  '   itemprop=\"text\" ><p style=\"font-weight: 400; text-align: justify;\">Consciente de la preocupaci\u00f3n que tienen las familias por la falta de camas pedi\u00e1tricas para enfrentar el aumento de enfermedades respiratorias en el pa\u00eds y la regi\u00f3n, el diputado Miguel \u00c1ngel Calisto hizo un llamado al Gobierno a adelantar las vacaciones de invierno, adem\u00e1s de anunciar una sesi\u00f3n especial por la forma en que el ejecutivo ha enfrentado esta emergencia.<\/p>\n<p style=\"font-weight: 400; text-align: justify;\">El legislador, junto a sus pares del Centro Democr\u00e1tico Unido, presentaron las firmas para la realizaci\u00f3n de una sesi\u00f3n especial donde se analizar\u00e1 la gesti\u00f3n del Gobierno para enfrentar el aumento de enfermedades respiratorias, la que se realizar\u00e1 durante la pr\u00f3xima semana.<\/p>\n<p style=\"font-weight: 400; text-align: justify;\">Seg\u00fan el diputado Miguel \u00c1ngel Calisto, \u201cle pedimos al Gobierno que de explicaciones por el fallecimiento de un lactante en la Quinta Regi\u00f3n, habiendo disponibilidad de camas en el sector privado. Esperamos que no haya criterios ideol\u00f3gicos en la toma de decisiones frente a una emergencia. Hoy los servicios de salud est\u00e1n colapsados en todo el pa\u00eds, para que hablar de zonas extremas como Ays\u00e9n, donde ni siquiera hay UCI Pedi\u00e1trica. Por eso necesitamos que la autoridad de salud tome medidas extraordinarias\u201d.<\/p>\n<p style=\"font-weight: 400; text-align: justify;\">Finalmente, Calisto asegur\u00f3 que \u201cen materia de educaci\u00f3n, es necesario que se suspendan las clases de manera urgente, porque hoy no se est\u00e1 dando abasto con la demanda de ni\u00f1as y ni\u00f1os que est\u00e1n con enfermedades respiratorias. Nosotros no s\u00f3lo vamos a hacer sesiones especiales, si es necesario avanzaremos a una comisi\u00f3n investigadora para fiscalizar c\u00f3mo se est\u00e1n tomando las decisiones en salud\u201d.<\/p>\n<\/div><\/section><\/div><div  style='height:50px' class='hr hr-invisible   avia-builder-el-6  el_after_av_one_full  el_before_av_social_share '><span class='hr-inner ' ><span class='hr-inner-style'><\/span><\/span><\/div><\/p>\n<div  class='av-social-sharing-box  avia-builder-el-7  el_after_av_hr  el_before_av_hr  '><div class='av-share-box'><h5 class='av-share-link-description av-no-toc '>Compartir esta noticia<\/h5><ul class='av-share-box-list noLightbox'><li class='av-share-link av-social-link-facebook' ><a target=\"_blank\" aria-label=\"Compartir en Facebook\" href='https:\/\/www.facebook.com\/sharer.php?u=https:\/\/radiorevelacionfm.cl\/?p=31787&#038;t=Calisto%20pide%20adelantar%20vacaciones%20y%20anuncia%20sesi%C3%B3n%20especial%20por%20gesti%C3%B3n%20del%20ejecutivo%20ante%20falta%20de%20camas%20pedi%C3%A1tricas' aria-hidden='false' data-av_icon='\ue8f3' data-av_iconfont='entypo-fontello' title='' data-avia-related-tooltip='Compartir en Facebook' rel=\"noopener\"><span class='avia_hidden_link_text'>Compartir en Facebook<\/span><\/a><\/li><li class='av-share-link av-social-link-twitter' ><a target=\"_blank\" aria-label=\"Compartir en Twitter\" href='https:\/\/twitter.com\/share?text=Calisto%20pide%20adelantar%20vacaciones%20y%20anuncia%20sesi%C3%B3n%20especial%20por%20gesti%C3%B3n%20del%20ejecutivo%20ante%20falta%20de%20camas%20pedi%C3%A1tricas&#038;url=https:\/\/radiorevelacionfm.cl\/?p=31787' aria-hidden='false' data-av_icon='\ue8f1' data-av_iconfont='entypo-fontello' title='' data-avia-related-tooltip='Compartir en Twitter' rel=\"noopener\"><span class='avia_hidden_link_text'>Compartir en Twitter<\/span><\/a><\/li><li class='av-share-link av-social-link-whatsapp' ><a target=\"_blank\" aria-label=\"Compartir en Whatsapp\" href='https:\/\/api.whatsapp.com\/send?text=https:\/\/radiorevelacionfm.cl\/?p=31787' aria-hidden='false' data-av_icon='\uf232' data-av_iconfont='entypo-fontello' title='' data-avia-related-tooltip='Compartir en Whatsapp' rel=\"noopener\"><span class='avia_hidden_link_text'>Compartir en Whatsapp<\/span><\/a><\/li><li class='av-share-link av-social-link-linkedin' ><a target=\"_blank\" aria-label=\"Compartir en LinkedIn\" href='https:\/\/linkedin.com\/shareArticle?mini=true&#038;title=Calisto%20pide%20adelantar%20vacaciones%20y%20anuncia%20sesi%C3%B3n%20especial%20por%20gesti%C3%B3n%20del%20ejecutivo%20ante%20falta%20de%20camas%20pedi%C3%A1tricas&#038;url=https:\/\/radiorevelacionfm.cl\/?p=31787' aria-hidden='false' data-av_icon='\ue8fc' data-av_iconfont='entypo-fontello' title='' data-avia-related-tooltip='Compartir en LinkedIn' rel=\"noopener\"><span class='avia_hidden_link_text'>Compartir en LinkedIn<\/span><\/a><\/li><li class='av-share-link av-social-link-mail' ><a  aria-label=\"Compartir por correo\" href='mailto:?subject=Calisto%20pide%20adelantar%20vacaciones%20y%20anuncia%20sesi%C3%B3n%20especial%20por%20gesti%C3%B3n%20del%20ejecutivo%20ante%20falta%20de%20camas%20pedi%C3%A1tricas&#038;body=https:\/\/radiorevelacionfm.cl\/?p=31787' aria-hidden='false' data-av_icon='\ue805' data-av_iconfont='entypo-fontello' title='' data-avia-related-tooltip='Compartir por correo'><span class='avia_hidden_link_text'>Compartir por correo<\/span><\/a><\/li><\/ul><\/div><\/div>\n<div  style='height:50px' class='hr hr-invisible   avia-builder-el-8  el_after_av_social_share  el_before_av_comments_list '><span class='hr-inner ' ><span class='hr-inner-style'><\/span><\/span><\/div>\n<div  class='av-buildercomment  av-blog-meta-html-info-disabled av-blog-meta-tag-disabled  '><\/div>\n","protected":false},"excerpt":{"rendered":"","protected":false},"author":1,"featured_media":31788,"comment_status":"open","ping_status":"open","sticky":false,"template":"","format":"standard","meta":{"footnotes":""},"categories":[35],"tags":[],"class_list":["post-31787","post","type-post","status-publish","format-standard","has-post-thumbnail","hentry","category-politica"],"jetpack_featured_media_url":"https:\/\/radiorevelacionfm.cl\/wp-content\/uploads\/2023\/06\/enfermedades-respiratorias-1-1.jpg","_links":{"self":[{"href":"https:\/\/radiorevelacionfm.cl\/index.php?rest_route=\/wp\/v2\/posts\/31787","targetHints":{"allow":["GET"]}}],"collection":[{"href":"https:\/\/radiorevelacionfm.cl\/index.php?rest_route=\/wp\/v2\/posts"}],"about":[{"href":"https:\/\/radiorevelacionfm.cl\/index.php?rest_route=\/wp\/v2\/types\/post"}],"author":[{"embeddable":true,"href":"https:\/\/radiorevelacionfm.cl\/index.php?rest_route=\/wp\/v2\/users\/1"}],"replies":[{"embeddable":true,"href":"https:\/\/radiorevelacionfm.cl\/index.php?rest_route=%2Fwp%2Fv2%2Fcomments&post=31787"}],"version-history":[{"count":1,"href":"https:\/\/radiorevelacionfm.cl\/index.php?rest_route=\/wp\/v2\/posts\/31787\/revisions"}],"predecessor-version":[{"id":31789,"href":"https:\/\/radiorevelacionfm.cl\/index.php?rest_route=\/wp\/v2\/posts\/31787\/revisions\/31789"}],"wp:featuredmedia":[{"embeddable":true,"href":"https:\/\/radiorevelacionfm.cl\/index.php?rest_route=\/wp\/v2\/media\/31788"}],"wp:attachment":[{"href":"https:\/\/radiorevelacionfm.cl\/index.php?rest_route=%2Fwp%2Fv2%2Fmedia&parent=31787"}],"wp:term":[{"taxonomy":"category","embeddable":true,"href":"https:\/\/radiorevelacionfm.cl\/index.php?rest_route=%2Fwp%2Fv2%2Fcategories&post=31787"},{"taxonomy":"post_tag","embeddable":true,"href":"https:\/\/radiorevelacionfm.cl\/index.php?rest_route=%2Fwp%2Fv2%2Ftags&post=31787"}],"curies":[{"name":"wp","href":"https:\/\/api.w.org\/{rel}","templated":true}]}}