{"id":31784,"date":"2023-06-08T12:01:10","date_gmt":"2023-06-08T15:01:10","guid":{"rendered":"https:\/\/radiorevelacionfm.cl\/?p=31784"},"modified":"2023-06-08T12:01:10","modified_gmt":"2023-06-08T15:01:10","slug":"estudio-medira-ventilacion-y-contaminantes-internos-en-viviendas-de-la-ciudad-de-coyhaique","status":"publish","type":"post","link":"https:\/\/radiorevelacionfm.cl\/?p=31784","title":{"rendered":"Estudio medir\u00e1 ventilaci\u00f3n y contaminantes internos en viviendas de la ciudad de Coyhaique"},"content":{"rendered":"<div class=\"flex_column av_one_full  flex_column_div av-zero-column-padding first  avia-builder-el-0  el_before_av_one_full  avia-builder-el-first  \" style='border-radius:0px; '><div  class='avia-image-container  av-styling-    avia-builder-el-1  avia-builder-el-no-sibling  avia-align-center '  itemprop=\"image\" itemscope=\"itemscope\" itemtype=\"https:\/\/schema.org\/ImageObject\"  ><div class='avia-image-container-inner'><div class='avia-image-overlay-wrap'><img decoding=\"async\" class='wp-image-31785 avia-img-lazy-loading-not-31785 avia_image' src=\"https:\/\/radiorevelacionfm.cl\/wp-content\/uploads\/2023\/06\/firma-compormiso-participacion-1-1.jpg\" alt='' title='firma compormiso participacion (1) (1)' height=\"600\" width=\"949\"  itemprop=\"thumbnailUrl\" srcset=\"https:\/\/radiorevelacionfm.cl\/wp-content\/uploads\/2023\/06\/firma-compormiso-participacion-1-1.jpg 949w, https:\/\/radiorevelacionfm.cl\/wp-content\/uploads\/2023\/06\/firma-compormiso-participacion-1-1-300x190.jpg 300w, https:\/\/radiorevelacionfm.cl\/wp-content\/uploads\/2023\/06\/firma-compormiso-participacion-1-1-768x486.jpg 768w, https:\/\/radiorevelacionfm.cl\/wp-content\/uploads\/2023\/06\/firma-compormiso-participacion-1-1-705x446.jpg 705w, https:\/\/radiorevelacionfm.cl\/wp-content\/uploads\/2023\/06\/firma-compormiso-participacion-1-1-450x285.jpg 450w, https:\/\/radiorevelacionfm.cl\/wp-content\/uploads\/2023\/06\/firma-compormiso-participacion-1-1-600x379.jpg 600w\" sizes=\"(max-width: 949px) 100vw, 949px\" \/><\/div><\/div><\/div><\/div><div class=\"flex_column av_one_full  flex_column_div av-zero-column-padding first  avia-builder-el-2  el_after_av_one_full  el_before_av_one_full  column-top-margin\" style='border-radius:0px; '><section class=\"av_textblock_section \"  itemscope=\"itemscope\" itemtype=\"https:\/\/schema.org\/BlogPosting\" itemprop=\"blogPost\" ><div class='avia_textblock  '   itemprop=\"text\" ><p style=\"text-align: center;\"><strong><span style=\"font-size: 18pt;\">Estudio medir\u00e1 ventilaci\u00f3n y contaminantes internos en viviendas de la ciudad de Coyhaique<\/span><\/strong><\/p>\n<div id=\"gtx-trans\" style=\"position: absolute; left: -50px; top: 4.31534px;\">\n<div class=\"gtx-trans-icon\"><\/div>\n<\/div>\n<\/div><\/section><\/div><div class=\"flex_column av_one_full  flex_column_div av-zero-column-padding first  avia-builder-el-4  el_after_av_one_full  el_before_av_hr  column-top-margin\" style='border-radius:0px; '><section class=\"av_textblock_section \"  itemscope=\"itemscope\" itemtype=\"https:\/\/schema.org\/BlogPosting\" itemprop=\"blogPost\" ><div class='avia_textblock  '   itemprop=\"text\" ><p style=\"text-align: justify;\">Un innovador estudio de medici\u00f3n de ventilaci\u00f3n y contaminantes comenz\u00f3 a ejecutarse esta semana en la ciudad de Coyhaique, el proyecto desarrollado por el Centro de Desarrollo Urbano Sustentable CEDEUS, forma parte del convenio colaborativo firmado este a\u00f1o entre servicios p\u00fablicos, academia y centros de investigaci\u00f3n de la regi\u00f3n de Ays\u00e9n, con el objetivo de realizar investigaci\u00f3n y recabar datos para mejorar las pol\u00edticas p\u00fablicas en t\u00e9rminos de calidad del aire y cambio clim\u00e1tico.<\/p>\n<p style=\"text-align: justify;\">\u201cComo SEREMI del Medio Ambiente firmamos un convenio este a\u00f1o con distintas instituciones, servicios p\u00fablicos, centros de investigaci\u00f3n y universidades porque sabemos que queda mucho por investigar, que estudiar y necesitamos de esta colaboraci\u00f3n de todas estas instituciones. Este es uno de los proyectos que se enmarca dentro de este convenio y que pretende ir investigando lo que pasa dentro de las casas en materia de calidad del aire interior, que son parte de los objetivos del convenio, de estudiar la calidad del aire, y reducir las emisiones tambi\u00e9n asociadas al cambio clim\u00e1tico\u201d, explic\u00f3 la profesional del \u00e1rea de calidad del aire de la SEREMI del Medio Ambiente, Jimena Silva, durante la firma del compromiso de participaci\u00f3n de una de las familias que formar\u00e1n parte del estudio.<\/p>\n<p style=\"text-align: justify;\">Seg\u00fan explic\u00f3 la profesional, desde la cartera del Medio Ambiente est\u00e1n prestando colaboraci\u00f3n en la coordinaci\u00f3n y elecci\u00f3n de las 10 viviendas a intervenir en la capital regional \u201ca trav\u00e9s de nuestro convenio se ha articulado esta colaboraci\u00f3n donde se van a medir en una primera etapa 5 viviendas y luego 5 viviendas m\u00e1s de distinta data y condiciones t\u00e9rmicas\u201d, agreg\u00f3.<\/p>\n<p style=\"text-align: justify;\">La medida, que entregar\u00e1 un diagn\u00f3stico que permitir\u00e1 comprender el comportamiento dentro de las viviendas, tiene como objetivo aportar al desarrollo de pol\u00edticas p\u00fablicas asociadas a la calidad del aire interior en viviendas en ciudades del sur de Chile. \u00a0El l\u00edder de la investigaci\u00f3n y director de CEDEUS, Waldo Bustamante explic\u00f3 que el proyecto contempla mediciones en el periodo de invierno, \u201cen viviendas que han sido rehabilitadas para generar un mejor desempe\u00f1o t\u00e9rmico, en las cuales podr\u00edan haberse incorporado algunos sistemas de ventilaci\u00f3n, \u00a0como tambi\u00e9n viviendas que no han tenido ning\u00fan tipo de intervenci\u00f3n\u201d, declar\u00f3 indicando que la informaci\u00f3n obtenida tiene el objetivo futuro de que \u201ca partir del an\u00e1lisis que haremos en la ciudad de Coyhaique y tambi\u00e9n te\u00f3rico mediante herramientas de software que simulan las condiciones, proponer un tipo de ventilaci\u00f3n que pueda asegurar\u00a0 una mejor calidad del aire que la que hoy podr\u00edan estar teniendo en estas casas, la idea es apoyar la pol\u00edtica p\u00fablica de rehabilitaci\u00f3n de viviendas que debe hacerse en Chile porque ah\u00ed tenemos un tremendo desaf\u00edo\u201d, asegur\u00f3 el investigador principal.<\/p>\n<p style=\"text-align: justify;\">El estudio que pretende culminar durante 2024, medir\u00e1 temperatura, humedad relativa, niveles de CO2, y otros contaminantes como material particulado, que principalmente en Coyhaique se origina en la combusti\u00f3n residencial de le\u00f1a pero adem\u00e1s considera la medici\u00f3n de formaldeh\u00eddo que \u201ces un compuesto org\u00e1nico vol\u00e1til, que a veces se usa e algunos materiales de construcci\u00f3n, pinturas barnices, pegamentos y queremos saber qu\u00e9 nivel de concentraci\u00f3n existe de este compuesto, ya que no se conocen en Chile investigaciones donde se haya medido a concentraci\u00f3n de este compuesto\u201d, detall\u00f3 Bustamante .<\/p>\n<p style=\"text-align: justify;\">La intervenci\u00f3n consistir\u00e1 de sensores de peque\u00f1o tama\u00f1o que se ubicar\u00e1n en dormitorios, living-comedor y cocinas. Adem\u00e1s, la puerta principal ser\u00e1 reemplazada por otra denominada \u201cpuerta sopladora\u201d, que permitir\u00e1 determinar la infiltraci\u00f3n de aire por rendija de cada vivienda, y as\u00ed tambi\u00e9n, si es muy alta, determinar c\u00f3mo se resuelven dichas infiltraciones por donde ingresa la contaminaci\u00f3n de la ciudad.<\/p>\n<p style=\"text-align: justify;\">Finalmente, el Investigador agradeci\u00f3 la colaboraci\u00f3n de la SEREMI del Medio Ambiente \u201cque nos ha apoyado en este trabajo y tambi\u00e9n el inter\u00e9s que existe, hay un espacio aqu\u00ed muy generoso que est\u00e1 buscando soluciones y tambi\u00e9n agradecer a las personas que est\u00e1n participando para hacer esta intervenci\u00f3n\u201d, concluy\u00f3.<\/p>\n<\/div><\/section><\/div><div  style='height:50px' class='hr hr-invisible   avia-builder-el-6  el_after_av_one_full  el_before_av_social_share '><span class='hr-inner ' ><span class='hr-inner-style'><\/span><\/span><\/div><\/p>\n<div  class='av-social-sharing-box  avia-builder-el-7  el_after_av_hr  el_before_av_hr  '><div class='av-share-box'><h5 class='av-share-link-description av-no-toc '>Compartir esta noticia<\/h5><ul class='av-share-box-list noLightbox'><li class='av-share-link av-social-link-facebook' ><a target=\"_blank\" aria-label=\"Compartir en Facebook\" href='https:\/\/www.facebook.com\/sharer.php?u=https:\/\/radiorevelacionfm.cl\/?p=31784&#038;t=Estudio%20medir%C3%A1%20ventilaci%C3%B3n%20y%20contaminantes%20internos%20en%20viviendas%20de%20la%20ciudad%20de%20Coyhaique' aria-hidden='false' data-av_icon='\ue8f3' data-av_iconfont='entypo-fontello' title='' data-avia-related-tooltip='Compartir en Facebook' rel=\"noopener\"><span class='avia_hidden_link_text'>Compartir en Facebook<\/span><\/a><\/li><li class='av-share-link av-social-link-twitter' ><a target=\"_blank\" aria-label=\"Compartir en Twitter\" href='https:\/\/twitter.com\/share?text=Estudio%20medir%C3%A1%20ventilaci%C3%B3n%20y%20contaminantes%20internos%20en%20viviendas%20de%20la%20ciudad%20de%20Coyhaique&#038;url=https:\/\/radiorevelacionfm.cl\/?p=31784' aria-hidden='false' data-av_icon='\ue8f1' data-av_iconfont='entypo-fontello' title='' data-avia-related-tooltip='Compartir en Twitter' rel=\"noopener\"><span class='avia_hidden_link_text'>Compartir en Twitter<\/span><\/a><\/li><li class='av-share-link av-social-link-whatsapp' ><a target=\"_blank\" aria-label=\"Compartir en Whatsapp\" href='https:\/\/api.whatsapp.com\/send?text=https:\/\/radiorevelacionfm.cl\/?p=31784' aria-hidden='false' data-av_icon='\uf232' data-av_iconfont='entypo-fontello' title='' data-avia-related-tooltip='Compartir en Whatsapp' rel=\"noopener\"><span class='avia_hidden_link_text'>Compartir en Whatsapp<\/span><\/a><\/li><li class='av-share-link av-social-link-linkedin' ><a target=\"_blank\" aria-label=\"Compartir en LinkedIn\" href='https:\/\/linkedin.com\/shareArticle?mini=true&#038;title=Estudio%20medir%C3%A1%20ventilaci%C3%B3n%20y%20contaminantes%20internos%20en%20viviendas%20de%20la%20ciudad%20de%20Coyhaique&#038;url=https:\/\/radiorevelacionfm.cl\/?p=31784' aria-hidden='false' data-av_icon='\ue8fc' data-av_iconfont='entypo-fontello' title='' data-avia-related-tooltip='Compartir en LinkedIn' rel=\"noopener\"><span class='avia_hidden_link_text'>Compartir en LinkedIn<\/span><\/a><\/li><li class='av-share-link av-social-link-mail' ><a  aria-label=\"Compartir por correo\" href='mailto:?subject=Estudio%20medir%C3%A1%20ventilaci%C3%B3n%20y%20contaminantes%20internos%20en%20viviendas%20de%20la%20ciudad%20de%20Coyhaique&#038;body=https:\/\/radiorevelacionfm.cl\/?p=31784' aria-hidden='false' data-av_icon='\ue805' data-av_iconfont='entypo-fontello' title='' data-avia-related-tooltip='Compartir por correo'><span class='avia_hidden_link_text'>Compartir por correo<\/span><\/a><\/li><\/ul><\/div><\/div>\n<div  style='height:50px' class='hr hr-invisible   avia-builder-el-8  el_after_av_social_share  el_before_av_comments_list '><span class='hr-inner ' ><span class='hr-inner-style'><\/span><\/span><\/div>\n<div  class='av-buildercomment  av-blog-meta-html-info-disabled av-blog-meta-tag-disabled  '><\/div>\n","protected":false},"excerpt":{"rendered":"","protected":false},"author":1,"featured_media":31785,"comment_status":"open","ping_status":"open","sticky":false,"template":"","format":"standard","meta":{"footnotes":""},"categories":[39],"tags":[],"class_list":["post-31784","post","type-post","status-publish","format-standard","has-post-thumbnail","hentry","category-medio-ambiente"],"jetpack_featured_media_url":"https:\/\/radiorevelacionfm.cl\/wp-content\/uploads\/2023\/06\/firma-compormiso-participacion-1-1.jpg","_links":{"self":[{"href":"https:\/\/radiorevelacionfm.cl\/index.php?rest_route=\/wp\/v2\/posts\/31784","targetHints":{"allow":["GET"]}}],"collection":[{"href":"https:\/\/radiorevelacionfm.cl\/index.php?rest_route=\/wp\/v2\/posts"}],"about":[{"href":"https:\/\/radiorevelacionfm.cl\/index.php?rest_route=\/wp\/v2\/types\/post"}],"author":[{"embeddable":true,"href":"https:\/\/radiorevelacionfm.cl\/index.php?rest_route=\/wp\/v2\/users\/1"}],"replies":[{"embeddable":true,"href":"https:\/\/radiorevelacionfm.cl\/index.php?rest_route=%2Fwp%2Fv2%2Fcomments&post=31784"}],"version-history":[{"count":1,"href":"https:\/\/radiorevelacionfm.cl\/index.php?rest_route=\/wp\/v2\/posts\/31784\/revisions"}],"predecessor-version":[{"id":31786,"href":"https:\/\/radiorevelacionfm.cl\/index.php?rest_route=\/wp\/v2\/posts\/31784\/revisions\/31786"}],"wp:featuredmedia":[{"embeddable":true,"href":"https:\/\/radiorevelacionfm.cl\/index.php?rest_route=\/wp\/v2\/media\/31785"}],"wp:attachment":[{"href":"https:\/\/radiorevelacionfm.cl\/index.php?rest_route=%2Fwp%2Fv2%2Fmedia&parent=31784"}],"wp:term":[{"taxonomy":"category","embeddable":true,"href":"https:\/\/radiorevelacionfm.cl\/index.php?rest_route=%2Fwp%2Fv2%2Fcategories&post=31784"},{"taxonomy":"post_tag","embeddable":true,"href":"https:\/\/radiorevelacionfm.cl\/index.php?rest_route=%2Fwp%2Fv2%2Ftags&post=31784"}],"curies":[{"name":"wp","href":"https:\/\/api.w.org\/{rel}","templated":true}]}}