{"id":31781,"date":"2023-06-08T11:15:37","date_gmt":"2023-06-08T14:15:37","guid":{"rendered":"https:\/\/radiorevelacionfm.cl\/?p=31781"},"modified":"2023-06-08T11:15:37","modified_gmt":"2023-06-08T14:15:37","slug":"marcia-raphael-tras-rechazo-a-indicacion-que-permitia-a-pescadores-de-los-lagos-pescar-en-aysen-es-una-excelente-noticia-para-la-pesca-artesanal","status":"publish","type":"post","link":"https:\/\/radiorevelacionfm.cl\/?p=31781","title":{"rendered":"Marcia Raphael tras rechazo a indicaci\u00f3n que permit\u00eda a pescadores de los Lagos pescar en Ays\u00e9n \u201cEs una excelente noticia para la pesca artesanal\u201d"},"content":{"rendered":"<div class=\"flex_column av_one_full  flex_column_div av-zero-column-padding first  avia-builder-el-0  el_before_av_one_full  avia-builder-el-first  \" style='border-radius:0px; '><div  class='avia-image-container  av-styling-    avia-builder-el-1  avia-builder-el-no-sibling  avia-align-center '  itemprop=\"image\" itemscope=\"itemscope\" itemtype=\"https:\/\/schema.org\/ImageObject\"  ><div class='avia-image-container-inner'><div class='avia-image-overlay-wrap'><img decoding=\"async\" class='wp-image-31782 avia-img-lazy-loading-not-31782 avia_image' src=\"https:\/\/radiorevelacionfm.cl\/wp-content\/uploads\/2023\/06\/Foto-MR-zonas-contiguas-1.jpeg\" alt='' title='Foto MR zonas contiguas (1)' height=\"616\" width=\"829\"  itemprop=\"thumbnailUrl\" srcset=\"https:\/\/radiorevelacionfm.cl\/wp-content\/uploads\/2023\/06\/Foto-MR-zonas-contiguas-1.jpeg 829w, https:\/\/radiorevelacionfm.cl\/wp-content\/uploads\/2023\/06\/Foto-MR-zonas-contiguas-1-300x223.jpeg 300w, https:\/\/radiorevelacionfm.cl\/wp-content\/uploads\/2023\/06\/Foto-MR-zonas-contiguas-1-768x571.jpeg 768w, https:\/\/radiorevelacionfm.cl\/wp-content\/uploads\/2023\/06\/Foto-MR-zonas-contiguas-1-705x524.jpeg 705w, https:\/\/radiorevelacionfm.cl\/wp-content\/uploads\/2023\/06\/Foto-MR-zonas-contiguas-1-450x334.jpeg 450w, https:\/\/radiorevelacionfm.cl\/wp-content\/uploads\/2023\/06\/Foto-MR-zonas-contiguas-1-600x446.jpeg 600w\" sizes=\"(max-width: 829px) 100vw, 829px\" \/><\/div><\/div><\/div><\/div><div class=\"flex_column av_one_full  flex_column_div av-zero-column-padding first  avia-builder-el-2  el_after_av_one_full  el_before_av_one_full  column-top-margin\" style='border-radius:0px; '><section class=\"av_textblock_section \"  itemscope=\"itemscope\" itemtype=\"https:\/\/schema.org\/BlogPosting\" itemprop=\"blogPost\" ><div class='avia_textblock  '   itemprop=\"text\" ><p style=\"text-align: center;\"><strong><span style=\"font-size: 18pt;\">Marcia Raphael tras rechazo a indicaci\u00f3n que permit\u00eda a pescadores de los Lagos pescar en Ays\u00e9n \u201cEs una excelente noticia para la pesca artesanal\u201d<\/span><\/strong><\/p>\n<div id=\"gtx-trans\" style=\"position: absolute; left: -50px; top: 4.31534px;\">\n<div class=\"gtx-trans-icon\"><\/div>\n<\/div>\n<\/div><\/section><\/div><div class=\"flex_column av_one_full  flex_column_div av-zero-column-padding first  avia-builder-el-4  el_after_av_one_full  el_before_av_hr  column-top-margin\" style='border-radius:0px; '><section class=\"av_textblock_section \"  itemscope=\"itemscope\" itemtype=\"https:\/\/schema.org\/BlogPosting\" itemprop=\"blogPost\" ><div class='avia_textblock  '   itemprop=\"text\" ><p style=\"text-align: justify;\">La Diputada de Renovaci\u00f3n Nacional, Marcia Raphael, celebr\u00f3 el rechazo a la indicaci\u00f3n que habr\u00eda permitido la extracci\u00f3n de recursos bent\u00f3nicos por parte de pescadores de la Regi\u00f3n de los Lagos. Seg\u00fan la parlamentaria, esta medida afectar\u00eda directamente a la pesca artesanal de Ays\u00e9n y pondr\u00eda en peligro la protecci\u00f3n de los recursos marinos en la regi\u00f3n.<\/p>\n<p style=\"text-align: justify;\">Para Raphael, esta indicaci\u00f3n era totalmente contraproducente, ya que no apoyaba el desarrollo del rubro pesquero artesanal de la Regi\u00f3n ni promov\u00eda la pesca sustentable. La Diputada resalt\u00f3 que esta medida significaba un profundo retroceso en estos aspectos.<\/p>\n<p style=\"text-align: justify;\">Raphael present\u00f3 la solicitud de votaci\u00f3n separada del art\u00edculo 50 con el objetivo de rechazar esta medida. Lograron obtener 70 votos en contra, lo que represent\u00f3 un triunfo para la pesca artesanal de Ays\u00e9n.<\/p>\n<p style=\"text-align: justify;\">\u00abConseguimos que esta indicaci\u00f3n fuera rechazada por una amplia mayor\u00eda, lo que impide que nuestros recursos sean explotados indiscriminadamente por pescadores que no pertenecen a Ays\u00e9n. Este es otro gran paso para seguir avanzando en la protecci\u00f3n de nuestros recursos marinos. Tambi\u00e9n quiero destacar la unidad con la que las distintas autoridades enfrentamos el desaf\u00edo de rechazar esta indicaci\u00f3n\u00bb, se\u00f1al\u00f3 Raphael.<\/p>\n<p style=\"text-align: justify;\">La Diputada enfatiz\u00f3 que el trabajo en equipo de las distintas autoridades fue fundamental para rechazar esta iniciativa, y considera que es el primer paso para seguir trabajando en propuestas que salvaguarden los intereses de la pesca artesanal de Ays\u00e9n.<\/p>\n<p style=\"text-align: justify;\">\u00abEstamos muy contentos por el rechazo a esta indicaci\u00f3n que pretend\u00eda establecer una zona contigua con la Regi\u00f3n de los Lagos para los recursos bent\u00f3nicos. Este es el primer paso para seguir avanzando en la protecci\u00f3n de la pesca artesanal y nuestros recursos marinos\u00bb, sentenci\u00f3 Raphael.<\/p>\n<\/div><\/section><\/div><div  style='height:50px' class='hr hr-invisible   avia-builder-el-6  el_after_av_one_full  el_before_av_social_share '><span class='hr-inner ' ><span class='hr-inner-style'><\/span><\/span><\/div><\/p>\n<div  class='av-social-sharing-box  avia-builder-el-7  el_after_av_hr  el_before_av_hr  '><div class='av-share-box'><h5 class='av-share-link-description av-no-toc '>Compartir esta noticia<\/h5><ul class='av-share-box-list noLightbox'><li class='av-share-link av-social-link-facebook' ><a target=\"_blank\" aria-label=\"Compartir en Facebook\" href='https:\/\/www.facebook.com\/sharer.php?u=https:\/\/radiorevelacionfm.cl\/?p=31781&#038;t=Marcia%20Raphael%20tras%20rechazo%20a%20indicaci%C3%B3n%20que%20permit%C3%ADa%20a%20pescadores%20de%20los%20Lagos%20pescar%20en%20Ays%C3%A9n%20%E2%80%9CEs%20una%20excelente%20noticia%20para%20la%20pesca%20artesanal%E2%80%9D' aria-hidden='false' data-av_icon='\ue8f3' data-av_iconfont='entypo-fontello' title='' data-avia-related-tooltip='Compartir en Facebook' rel=\"noopener\"><span class='avia_hidden_link_text'>Compartir en Facebook<\/span><\/a><\/li><li class='av-share-link av-social-link-twitter' ><a target=\"_blank\" aria-label=\"Compartir en Twitter\" href='https:\/\/twitter.com\/share?text=Marcia%20Raphael%20tras%20rechazo%20a%20indicaci%C3%B3n%20que%20permit%C3%ADa%20a%20pescadores%20de%20los%20Lagos%20pescar%20en%20Ays%C3%A9n%20%E2%80%9CEs%20una%20excelente%20noticia%20para%20la%20pesca%20artesanal%E2%80%9D&#038;url=https:\/\/radiorevelacionfm.cl\/?p=31781' aria-hidden='false' data-av_icon='\ue8f1' data-av_iconfont='entypo-fontello' title='' data-avia-related-tooltip='Compartir en Twitter' rel=\"noopener\"><span class='avia_hidden_link_text'>Compartir en Twitter<\/span><\/a><\/li><li class='av-share-link av-social-link-whatsapp' ><a target=\"_blank\" aria-label=\"Compartir en Whatsapp\" href='https:\/\/api.whatsapp.com\/send?text=https:\/\/radiorevelacionfm.cl\/?p=31781' aria-hidden='false' data-av_icon='\uf232' data-av_iconfont='entypo-fontello' title='' data-avia-related-tooltip='Compartir en Whatsapp' rel=\"noopener\"><span class='avia_hidden_link_text'>Compartir en Whatsapp<\/span><\/a><\/li><li class='av-share-link av-social-link-linkedin' ><a target=\"_blank\" aria-label=\"Compartir en LinkedIn\" href='https:\/\/linkedin.com\/shareArticle?mini=true&#038;title=Marcia%20Raphael%20tras%20rechazo%20a%20indicaci%C3%B3n%20que%20permit%C3%ADa%20a%20pescadores%20de%20los%20Lagos%20pescar%20en%20Ays%C3%A9n%20%E2%80%9CEs%20una%20excelente%20noticia%20para%20la%20pesca%20artesanal%E2%80%9D&#038;url=https:\/\/radiorevelacionfm.cl\/?p=31781' aria-hidden='false' data-av_icon='\ue8fc' data-av_iconfont='entypo-fontello' title='' data-avia-related-tooltip='Compartir en LinkedIn' rel=\"noopener\"><span class='avia_hidden_link_text'>Compartir en LinkedIn<\/span><\/a><\/li><li class='av-share-link av-social-link-mail' ><a  aria-label=\"Compartir por correo\" href='mailto:?subject=Marcia%20Raphael%20tras%20rechazo%20a%20indicaci%C3%B3n%20que%20permit%C3%ADa%20a%20pescadores%20de%20los%20Lagos%20pescar%20en%20Ays%C3%A9n%20%E2%80%9CEs%20una%20excelente%20noticia%20para%20la%20pesca%20artesanal%E2%80%9D&#038;body=https:\/\/radiorevelacionfm.cl\/?p=31781' aria-hidden='false' data-av_icon='\ue805' data-av_iconfont='entypo-fontello' title='' data-avia-related-tooltip='Compartir por correo'><span class='avia_hidden_link_text'>Compartir por correo<\/span><\/a><\/li><\/ul><\/div><\/div>\n<div  style='height:50px' class='hr hr-invisible   avia-builder-el-8  el_after_av_social_share  el_before_av_comments_list '><span class='hr-inner ' ><span class='hr-inner-style'><\/span><\/span><\/div>\n<div  class='av-buildercomment  av-blog-meta-html-info-disabled av-blog-meta-tag-disabled  '><\/div>\n","protected":false},"excerpt":{"rendered":"","protected":false},"author":1,"featured_media":31782,"comment_status":"open","ping_status":"open","sticky":false,"template":"","format":"standard","meta":{"footnotes":""},"categories":[35],"tags":[],"class_list":["post-31781","post","type-post","status-publish","format-standard","has-post-thumbnail","hentry","category-politica"],"jetpack_featured_media_url":"https:\/\/radiorevelacionfm.cl\/wp-content\/uploads\/2023\/06\/Foto-MR-zonas-contiguas-1.jpeg","_links":{"self":[{"href":"https:\/\/radiorevelacionfm.cl\/index.php?rest_route=\/wp\/v2\/posts\/31781","targetHints":{"allow":["GET"]}}],"collection":[{"href":"https:\/\/radiorevelacionfm.cl\/index.php?rest_route=\/wp\/v2\/posts"}],"about":[{"href":"https:\/\/radiorevelacionfm.cl\/index.php?rest_route=\/wp\/v2\/types\/post"}],"author":[{"embeddable":true,"href":"https:\/\/radiorevelacionfm.cl\/index.php?rest_route=\/wp\/v2\/users\/1"}],"replies":[{"embeddable":true,"href":"https:\/\/radiorevelacionfm.cl\/index.php?rest_route=%2Fwp%2Fv2%2Fcomments&post=31781"}],"version-history":[{"count":1,"href":"https:\/\/radiorevelacionfm.cl\/index.php?rest_route=\/wp\/v2\/posts\/31781\/revisions"}],"predecessor-version":[{"id":31783,"href":"https:\/\/radiorevelacionfm.cl\/index.php?rest_route=\/wp\/v2\/posts\/31781\/revisions\/31783"}],"wp:featuredmedia":[{"embeddable":true,"href":"https:\/\/radiorevelacionfm.cl\/index.php?rest_route=\/wp\/v2\/media\/31782"}],"wp:attachment":[{"href":"https:\/\/radiorevelacionfm.cl\/index.php?rest_route=%2Fwp%2Fv2%2Fmedia&parent=31781"}],"wp:term":[{"taxonomy":"category","embeddable":true,"href":"https:\/\/radiorevelacionfm.cl\/index.php?rest_route=%2Fwp%2Fv2%2Fcategories&post=31781"},{"taxonomy":"post_tag","embeddable":true,"href":"https:\/\/radiorevelacionfm.cl\/index.php?rest_route=%2Fwp%2Fv2%2Ftags&post=31781"}],"curies":[{"name":"wp","href":"https:\/\/api.w.org\/{rel}","templated":true}]}}