{"id":3178,"date":"2021-04-16T10:59:45","date_gmt":"2021-04-16T13:59:45","guid":{"rendered":"https:\/\/radiorevelacionfm.cl\/?p=3178"},"modified":"2021-04-16T10:59:45","modified_gmt":"2021-04-16T13:59:45","slug":"director-del-servicio-de-salud-expuso-frente-al-consejo-consultivo-del-hospital-de-puerto-aysen","status":"publish","type":"post","link":"https:\/\/radiorevelacionfm.cl\/?p=3178","title":{"rendered":"Director del Servicio de Salud expuso frente al Consejo Consultivo del Hospital de Puerto Ays\u00e9n"},"content":{"rendered":"<div class=\"flex_column av_one_full  flex_column_div av-zero-column-padding first  avia-builder-el-0  el_before_av_one_full  avia-builder-el-first  \" style='border-radius:0px; '><div  class='avia-image-container  av-styling-    avia-builder-el-1  avia-builder-el-no-sibling  avia-align-center '  itemprop=\"image\" itemscope=\"itemscope\" itemtype=\"https:\/\/schema.org\/ImageObject\"  ><div class='avia-image-container-inner'><div class='avia-image-overlay-wrap'><img decoding=\"async\" class='wp-image-0 avia-img-lazy-loading-not-0 avia_image' src=\"https:\/\/radiorevelacionfm.cl\/wp-content\/uploads\/2021\/04\/prensa2-14_optimized.jpeg\" alt='' title=''   itemprop=\"thumbnailUrl\"  \/><\/div><\/div><\/div><\/div>\n<div class=\"flex_column av_one_full  flex_column_div av-zero-column-padding first  avia-builder-el-2  el_after_av_one_full  el_before_av_one_full  column-top-margin\" style='border-radius:0px; '><section class=\"av_textblock_section \"  itemscope=\"itemscope\" itemtype=\"https:\/\/schema.org\/BlogPosting\" itemprop=\"blogPost\" ><div class='avia_textblock  '   itemprop=\"text\" ><p style=\"text-align: center;\"><strong><span style=\"font-size: 18pt;\">Director del Servicio de Salud expuso frente al Consejo Consultivo del Hospital de Puerto Ays\u00e9n<\/span><\/strong><\/p>\n<div id=\"gtx-trans\" style=\"position: absolute; left: -50px; top: 4.31534px;\">\n<div class=\"gtx-trans-icon\"><\/div>\n<\/div>\n<\/div><\/section><\/div>\n<div class=\"flex_column av_one_full  flex_column_div av-zero-column-padding first  avia-builder-el-4  el_after_av_one_full  el_before_av_hr  column-top-margin\" style='border-radius:0px; '><section class=\"av_textblock_section \"  itemscope=\"itemscope\" itemtype=\"https:\/\/schema.org\/BlogPosting\" itemprop=\"blogPost\" ><div class='avia_textblock  '   itemprop=\"text\" ><p style=\"text-align: justify;\">Entre los temas tratados se destacan el proyecto de calefacci\u00f3n, electricidad y de techumbre del CESFAM de Puerto Ays\u00e9n, como as\u00ed tambi\u00e9n en lo que se refiere al estado de la mediana complejidad del hospital local.<\/p>\n<p style=\"text-align: justify;\">Hasta la ciudad de Puerto Ays\u00e9n se traslad\u00f3 el director del Servicio de Salud Ays\u00e9n, Gabriel Burgos, quien sostuvo un encuentro con la comunidad organizada, que estuvo representada por m\u00e1s de una decena de dirigentes sociales y territoriales. Dicha jornada, fue una continuaci\u00f3n de la reuni\u00f3n sostenida el pasado 11 de marzo, y tuvo por objetivo mostrar los avances de temas como mejoramiento de la calefacci\u00f3n en el CESFAM Puerto Ays\u00e9n, proyecto de mediana complejidad del hospital local, e iniciativas que van encaminadas como es el caso de la necesidad de contar con un nuevo scanner.<\/p>\n<p style=\"text-align: justify;\">Gabriel Burgos, director del Servicio de Salud Ays\u00e9n, manifest\u00f3 que \u201cpresentamos al Consejo Consultivo los avances sobre algunos puntos en que hemos estado trabajando de manera conjunta. En lo que se refiere al tema de la calefacci\u00f3n del CESFAM de Puerto Ays\u00e9n, contamos con un proyecto en conjunto con la Municipalidad que esperamos que este viernes el Consejo Regional apruebe recursos para brindar una soluci\u00f3n respecto a esto, mientras que el mejoramiento de la techumbre deber\u00eda estar terminado en junio\u201d.<\/p>\n<p style=\"text-align: justify;\">Igualmente, Burgos agreg\u00f3 \u201cen la reuni\u00f3n tambi\u00e9n expusimos sobre lo que hemos podido avanzar con la resolutividad del hospital, y otros proyectos que van bien encaminados, como es el caso del scanner. Otra iniciativa bastante ambiciosa que igual dialogamos tiene que ver con la UTI, pero esto es a m\u00e1s largo plazo ya que se necesita modificar estructuras y lugares, por lo que es necesario revisar con m\u00e1s detalle\u201d, puntualiz\u00f3 el director del Servicio de Salud Ays\u00e9n.<\/p>\n<p style=\"text-align: justify;\">Por su parte, Ximena Ruiz, presidenta del Consejo Consultivo del Hospital de Puerto Ays\u00e9n, indic\u00f3 que \u201choy salimos de la reuni\u00f3n m\u00e1s tranquilos, ya que se vio un avance muy significativo en todo lo que estamos solicitando. Se trabajo hoy el punto de la calefacci\u00f3n del CESFAM, proyecto de mediana complejidad y el avance del scanner, iniciativas que son muy importantes para nosotros, por lo que creemos que esto tendr\u00e1 grandes frutos\u201d.<\/p>\n<p style=\"text-align: justify;\">Igualmente, Margit Veloso, miembro del consejo Consultivo del Hospital Puerto Ays\u00e9n, se\u00f1al\u00f3 que \u201choy nos vamos muy felices porque se ve el trabajo del equipo, y en realidad podemos decir con mucha certeza que los avances se van cumpliendo. Todo va avanzando, a veces lento, pero esta es la \u00fanica forma, el trabajo mancomunado entre el consejo y el Servicio de Salud. Como comunidad estaremos muy al pendiente para que los acuerdos que se vayan tomando se cumplan\u201d.<\/p>\n<p style=\"text-align: justify;\">Cabe destacar, que los encuentros con el Consejo Consultivo del Hospital de Puerto Ays\u00e9n, se continuar\u00e1n desarrollando de manera peri\u00f3dica, a fin de establecer una comunicaci\u00f3n directa y sin intermediarios entre la autoridad y los dirigentes sociales y territoriales que participan de la mesa de trabajo.<\/p>\n<\/div><\/section><\/div><div  style='height:50px' class='hr hr-invisible   avia-builder-el-6  el_after_av_one_full  el_before_av_social_share '><span class='hr-inner ' ><span class='hr-inner-style'><\/span><\/span><\/div><\/p>\n<div  class='av-social-sharing-box  avia-builder-el-7  el_after_av_hr  el_before_av_hr  '><div class='av-share-box'><h5 class='av-share-link-description av-no-toc '>Compartir esta noticia<\/h5><ul class='av-share-box-list noLightbox'><li class='av-share-link av-social-link-facebook' ><a target=\"_blank\" aria-label=\"Compartir en Facebook\" href='https:\/\/www.facebook.com\/sharer.php?u=https:\/\/radiorevelacionfm.cl\/?p=3178&#038;t=Director%20del%20Servicio%20de%20Salud%20expuso%20frente%20al%20Consejo%20Consultivo%20del%20Hospital%20de%20Puerto%20Ays%C3%A9n' aria-hidden='false' data-av_icon='\ue8f3' data-av_iconfont='entypo-fontello' title='' data-avia-related-tooltip='Compartir en Facebook' rel=\"noopener\"><span class='avia_hidden_link_text'>Compartir en Facebook<\/span><\/a><\/li><li class='av-share-link av-social-link-twitter' ><a target=\"_blank\" aria-label=\"Compartir en Twitter\" href='https:\/\/twitter.com\/share?text=Director%20del%20Servicio%20de%20Salud%20expuso%20frente%20al%20Consejo%20Consultivo%20del%20Hospital%20de%20Puerto%20Ays%C3%A9n&#038;url=https:\/\/radiorevelacionfm.cl\/?p=3178' aria-hidden='false' data-av_icon='\ue8f1' data-av_iconfont='entypo-fontello' title='' data-avia-related-tooltip='Compartir en Twitter' rel=\"noopener\"><span class='avia_hidden_link_text'>Compartir en Twitter<\/span><\/a><\/li><li class='av-share-link av-social-link-whatsapp' ><a target=\"_blank\" aria-label=\"Compartir en Whatsapp\" href='https:\/\/api.whatsapp.com\/send?text=https:\/\/radiorevelacionfm.cl\/?p=3178' aria-hidden='false' data-av_icon='\uf232' data-av_iconfont='entypo-fontello' title='' data-avia-related-tooltip='Compartir en Whatsapp' rel=\"noopener\"><span class='avia_hidden_link_text'>Compartir en Whatsapp<\/span><\/a><\/li><li class='av-share-link av-social-link-linkedin' ><a target=\"_blank\" aria-label=\"Compartir en LinkedIn\" href='https:\/\/linkedin.com\/shareArticle?mini=true&#038;title=Director%20del%20Servicio%20de%20Salud%20expuso%20frente%20al%20Consejo%20Consultivo%20del%20Hospital%20de%20Puerto%20Ays%C3%A9n&#038;url=https:\/\/radiorevelacionfm.cl\/?p=3178' aria-hidden='false' data-av_icon='\ue8fc' data-av_iconfont='entypo-fontello' title='' data-avia-related-tooltip='Compartir en LinkedIn' rel=\"noopener\"><span class='avia_hidden_link_text'>Compartir en LinkedIn<\/span><\/a><\/li><li class='av-share-link av-social-link-mail' ><a  aria-label=\"Compartir por correo\" href='mailto:?subject=Director%20del%20Servicio%20de%20Salud%20expuso%20frente%20al%20Consejo%20Consultivo%20del%20Hospital%20de%20Puerto%20Ays%C3%A9n&#038;body=https:\/\/radiorevelacionfm.cl\/?p=3178' aria-hidden='false' data-av_icon='\ue805' data-av_iconfont='entypo-fontello' title='' data-avia-related-tooltip='Compartir por correo'><span class='avia_hidden_link_text'>Compartir por correo<\/span><\/a><\/li><\/ul><\/div><\/div>\n<div  style='height:50px' class='hr hr-invisible   avia-builder-el-8  el_after_av_social_share  el_before_av_comments_list '><span class='hr-inner ' ><span class='hr-inner-style'><\/span><\/span><\/div>\n<div  class='av-buildercomment  av-blog-meta-html-info-disabled av-blog-meta-tag-disabled  '><\/div>\n","protected":false},"excerpt":{"rendered":"","protected":false},"author":1,"featured_media":0,"comment_status":"open","ping_status":"open","sticky":false,"template":"","format":"standard","meta":{"footnotes":""},"categories":[46],"tags":[],"class_list":["post-3178","post","type-post","status-publish","format-standard","hentry","category-salud"],"jetpack_featured_media_url":"","_links":{"self":[{"href":"https:\/\/radiorevelacionfm.cl\/index.php?rest_route=\/wp\/v2\/posts\/3178","targetHints":{"allow":["GET"]}}],"collection":[{"href":"https:\/\/radiorevelacionfm.cl\/index.php?rest_route=\/wp\/v2\/posts"}],"about":[{"href":"https:\/\/radiorevelacionfm.cl\/index.php?rest_route=\/wp\/v2\/types\/post"}],"author":[{"embeddable":true,"href":"https:\/\/radiorevelacionfm.cl\/index.php?rest_route=\/wp\/v2\/users\/1"}],"replies":[{"embeddable":true,"href":"https:\/\/radiorevelacionfm.cl\/index.php?rest_route=%2Fwp%2Fv2%2Fcomments&post=3178"}],"version-history":[{"count":3,"href":"https:\/\/radiorevelacionfm.cl\/index.php?rest_route=\/wp\/v2\/posts\/3178\/revisions"}],"predecessor-version":[{"id":3189,"href":"https:\/\/radiorevelacionfm.cl\/index.php?rest_route=\/wp\/v2\/posts\/3178\/revisions\/3189"}],"wp:attachment":[{"href":"https:\/\/radiorevelacionfm.cl\/index.php?rest_route=%2Fwp%2Fv2%2Fmedia&parent=3178"}],"wp:term":[{"taxonomy":"category","embeddable":true,"href":"https:\/\/radiorevelacionfm.cl\/index.php?rest_route=%2Fwp%2Fv2%2Fcategories&post=3178"},{"taxonomy":"post_tag","embeddable":true,"href":"https:\/\/radiorevelacionfm.cl\/index.php?rest_route=%2Fwp%2Fv2%2Ftags&post=3178"}],"curies":[{"name":"wp","href":"https:\/\/api.w.org\/{rel}","templated":true}]}}