{"id":31777,"date":"2023-06-07T21:52:03","date_gmt":"2023-06-08T00:52:03","guid":{"rendered":"https:\/\/radiorevelacionfm.cl\/?p=31777"},"modified":"2023-06-07T21:52:03","modified_gmt":"2023-06-08T00:52:03","slug":"en-coyhaique-y-puerto-aysen-se-desarrollara-el-campamento-de-invierno-en-ingles-2023","status":"publish","type":"post","link":"https:\/\/radiorevelacionfm.cl\/?p=31777","title":{"rendered":"En Coyhaique y Puerto Ays\u00e9n se desarrollar\u00e1 el Campamento de Invierno en Ingl\u00e9s 2023"},"content":{"rendered":"<div class=\"flex_column av_one_full  flex_column_div av-zero-column-padding first  avia-builder-el-0  el_before_av_one_full  avia-builder-el-first  \" style='border-radius:0px; '><div  class='avia-image-container  av-styling-    avia-builder-el-1  avia-builder-el-no-sibling  avia-align-center '  itemprop=\"image\" itemscope=\"itemscope\" itemtype=\"https:\/\/schema.org\/ImageObject\"  ><div class='avia-image-container-inner'><div class='avia-image-overlay-wrap'><img decoding=\"async\" class='wp-image-31779 avia-img-lazy-loading-not-31779 avia_image' src=\"https:\/\/radiorevelacionfm.cl\/wp-content\/uploads\/2023\/06\/camps-1-1.jpeg\" alt='' title='camps (1) (1)' height=\"600\" width=\"800\"  itemprop=\"thumbnailUrl\" srcset=\"https:\/\/radiorevelacionfm.cl\/wp-content\/uploads\/2023\/06\/camps-1-1.jpeg 800w, https:\/\/radiorevelacionfm.cl\/wp-content\/uploads\/2023\/06\/camps-1-1-300x225.jpeg 300w, https:\/\/radiorevelacionfm.cl\/wp-content\/uploads\/2023\/06\/camps-1-1-768x576.jpeg 768w, https:\/\/radiorevelacionfm.cl\/wp-content\/uploads\/2023\/06\/camps-1-1-705x529.jpeg 705w, https:\/\/radiorevelacionfm.cl\/wp-content\/uploads\/2023\/06\/camps-1-1-450x338.jpeg 450w, https:\/\/radiorevelacionfm.cl\/wp-content\/uploads\/2023\/06\/camps-1-1-600x450.jpeg 600w\" sizes=\"(max-width: 800px) 100vw, 800px\" \/><\/div><\/div><\/div><\/div><div class=\"flex_column av_one_full  flex_column_div av-zero-column-padding first  avia-builder-el-2  el_after_av_one_full  el_before_av_one_full  column-top-margin\" style='border-radius:0px; '><section class=\"av_textblock_section \"  itemscope=\"itemscope\" itemtype=\"https:\/\/schema.org\/BlogPosting\" itemprop=\"blogPost\" ><div class='avia_textblock  '   itemprop=\"text\" ><p style=\"text-align: center;\"><strong><span style=\"font-size: 18pt;\">En Coyhaique y Puerto Ays\u00e9n se desarrollar\u00e1 el Campamento de Invierno en Ingl\u00e9s 2023<\/span><\/strong><\/p>\n<div id=\"gtx-trans\" style=\"position: absolute; left: -50px; top: 4.31534px;\">\n<div class=\"gtx-trans-icon\"><\/div>\n<\/div>\n<\/div><\/section><\/div><div class=\"flex_column av_one_full  flex_column_div av-zero-column-padding first  avia-builder-el-4  el_after_av_one_full  el_before_av_hr  column-top-margin\" style='border-radius:0px; '><section class=\"av_textblock_section \"  itemscope=\"itemscope\" itemtype=\"https:\/\/schema.org\/BlogPosting\" itemprop=\"blogPost\" ><div class='avia_textblock  '   itemprop=\"text\" ><p class=\"v1MsoNormal\" style=\"text-align: justify;\">Los English Winter Camps (Campamentos de Invierno en Ingl\u00e9s) est\u00e1n de vuelta. Disfruta de una semana para hacerte de amigos, practicar y mejorar tu nivel de ingl\u00e9s en un contexto de inmersi\u00f3n al idioma a trav\u00e9s de juegos, actividades l\u00fadicas y proyectos grupales.<\/p>\n<p class=\"v1MsoNormal\" style=\"text-align: justify;\">Hasta el 15 de junio 2023 a las 9:00 horas, se encuentra abierta la convocatoria para postular a los English Winter Camps para estudiantes entre 5\u00b0 b\u00e1sico a IV\u00b0 medio.<\/p>\n<p class=\"v1MsoNormal\" style=\"text-align: justify;\">Los estudiantes de 5\u00ba a 8\u00ba b\u00e1sico participar\u00e1n del Campamento en la comuna de Ays\u00e9n, la sede de encuentro ser\u00e1 la Escuela Poetisa Gabriela Mistral de Puerto Ays\u00e9n, las actividades se desarrollar\u00e1n entre las 10:00 y las 15:00 horas y contar\u00e1n con alimentaci\u00f3n prove\u00edda por JUNAEB. Por otra parte, los y las estudiantes de ense\u00f1anza media lo har\u00e1n en la comuna de Coyhaique, con actividades que van desde las 10:00 a las 17:00 horas y tambi\u00e9n contar\u00e1n con alimentaci\u00f3n entregada por JUNAEB.<\/p>\n<p class=\"v1MsoNormal\" style=\"text-align: justify;\">En esta edici\u00f3n, el lema del campamento es \u201cLights, camera, \u00a1action!: All the world\u2019s a stage!\u201d. As\u00ed que deja volar tu creatividad a trav\u00e9s de actividades relacionadas a pel\u00edculas, series y teatro.<\/p>\n<p class=\"v1MsoNormal\" style=\"text-align: justify;\">La Seremi de Educaci\u00f3n de Ays\u00e9n Isabel Garrido Casassa invit\u00f3 a los estudiantes a inscribirse y participar en esta actividad, cuyo objetivo es motivar a\u00a0practicar el idioma ingl\u00e9s\u00a0en un contexto real. \u201cEs la oportunidad para vivir una experiencia inolvidable este invierno\u201d, coment\u00f3.<\/p>\n<p class=\"v1MsoNormal\" style=\"text-align: justify;\">La autoridad sectorial inform\u00f3 que la participaci\u00f3n es libre de costo\u00a0para quienes resulten seleccionados(as), y ellas y ellos obtendr\u00e1n un\u00a0diploma de participaci\u00f3n\u00a0en caso de cumplir con al menos el 60% de participaci\u00f3n. La alimentaci\u00f3n es gratuita\u00a0(desayuno, almuerzo &amp; snack) durante 5 d\u00edas presenciales y se contar\u00e1 con cobertura de\u00a0seguro de accidentes escolares\u00a0para los d\u00edas presenciales.<\/p>\n<p class=\"v1MsoNormal\" style=\"text-align: justify;\">Los requisitos para participar son: Ser estudiante entre 5\u00b0 b\u00e1sico y IV\u00b0 medio en 2023\u00a0de establecimientos de modalidad Humanista Cient\u00edfico, T\u00e9cnico Profesional o Art\u00edstica de dependencia municipal, subvencionado, administraci\u00f3n delegada; Contar con la disponibilidad para participar. De ser seleccionado(a) se solicita la siguiente\u00a0 documentaci\u00f3n, que deber\u00e1n presentar al llegar al\u00a0 primer d\u00eda del campamento.<\/p>\n<p class=\"v1MsoNormal\" style=\"text-align: justify;\">Copia simple de c\u00e9dula de identidad por ambos lados, comprobante de solicitud de c\u00e9dula o TNE. \u00a0y\u00a0<a href=\"https:\/\/ingles.mineduc.cl\/wp-content\/uploads\/sites\/37\/2023\/05\/EWC-2023-Autorizacion-uso-de-imagen.pdf\" target=\"_blank\" rel=\"noopener noreferrer\">Autorizaci\u00f3n de uso de imagen.<\/a><\/p>\n<\/div><\/section><\/div><div  style='height:50px' class='hr hr-invisible   avia-builder-el-6  el_after_av_one_full  el_before_av_social_share '><span class='hr-inner ' ><span class='hr-inner-style'><\/span><\/span><\/div><\/p>\n<div  class='av-social-sharing-box  avia-builder-el-7  el_after_av_hr  el_before_av_hr  '><div class='av-share-box'><h5 class='av-share-link-description av-no-toc '>Compartir esta noticia<\/h5><ul class='av-share-box-list noLightbox'><li class='av-share-link av-social-link-facebook' ><a target=\"_blank\" aria-label=\"Compartir en Facebook\" href='https:\/\/www.facebook.com\/sharer.php?u=https:\/\/radiorevelacionfm.cl\/?p=31777&#038;t=En%20Coyhaique%20y%20Puerto%20Ays%C3%A9n%20se%20desarrollar%C3%A1%20el%20Campamento%20de%20Invierno%20en%20Ingl%C3%A9s%202023' aria-hidden='false' data-av_icon='\ue8f3' data-av_iconfont='entypo-fontello' title='' data-avia-related-tooltip='Compartir en Facebook' rel=\"noopener\"><span class='avia_hidden_link_text'>Compartir en Facebook<\/span><\/a><\/li><li class='av-share-link av-social-link-twitter' ><a target=\"_blank\" aria-label=\"Compartir en Twitter\" href='https:\/\/twitter.com\/share?text=En%20Coyhaique%20y%20Puerto%20Ays%C3%A9n%20se%20desarrollar%C3%A1%20el%20Campamento%20de%20Invierno%20en%20Ingl%C3%A9s%202023&#038;url=https:\/\/radiorevelacionfm.cl\/?p=31777' aria-hidden='false' data-av_icon='\ue8f1' data-av_iconfont='entypo-fontello' title='' data-avia-related-tooltip='Compartir en Twitter' rel=\"noopener\"><span class='avia_hidden_link_text'>Compartir en Twitter<\/span><\/a><\/li><li class='av-share-link av-social-link-whatsapp' ><a target=\"_blank\" aria-label=\"Compartir en Whatsapp\" href='https:\/\/api.whatsapp.com\/send?text=https:\/\/radiorevelacionfm.cl\/?p=31777' aria-hidden='false' data-av_icon='\uf232' data-av_iconfont='entypo-fontello' title='' data-avia-related-tooltip='Compartir en Whatsapp' rel=\"noopener\"><span class='avia_hidden_link_text'>Compartir en Whatsapp<\/span><\/a><\/li><li class='av-share-link av-social-link-linkedin' ><a target=\"_blank\" aria-label=\"Compartir en LinkedIn\" href='https:\/\/linkedin.com\/shareArticle?mini=true&#038;title=En%20Coyhaique%20y%20Puerto%20Ays%C3%A9n%20se%20desarrollar%C3%A1%20el%20Campamento%20de%20Invierno%20en%20Ingl%C3%A9s%202023&#038;url=https:\/\/radiorevelacionfm.cl\/?p=31777' aria-hidden='false' data-av_icon='\ue8fc' data-av_iconfont='entypo-fontello' title='' data-avia-related-tooltip='Compartir en LinkedIn' rel=\"noopener\"><span class='avia_hidden_link_text'>Compartir en LinkedIn<\/span><\/a><\/li><li class='av-share-link av-social-link-mail' ><a  aria-label=\"Compartir por correo\" href='mailto:?subject=En%20Coyhaique%20y%20Puerto%20Ays%C3%A9n%20se%20desarrollar%C3%A1%20el%20Campamento%20de%20Invierno%20en%20Ingl%C3%A9s%202023&#038;body=https:\/\/radiorevelacionfm.cl\/?p=31777' aria-hidden='false' data-av_icon='\ue805' data-av_iconfont='entypo-fontello' title='' data-avia-related-tooltip='Compartir por correo'><span class='avia_hidden_link_text'>Compartir por correo<\/span><\/a><\/li><\/ul><\/div><\/div>\n<div  style='height:50px' class='hr hr-invisible   avia-builder-el-8  el_after_av_social_share  el_before_av_comments_list '><span class='hr-inner ' ><span class='hr-inner-style'><\/span><\/span><\/div>\n<div  class='av-buildercomment  av-blog-meta-html-info-disabled av-blog-meta-tag-disabled  '><\/div>\n","protected":false},"excerpt":{"rendered":"","protected":false},"author":1,"featured_media":31779,"comment_status":"open","ping_status":"open","sticky":false,"template":"","format":"standard","meta":{"footnotes":""},"categories":[49],"tags":[],"class_list":["post-31777","post","type-post","status-publish","format-standard","has-post-thumbnail","hentry","category-educacion"],"jetpack_featured_media_url":"https:\/\/radiorevelacionfm.cl\/wp-content\/uploads\/2023\/06\/camps-1-1.jpeg","_links":{"self":[{"href":"https:\/\/radiorevelacionfm.cl\/index.php?rest_route=\/wp\/v2\/posts\/31777","targetHints":{"allow":["GET"]}}],"collection":[{"href":"https:\/\/radiorevelacionfm.cl\/index.php?rest_route=\/wp\/v2\/posts"}],"about":[{"href":"https:\/\/radiorevelacionfm.cl\/index.php?rest_route=\/wp\/v2\/types\/post"}],"author":[{"embeddable":true,"href":"https:\/\/radiorevelacionfm.cl\/index.php?rest_route=\/wp\/v2\/users\/1"}],"replies":[{"embeddable":true,"href":"https:\/\/radiorevelacionfm.cl\/index.php?rest_route=%2Fwp%2Fv2%2Fcomments&post=31777"}],"version-history":[{"count":1,"href":"https:\/\/radiorevelacionfm.cl\/index.php?rest_route=\/wp\/v2\/posts\/31777\/revisions"}],"predecessor-version":[{"id":31780,"href":"https:\/\/radiorevelacionfm.cl\/index.php?rest_route=\/wp\/v2\/posts\/31777\/revisions\/31780"}],"wp:featuredmedia":[{"embeddable":true,"href":"https:\/\/radiorevelacionfm.cl\/index.php?rest_route=\/wp\/v2\/media\/31779"}],"wp:attachment":[{"href":"https:\/\/radiorevelacionfm.cl\/index.php?rest_route=%2Fwp%2Fv2%2Fmedia&parent=31777"}],"wp:term":[{"taxonomy":"category","embeddable":true,"href":"https:\/\/radiorevelacionfm.cl\/index.php?rest_route=%2Fwp%2Fv2%2Fcategories&post=31777"},{"taxonomy":"post_tag","embeddable":true,"href":"https:\/\/radiorevelacionfm.cl\/index.php?rest_route=%2Fwp%2Fv2%2Ftags&post=31777"}],"curies":[{"name":"wp","href":"https:\/\/api.w.org\/{rel}","templated":true}]}}