{"id":31774,"date":"2023-06-08T11:23:10","date_gmt":"2023-06-08T14:23:10","guid":{"rendered":"https:\/\/radiorevelacionfm.cl\/?p=31774"},"modified":"2023-06-08T11:23:10","modified_gmt":"2023-06-08T14:23:10","slug":"mesa-de-la-mujer-indigena-se-reune-con-subsecretaria-del-ministerio-de-desarrollo-social-y-familia","status":"publish","type":"post","link":"https:\/\/radiorevelacionfm.cl\/?p=31774","title":{"rendered":"Mesa de la Mujer Ind\u00edgena se re\u00fane con Subsecretaria del Ministerio de Desarrollo Social y Familia"},"content":{"rendered":"<div class=\"flex_column av_one_full  flex_column_div av-zero-column-padding first  avia-builder-el-0  el_before_av_one_full  avia-builder-el-first  \" style='border-radius:0px; '><div  class='avia-image-container  av-styling-    avia-builder-el-1  avia-builder-el-no-sibling  avia-align-center '  itemprop=\"image\" itemscope=\"itemscope\" itemtype=\"https:\/\/schema.org\/ImageObject\"  ><div class='avia-image-container-inner'><div class='avia-image-overlay-wrap'><img decoding=\"async\" class='wp-image-31775 avia-img-lazy-loading-not-31775 avia_image' src=\"https:\/\/radiorevelacionfm.cl\/wp-content\/uploads\/2023\/06\/dsc_0011-1_optimized.jpg\" alt='' title='dsc_0011-(1)_optimized' height=\"600\" width=\"960\"  itemprop=\"thumbnailUrl\" srcset=\"https:\/\/radiorevelacionfm.cl\/wp-content\/uploads\/2023\/06\/dsc_0011-1_optimized.jpg 960w, https:\/\/radiorevelacionfm.cl\/wp-content\/uploads\/2023\/06\/dsc_0011-1_optimized-300x188.jpg 300w, https:\/\/radiorevelacionfm.cl\/wp-content\/uploads\/2023\/06\/dsc_0011-1_optimized-768x480.jpg 768w, https:\/\/radiorevelacionfm.cl\/wp-content\/uploads\/2023\/06\/dsc_0011-1_optimized-705x441.jpg 705w, https:\/\/radiorevelacionfm.cl\/wp-content\/uploads\/2023\/06\/dsc_0011-1_optimized-450x281.jpg 450w, https:\/\/radiorevelacionfm.cl\/wp-content\/uploads\/2023\/06\/dsc_0011-1_optimized-600x375.jpg 600w\" sizes=\"(max-width: 960px) 100vw, 960px\" \/><\/div><\/div><\/div><\/div><div class=\"flex_column av_one_full  flex_column_div av-zero-column-padding first  avia-builder-el-2  el_after_av_one_full  el_before_av_one_full  column-top-margin\" style='border-radius:0px; '><section class=\"av_textblock_section \"  itemscope=\"itemscope\" itemtype=\"https:\/\/schema.org\/BlogPosting\" itemprop=\"blogPost\" ><div class='avia_textblock  '   itemprop=\"text\" ><p style=\"text-align: center;\"><strong><span style=\"font-size: 18pt;\">Mesa de la Mujer Ind\u00edgena se re\u00fane con Subsecretaria del Ministerio de Desarrollo Social y Familia<\/span><\/strong><\/p>\n<div id=\"gtx-trans\" style=\"position: absolute; left: -50px; top: 4.31534px;\">\n<div class=\"gtx-trans-icon\"><\/div>\n<\/div>\n<\/div><\/section><\/div><div class=\"flex_column av_one_full  flex_column_div av-zero-column-padding first  avia-builder-el-4  el_after_av_one_full  el_before_av_hr  column-top-margin\" style='border-radius:0px; '><section class=\"av_textblock_section \"  itemscope=\"itemscope\" itemtype=\"https:\/\/schema.org\/BlogPosting\" itemprop=\"blogPost\" ><div class='avia_textblock  '   itemprop=\"text\" ><p style=\"font-weight: 400; text-align: justify;\">En la Sede Rakiduantum en Coyhaique, se realiz\u00f3 una reuni\u00f3n extraordinaria de la Mesa de la Mujer Ind\u00edgena con motivo de la visita de la Subsecretaria de Servicios Sociales del Ministerio de Desarrollo Social y Familia, Francisca Perales Flores. En la ocasi\u00f3n, las representantes de las asociaciones y comunidades Mapuche de la comuna de Coyhaique dieron a conocer sus principales inquietudes y necesidades.<\/p>\n<p style=\"font-weight: 400; text-align: justify;\">\u201cEs destacable la voluntad de di\u00e1logo que es caracter\u00edstico del pueblo Mapuche en su conjunto, pese a las leg\u00edtimas diferencias y desconfianzas que pudieran existir con el Estado de Chile; a prop\u00f3sito del conflicto hist\u00f3rico entre ambas partes. Hemos acordado mejorar la coordinaci\u00f3n, que en el caso del Ministerio de Desarrollo Social tiene un papel relevante, ya que la CONADI es uno de sus servicios relacionados; para visibilizar esas instancias de participaci\u00f3n de mujeres ind\u00edgenas y tambi\u00e9n de los mismos pueblos a trav\u00e9s de sus propios espacios de organizaci\u00f3n. As\u00ed mismo, quedamos en tener un espacio de di\u00e1logo m\u00e1s amplio para avanzar en distintas materias\u201d, manifest\u00f3, Francisca Perales Flores.<\/p>\n<p style=\"font-weight: 400; text-align: justify;\">Por su parte, la Lamngen Nora Catrian Pinda, dijo: \u201clas reuniones con las personas que vienen de la capital son importantes para nosotras, porque no tenemos acceso muchas veces a conversar con ellos. En este caso, el di\u00e1logo fue muy ameno y esperamos que tengamos una respuesta a la carta, que se le entreg\u00f3 a la autoridad. Sabemos que probablemente no se puede tener una respuesta a todo lo planteado, pero la voluntad creo que est\u00e1; por lo que esperamos que se cumpla\u201d.<\/p>\n<p style=\"font-weight: 400; text-align: justify;\">En la actividad estuvieron presentes las comunidades Elsa Canuman, Millacura Huequilef, Catrian Pinda, Re\u00f1ma Txapen, Nolberto Ancapichun y Calfulef. En tanto, de las asociaciones participaron Rakiduantum, Mariman, Maw\u00fcn Kurruf y Ruka Wenuy. Adem\u00e1s, concurrieron a la reuni\u00f3n la Subsecretaria de Servicios Sociales del Ministerio de Desarrollo Social y Familia, Francisca Perales Flores; la Seremi de Desarrollo Social y Familia, Karina Acevedo Auad; la Seremi de la Mujer y la Equidad de G\u00e9nero, Andrea M\u00e9ndez Valenzuela; la Directora Regional (S) de SernamEG, Marta Godoy Carvajal; la Encargada de la Oficina de enlace CONADI Coyhaique, Pamela Huaitiao Almonacid; y la Jefa de Desarrollo Social y Humanos del Gobierno Regional de Ays\u00e9n, Vania C\u00e1ceres.<\/p>\n<p style=\"font-weight: 400; text-align: justify;\"><strong>TRABAJO CONJUNTO SERNAMEG- CONADI<\/strong><\/p>\n<p style=\"font-weight: 400; text-align: justify;\">Desarrollar un trabajo conjunto para coordinar acciones dirigidas a emprendedoras, es el objetivo de la Mesa de la Mujer Ind\u00edgena, liderada por el Servicio Nacional de la Mujer y la Equidad de G\u00e9nero y la Corporaci\u00f3n Nacional de Desarrollo Ind\u00edgena. Se\u00a0han realizado una serie de acciones en pos de responder las inquietudes y demandas de las agrupaciones, asociaciones y comunidades que la componen. En tal sentido, la\u00a0Seremi de Desarrollo Social y Familia, Karina Acevedo Auad, explic\u00f3 que \u201cla Mesa nos impulsa a seguir d\u00e1ndole un impulso con mirada de g\u00e9nero, desde lo que cada una hace, para rescatar las tradiciones y saberes; sobre todo, su conocimiento ancestral con la finalidad, no s\u00f3lo de fortalecer sus comunidades, sino que mostrarlo a la poblaci\u00f3n y ser parte de sus tradiciones. Creo que es un desaf\u00edo que llama a seguir trabajando mancomunadamente\u201d.<\/p>\n<p style=\"font-weight: 400; text-align: justify;\">Actualmente, la Mesa de la Mujer Ind\u00edgena la componen las comunidades Mapuche Nolberto Ancapichun, Catrian Pinda, Yefi, Elsa Canuman, Millacura Hueiquilef, Carelmapu Lepio, Manuel Canuman, Mari \u00d1ir, Carfules, Re\u00f1ma Trapen y Saihueque. En tanto, de las asociaciones participan Tai\u00f1 Mapu Coyhaike, Maw\u00fan Kurruf, Marim\u00e1n, We Folil, Antu Ka Pire Mapu Mew, Rakiduantum, Puwechekeche y Ruka wenuy.<\/p>\n<\/div><\/section><\/div><div  style='height:50px' class='hr hr-invisible   avia-builder-el-6  el_after_av_one_full  el_before_av_social_share '><span class='hr-inner ' ><span class='hr-inner-style'><\/span><\/span><\/div><\/p>\n<div  class='av-social-sharing-box  avia-builder-el-7  el_after_av_hr  el_before_av_hr  '><div class='av-share-box'><h5 class='av-share-link-description av-no-toc '>Compartir esta noticia<\/h5><ul class='av-share-box-list noLightbox'><li class='av-share-link av-social-link-facebook' ><a target=\"_blank\" aria-label=\"Compartir en Facebook\" href='https:\/\/www.facebook.com\/sharer.php?u=https:\/\/radiorevelacionfm.cl\/?p=31774&#038;t=Mesa%20de%20la%20Mujer%20Ind%C3%ADgena%20se%20re%C3%BAne%20con%20Subsecretaria%20del%20Ministerio%20de%20Desarrollo%20Social%20y%20Familia' aria-hidden='false' data-av_icon='\ue8f3' data-av_iconfont='entypo-fontello' title='' data-avia-related-tooltip='Compartir en Facebook' rel=\"noopener\"><span class='avia_hidden_link_text'>Compartir en Facebook<\/span><\/a><\/li><li class='av-share-link av-social-link-twitter' ><a target=\"_blank\" aria-label=\"Compartir en Twitter\" href='https:\/\/twitter.com\/share?text=Mesa%20de%20la%20Mujer%20Ind%C3%ADgena%20se%20re%C3%BAne%20con%20Subsecretaria%20del%20Ministerio%20de%20Desarrollo%20Social%20y%20Familia&#038;url=https:\/\/radiorevelacionfm.cl\/?p=31774' aria-hidden='false' data-av_icon='\ue8f1' data-av_iconfont='entypo-fontello' title='' data-avia-related-tooltip='Compartir en Twitter' rel=\"noopener\"><span class='avia_hidden_link_text'>Compartir en Twitter<\/span><\/a><\/li><li class='av-share-link av-social-link-whatsapp' ><a target=\"_blank\" aria-label=\"Compartir en Whatsapp\" href='https:\/\/api.whatsapp.com\/send?text=https:\/\/radiorevelacionfm.cl\/?p=31774' aria-hidden='false' data-av_icon='\uf232' data-av_iconfont='entypo-fontello' title='' data-avia-related-tooltip='Compartir en Whatsapp' rel=\"noopener\"><span class='avia_hidden_link_text'>Compartir en Whatsapp<\/span><\/a><\/li><li class='av-share-link av-social-link-linkedin' ><a target=\"_blank\" aria-label=\"Compartir en LinkedIn\" href='https:\/\/linkedin.com\/shareArticle?mini=true&#038;title=Mesa%20de%20la%20Mujer%20Ind%C3%ADgena%20se%20re%C3%BAne%20con%20Subsecretaria%20del%20Ministerio%20de%20Desarrollo%20Social%20y%20Familia&#038;url=https:\/\/radiorevelacionfm.cl\/?p=31774' aria-hidden='false' data-av_icon='\ue8fc' data-av_iconfont='entypo-fontello' title='' data-avia-related-tooltip='Compartir en LinkedIn' rel=\"noopener\"><span class='avia_hidden_link_text'>Compartir en LinkedIn<\/span><\/a><\/li><li class='av-share-link av-social-link-mail' ><a  aria-label=\"Compartir por correo\" href='mailto:?subject=Mesa%20de%20la%20Mujer%20Ind%C3%ADgena%20se%20re%C3%BAne%20con%20Subsecretaria%20del%20Ministerio%20de%20Desarrollo%20Social%20y%20Familia&#038;body=https:\/\/radiorevelacionfm.cl\/?p=31774' aria-hidden='false' data-av_icon='\ue805' data-av_iconfont='entypo-fontello' title='' data-avia-related-tooltip='Compartir por correo'><span class='avia_hidden_link_text'>Compartir por correo<\/span><\/a><\/li><\/ul><\/div><\/div>\n<div  style='height:50px' class='hr hr-invisible   avia-builder-el-8  el_after_av_social_share  el_before_av_comments_list '><span class='hr-inner ' ><span class='hr-inner-style'><\/span><\/span><\/div>\n<div  class='av-buildercomment  av-blog-meta-html-info-disabled av-blog-meta-tag-disabled  '><\/div>\n","protected":false},"excerpt":{"rendered":"","protected":false},"author":1,"featured_media":31775,"comment_status":"open","ping_status":"open","sticky":false,"template":"","format":"standard","meta":{"footnotes":""},"categories":[38],"tags":[],"class_list":["post-31774","post","type-post","status-publish","format-standard","has-post-thumbnail","hentry","category-regional"],"jetpack_featured_media_url":"https:\/\/radiorevelacionfm.cl\/wp-content\/uploads\/2023\/06\/dsc_0011-1_optimized.jpg","_links":{"self":[{"href":"https:\/\/radiorevelacionfm.cl\/index.php?rest_route=\/wp\/v2\/posts\/31774","targetHints":{"allow":["GET"]}}],"collection":[{"href":"https:\/\/radiorevelacionfm.cl\/index.php?rest_route=\/wp\/v2\/posts"}],"about":[{"href":"https:\/\/radiorevelacionfm.cl\/index.php?rest_route=\/wp\/v2\/types\/post"}],"author":[{"embeddable":true,"href":"https:\/\/radiorevelacionfm.cl\/index.php?rest_route=\/wp\/v2\/users\/1"}],"replies":[{"embeddable":true,"href":"https:\/\/radiorevelacionfm.cl\/index.php?rest_route=%2Fwp%2Fv2%2Fcomments&post=31774"}],"version-history":[{"count":1,"href":"https:\/\/radiorevelacionfm.cl\/index.php?rest_route=\/wp\/v2\/posts\/31774\/revisions"}],"predecessor-version":[{"id":31776,"href":"https:\/\/radiorevelacionfm.cl\/index.php?rest_route=\/wp\/v2\/posts\/31774\/revisions\/31776"}],"wp:featuredmedia":[{"embeddable":true,"href":"https:\/\/radiorevelacionfm.cl\/index.php?rest_route=\/wp\/v2\/media\/31775"}],"wp:attachment":[{"href":"https:\/\/radiorevelacionfm.cl\/index.php?rest_route=%2Fwp%2Fv2%2Fmedia&parent=31774"}],"wp:term":[{"taxonomy":"category","embeddable":true,"href":"https:\/\/radiorevelacionfm.cl\/index.php?rest_route=%2Fwp%2Fv2%2Fcategories&post=31774"},{"taxonomy":"post_tag","embeddable":true,"href":"https:\/\/radiorevelacionfm.cl\/index.php?rest_route=%2Fwp%2Fv2%2Ftags&post=31774"}],"curies":[{"name":"wp","href":"https:\/\/api.w.org\/{rel}","templated":true}]}}