{"id":31767,"date":"2023-06-07T13:50:54","date_gmt":"2023-06-07T16:50:54","guid":{"rendered":"https:\/\/radiorevelacionfm.cl\/?p=31767"},"modified":"2023-06-07T13:50:54","modified_gmt":"2023-06-07T16:50:54","slug":"corte-confirma-condena-a-joven-que-en-estado-de-ebriedad-causo-fatal-accidente-el-2017-en-coyhaique","status":"publish","type":"post","link":"https:\/\/radiorevelacionfm.cl\/?p=31767","title":{"rendered":"Corte confirma condena a joven que en estado de ebriedad caus\u00f3 fatal accidente el 2017 en Coyhaique"},"content":{"rendered":"<div class=\"flex_column av_one_full  flex_column_div av-zero-column-padding first  avia-builder-el-0  el_before_av_one_full  avia-builder-el-first  \" style='border-radius:0px; '><div  class='avia-image-container  av-styling-    avia-builder-el-1  avia-builder-el-no-sibling  avia-align-center '  itemprop=\"image\" itemscope=\"itemscope\" itemtype=\"https:\/\/schema.org\/ImageObject\"  ><div class='avia-image-container-inner'><div class='avia-image-overlay-wrap'><img decoding=\"async\" class='wp-image-31768 avia-img-lazy-loading-not-31768 avia_image' src=\"https:\/\/radiorevelacionfm.cl\/wp-content\/uploads\/2023\/06\/accidente-avda-ogana-2017-1_optimized.jpg\" alt='' title='accidente-avda-ogana-2017-(1)_optimized' height=\"600\" width=\"1067\"  itemprop=\"thumbnailUrl\" srcset=\"https:\/\/radiorevelacionfm.cl\/wp-content\/uploads\/2023\/06\/accidente-avda-ogana-2017-1_optimized.jpg 1067w, https:\/\/radiorevelacionfm.cl\/wp-content\/uploads\/2023\/06\/accidente-avda-ogana-2017-1_optimized-300x169.jpg 300w, https:\/\/radiorevelacionfm.cl\/wp-content\/uploads\/2023\/06\/accidente-avda-ogana-2017-1_optimized-1030x579.jpg 1030w, https:\/\/radiorevelacionfm.cl\/wp-content\/uploads\/2023\/06\/accidente-avda-ogana-2017-1_optimized-768x432.jpg 768w, https:\/\/radiorevelacionfm.cl\/wp-content\/uploads\/2023\/06\/accidente-avda-ogana-2017-1_optimized-705x396.jpg 705w, https:\/\/radiorevelacionfm.cl\/wp-content\/uploads\/2023\/06\/accidente-avda-ogana-2017-1_optimized-450x253.jpg 450w, https:\/\/radiorevelacionfm.cl\/wp-content\/uploads\/2023\/06\/accidente-avda-ogana-2017-1_optimized-600x337.jpg 600w\" sizes=\"(max-width: 1067px) 100vw, 1067px\" \/><\/div><\/div><\/div><\/div><div class=\"flex_column av_one_full  flex_column_div av-zero-column-padding first  avia-builder-el-2  el_after_av_one_full  el_before_av_one_full  column-top-margin\" style='border-radius:0px; '><section class=\"av_textblock_section \"  itemscope=\"itemscope\" itemtype=\"https:\/\/schema.org\/BlogPosting\" itemprop=\"blogPost\" ><div class='avia_textblock  '   itemprop=\"text\" ><p style=\"text-align: center;\"><strong><span style=\"font-size: 18pt;\">Corte confirma condena a joven que en estado de ebriedad caus\u00f3 fatal accidente el 2017 en Coyhaique<\/span><\/strong><\/p>\n<div id=\"gtx-trans\" style=\"position: absolute; left: -50px; top: 4.31534px;\">\n<div class=\"gtx-trans-icon\"><\/div>\n<\/div>\n<\/div><\/section><\/div><div class=\"flex_column av_one_full  flex_column_div av-zero-column-padding first  avia-builder-el-4  el_after_av_one_full  el_before_av_hr  column-top-margin\" style='border-radius:0px; '><section class=\"av_textblock_section \"  itemscope=\"itemscope\" itemtype=\"https:\/\/schema.org\/BlogPosting\" itemprop=\"blogPost\" ><div class='avia_textblock  '   itemprop=\"text\" ><p class=\"v1MsoNormal\" style=\"text-align: justify;\">La Corte de Apelaciones de Coyhaique rechaz\u00f3 el recurso de nulidad interpuesto por la defensa en contra de la sentencia que conden\u00f3 a Joni Rodrigo S\u00e1nchez Mart\u00ednez a a\u00f1os 5 a\u00f1os de presidio, con el beneficio de la libertad vigilada intensiva con la\u00a0obligaci\u00f3n de permanecer en su domicilio entre las 24:00 horas y las seis de la ma\u00f1ana del d\u00eda siguiente, durante todo el tiempo de la pena sustitutiva, en calidad de autor del delito consumado de conducci\u00f3n de veh\u00edculo motorizado en estado de ebriedad causando muerte, lesiones graves grav\u00edsimas y lesiones graves. Il\u00edcito perpetrado en abril de 2017.<\/p>\n<p class=\"v1MsoNormal\" style=\"text-align: justify;\">En fallo un\u00e1nime ( causa rol 75-2023), la Primera Sala del tribunal de alzada \u2013integrada por los ministros Jos\u00e9 Ignacio Mora, Pedro Castro y la abogada (i) Paola Aguilar\u2013 descart\u00f3 que la sentencia recurrida, pronunciada por el Tribunal de Juicio Oral en lo Penal de Coyhaique, se haya dictado con infracci\u00f3n de ley.<\/p>\n<p class=\"v1MsoNormal\" style=\"text-align: justify;\">\u00abQue, esta Corte, no advierte error de derecho alguno en la aplicaci\u00f3n de la norma antes referida, desde que asentado el hecho inamovible, para estos sentenciadores, consistente en que como consecuencia de la conducci\u00f3n del acusado en estado de ebriedad, a una velocidad aproximada de 110 kil\u00f3metros por hora y impacta a la camioneta que ingresaba al Servicentro COPEC de avenida Ogana, resultando sus ocupantes, dos de ellos fallecidos en el lugar de los hechos, con lesiones graves grav\u00edsimas y lesiones simplemente graves, hechos que constituyen infracciones a las normas del tr\u00e1nsito contenidas en el art\u00edculo 110 en relaci\u00f3n a lo dispuesto en el art\u00edculo 196 ambos de la Ley 18.290 (&#8230;)\u00bb, sostiene el fallo.<\/p>\n<p class=\"v1MsoNormal\" style=\"text-align: justify;\">Agrega que \u00ab(&#8230;) as\u00ed lo estableci\u00f3 el fallo impugnado, presupuesto f\u00e1ctico a partir del cual, el Tribunal establece que la causa basal del hecho es que el autom\u00f3vil Subaru Impreza, que se desplazaba por Avenida Ogana en direcci\u00f3n al sur, colision\u00f3 a la camioneta Nissan Terrano que en ese momento efectuaba una maniobra de viraje para ingresar al Servicentro COPEC, y la prueba fue contundente al dar cuenta que la causa principal del choque fue la conducci\u00f3n a exceso de velocidad y en estado de ebriedad de parte del conductor del veh\u00edculo Subaru, pues circulaba aproximadamente a 110 kil\u00f3metros por hora y con una dosificaci\u00f3n de alcohol en la sangre de 1,23 gramos por mil\u00bb.<\/p>\n<p class=\"v1MsoNormal\" style=\"text-align: justify;\">Por tanto, se resuelve que: \u00ab<b>SE RECHAZA<\/b>, sin costas, el recurso de nulidad planteado por la defensa de Joni Rodrigo S\u00e1nchez Mart\u00ednez, por la causal que aleg\u00f3, en contra de la sentencia definitiva, de fecha 27 de marzo de 2023, dictada por el Tribunal de Juicio Oral en lo Penal de Coyhaique, por la que se conden\u00f3 a la pena de cinco a\u00f1os de presidio menor en su grado m\u00e1ximo, multa de doce Unidades Tributarias Mensuales, la inhabilitaci\u00f3n perpetua para conducir veh\u00edculos de tracci\u00f3n mec\u00e1nica, el comiso del veh\u00edculo marca Subaru, modelo Impreza, patente CGZC-88, y la pena accesoria general de inhabilitaci\u00f3n absoluta perpetua para derechos pol\u00edticos y la de inhabilitaci\u00f3n absoluta para cargos y oficios p\u00fablicos durante el tiempo de la condena (&#8230;)\u00bb.<\/p>\n<\/div><\/section><\/div><div  style='height:50px' class='hr hr-invisible   avia-builder-el-6  el_after_av_one_full  el_before_av_social_share '><span class='hr-inner ' ><span class='hr-inner-style'><\/span><\/span><\/div><\/p>\n<div  class='av-social-sharing-box  avia-builder-el-7  el_after_av_hr  el_before_av_hr  '><div class='av-share-box'><h5 class='av-share-link-description av-no-toc '>Compartir esta noticia<\/h5><ul class='av-share-box-list noLightbox'><li class='av-share-link av-social-link-facebook' ><a target=\"_blank\" aria-label=\"Compartir en Facebook\" href='https:\/\/www.facebook.com\/sharer.php?u=https:\/\/radiorevelacionfm.cl\/?p=31767&#038;t=Corte%20confirma%20condena%20a%20joven%20que%20en%20estado%20de%20ebriedad%20caus%C3%B3%20fatal%20accidente%20el%202017%20en%20Coyhaique' aria-hidden='false' data-av_icon='\ue8f3' data-av_iconfont='entypo-fontello' title='' data-avia-related-tooltip='Compartir en Facebook' rel=\"noopener\"><span class='avia_hidden_link_text'>Compartir en Facebook<\/span><\/a><\/li><li class='av-share-link av-social-link-twitter' ><a target=\"_blank\" aria-label=\"Compartir en Twitter\" href='https:\/\/twitter.com\/share?text=Corte%20confirma%20condena%20a%20joven%20que%20en%20estado%20de%20ebriedad%20caus%C3%B3%20fatal%20accidente%20el%202017%20en%20Coyhaique&#038;url=https:\/\/radiorevelacionfm.cl\/?p=31767' aria-hidden='false' data-av_icon='\ue8f1' data-av_iconfont='entypo-fontello' title='' data-avia-related-tooltip='Compartir en Twitter' rel=\"noopener\"><span class='avia_hidden_link_text'>Compartir en Twitter<\/span><\/a><\/li><li class='av-share-link av-social-link-whatsapp' ><a target=\"_blank\" aria-label=\"Compartir en Whatsapp\" href='https:\/\/api.whatsapp.com\/send?text=https:\/\/radiorevelacionfm.cl\/?p=31767' aria-hidden='false' data-av_icon='\uf232' data-av_iconfont='entypo-fontello' title='' data-avia-related-tooltip='Compartir en Whatsapp' rel=\"noopener\"><span class='avia_hidden_link_text'>Compartir en Whatsapp<\/span><\/a><\/li><li class='av-share-link av-social-link-linkedin' ><a target=\"_blank\" aria-label=\"Compartir en LinkedIn\" href='https:\/\/linkedin.com\/shareArticle?mini=true&#038;title=Corte%20confirma%20condena%20a%20joven%20que%20en%20estado%20de%20ebriedad%20caus%C3%B3%20fatal%20accidente%20el%202017%20en%20Coyhaique&#038;url=https:\/\/radiorevelacionfm.cl\/?p=31767' aria-hidden='false' data-av_icon='\ue8fc' data-av_iconfont='entypo-fontello' title='' data-avia-related-tooltip='Compartir en LinkedIn' rel=\"noopener\"><span class='avia_hidden_link_text'>Compartir en LinkedIn<\/span><\/a><\/li><li class='av-share-link av-social-link-mail' ><a  aria-label=\"Compartir por correo\" href='mailto:?subject=Corte%20confirma%20condena%20a%20joven%20que%20en%20estado%20de%20ebriedad%20caus%C3%B3%20fatal%20accidente%20el%202017%20en%20Coyhaique&#038;body=https:\/\/radiorevelacionfm.cl\/?p=31767' aria-hidden='false' data-av_icon='\ue805' data-av_iconfont='entypo-fontello' title='' data-avia-related-tooltip='Compartir por correo'><span class='avia_hidden_link_text'>Compartir por correo<\/span><\/a><\/li><\/ul><\/div><\/div>\n<div  style='height:50px' class='hr hr-invisible   avia-builder-el-8  el_after_av_social_share  el_before_av_comments_list '><span class='hr-inner ' ><span class='hr-inner-style'><\/span><\/span><\/div>\n<div  class='av-buildercomment  av-blog-meta-html-info-disabled av-blog-meta-tag-disabled  '><\/div>\n","protected":false},"excerpt":{"rendered":"","protected":false},"author":1,"featured_media":31768,"comment_status":"open","ping_status":"open","sticky":false,"template":"","format":"standard","meta":{"footnotes":""},"categories":[55],"tags":[],"class_list":["post-31767","post","type-post","status-publish","format-standard","has-post-thumbnail","hentry","category-justicia"],"jetpack_featured_media_url":"https:\/\/radiorevelacionfm.cl\/wp-content\/uploads\/2023\/06\/accidente-avda-ogana-2017-1_optimized.jpg","_links":{"self":[{"href":"https:\/\/radiorevelacionfm.cl\/index.php?rest_route=\/wp\/v2\/posts\/31767","targetHints":{"allow":["GET"]}}],"collection":[{"href":"https:\/\/radiorevelacionfm.cl\/index.php?rest_route=\/wp\/v2\/posts"}],"about":[{"href":"https:\/\/radiorevelacionfm.cl\/index.php?rest_route=\/wp\/v2\/types\/post"}],"author":[{"embeddable":true,"href":"https:\/\/radiorevelacionfm.cl\/index.php?rest_route=\/wp\/v2\/users\/1"}],"replies":[{"embeddable":true,"href":"https:\/\/radiorevelacionfm.cl\/index.php?rest_route=%2Fwp%2Fv2%2Fcomments&post=31767"}],"version-history":[{"count":1,"href":"https:\/\/radiorevelacionfm.cl\/index.php?rest_route=\/wp\/v2\/posts\/31767\/revisions"}],"predecessor-version":[{"id":31769,"href":"https:\/\/radiorevelacionfm.cl\/index.php?rest_route=\/wp\/v2\/posts\/31767\/revisions\/31769"}],"wp:featuredmedia":[{"embeddable":true,"href":"https:\/\/radiorevelacionfm.cl\/index.php?rest_route=\/wp\/v2\/media\/31768"}],"wp:attachment":[{"href":"https:\/\/radiorevelacionfm.cl\/index.php?rest_route=%2Fwp%2Fv2%2Fmedia&parent=31767"}],"wp:term":[{"taxonomy":"category","embeddable":true,"href":"https:\/\/radiorevelacionfm.cl\/index.php?rest_route=%2Fwp%2Fv2%2Fcategories&post=31767"},{"taxonomy":"post_tag","embeddable":true,"href":"https:\/\/radiorevelacionfm.cl\/index.php?rest_route=%2Fwp%2Fv2%2Ftags&post=31767"}],"curies":[{"name":"wp","href":"https:\/\/api.w.org\/{rel}","templated":true}]}}