{"id":31761,"date":"2023-06-07T13:00:12","date_gmt":"2023-06-07T16:00:12","guid":{"rendered":"https:\/\/radiorevelacionfm.cl\/?p=31761"},"modified":"2023-06-07T13:00:12","modified_gmt":"2023-06-07T16:00:12","slug":"inician-obras-de-construccion-para-nueva-central-de-vacunas-en-aysen","status":"publish","type":"post","link":"https:\/\/radiorevelacionfm.cl\/?p=31761","title":{"rendered":"Inician obras de construcci\u00f3n para nueva central de vacunas en Ays\u00e9n"},"content":{"rendered":"<div class=\"flex_column av_one_full  flex_column_div av-zero-column-padding first  avia-builder-el-0  el_before_av_one_full  avia-builder-el-first  \" style='border-radius:0px; '><div  class='avia-image-container  av-styling-    avia-builder-el-1  avia-builder-el-no-sibling  avia-align-center '  itemprop=\"image\" itemscope=\"itemscope\" itemtype=\"https:\/\/schema.org\/ImageObject\"  ><div class='avia-image-container-inner'><div class='avia-image-overlay-wrap'><img decoding=\"async\" class='wp-image-31762 avia-img-lazy-loading-not-31762 avia_image' src=\"https:\/\/radiorevelacionfm.cl\/wp-content\/uploads\/2023\/06\/equipo-dvi-minsal-1-1.jpeg\" alt='' title='equipo dvi - minsal (1) (1)' height=\"600\" width=\"800\"  itemprop=\"thumbnailUrl\" srcset=\"https:\/\/radiorevelacionfm.cl\/wp-content\/uploads\/2023\/06\/equipo-dvi-minsal-1-1.jpeg 800w, https:\/\/radiorevelacionfm.cl\/wp-content\/uploads\/2023\/06\/equipo-dvi-minsal-1-1-300x225.jpeg 300w, https:\/\/radiorevelacionfm.cl\/wp-content\/uploads\/2023\/06\/equipo-dvi-minsal-1-1-768x576.jpeg 768w, https:\/\/radiorevelacionfm.cl\/wp-content\/uploads\/2023\/06\/equipo-dvi-minsal-1-1-705x529.jpeg 705w, https:\/\/radiorevelacionfm.cl\/wp-content\/uploads\/2023\/06\/equipo-dvi-minsal-1-1-450x338.jpeg 450w, https:\/\/radiorevelacionfm.cl\/wp-content\/uploads\/2023\/06\/equipo-dvi-minsal-1-1-600x450.jpeg 600w\" sizes=\"(max-width: 800px) 100vw, 800px\" \/><\/div><\/div><\/div><\/div><div class=\"flex_column av_one_full  flex_column_div av-zero-column-padding first  avia-builder-el-2  el_after_av_one_full  el_before_av_one_full  column-top-margin\" style='border-radius:0px; '><section class=\"av_textblock_section \"  itemscope=\"itemscope\" itemtype=\"https:\/\/schema.org\/BlogPosting\" itemprop=\"blogPost\" ><div class='avia_textblock  '   itemprop=\"text\" ><p style=\"text-align: center;\"><strong><span style=\"font-size: 18pt;\">Inician obras de construcci\u00f3n para nueva central de vacunas en Ays\u00e9n<\/span><\/strong><\/p>\n<div id=\"gtx-trans\" style=\"position: absolute; left: -50px; top: 4.31534px;\">\n<div class=\"gtx-trans-icon\"><\/div>\n<\/div>\n<\/div><\/section><\/div><div class=\"flex_column av_one_full  flex_column_div av-zero-column-padding first  avia-builder-el-4  el_after_av_one_full  el_before_av_hr  column-top-margin\" style='border-radius:0px; '><section class=\"av_textblock_section \"  itemscope=\"itemscope\" itemtype=\"https:\/\/schema.org\/BlogPosting\" itemprop=\"blogPost\" ><div class='avia_textblock  '   itemprop=\"text\" ><p style=\"text-align: justify;\"><em>Con la entrega de terrenos, se dio inicio al proyecto que dejar\u00e1 a la regi\u00f3n con una c\u00e1mara de fr\u00edo de 20 metros cuadrados, aumentando considerablemente el almacenamiento de vacunas para la poblaci\u00f3n regional.<\/em><\/p>\n<p style=\"text-align: justify;\">Para el t\u00e9rmino de este a\u00f1o, se tiene contemplado la puesta en marcha de las nuevas dependencias del Dep\u00f3sito de Vacunas e Inmunoglobulinas (DVI) de la Seremi de Salud Ays\u00e9n, el cual ver\u00e1 aumentada su superficie de 15 a 150 metros cuadrados, las cuales albergar\u00e1n oficinas administrativas y una c\u00e1mara de fr\u00edo de mayor envergadura a la actual; cambios estructurales que permitir\u00e1n aumentar el almacenamiento de vacunas, asegurando el stock de estos insumos por m\u00e1s tiempo en la regi\u00f3n, un aspecto relevante considerando la situaci\u00f3n geogr\u00e1fica de Ays\u00e9n.<\/p>\n<p style=\"text-align: justify;\">Aspectos t\u00e9cnicos que fueron destacados por el Referente T\u00e9cnico del Ministerio de Salud, Gustavo Prado Araneda, quien entreg\u00f3 mayores detalles de este proyecto.\u00a0 \u201cLa superficie que esta considerada en este proyecto es de 150 metros cuadrados, cuyas obras deben estar ejecutadas en un plazo de 180 d\u00edas, esto involucra toda la remodelaci\u00f3n del \u00e1rea administrativa, donde adem\u00e1s se generan espacios para bodegas y el \u00e1rea de vacunas del DVI, que es una c\u00e1mara de fr\u00edo, adem\u00e1s de reparaciones a otras instalaciones.\u201d<\/p>\n<p style=\"text-align: justify;\">El proyecto, cuya inversi\u00f3n bordea los 200 millones de pesos, se transforma as\u00ed en un proyecto de alto impacto para la salud p\u00fablica de Ays\u00e9n, tal como lo manifest\u00f3 la Seremi de Salud, Carmen Monsalve G\u00f3mez.\u00a0 \u201cA nivel nacional, ten\u00edamos el dep\u00f3sito de vacunas m\u00e1s peque\u00f1o, donde en los \u00faltimos dos a\u00f1os de pandemia la cantidad de vacunas o el porcentaje de dosis que se manejaban aument\u00f3 a casi el 300%, entonces claramente necesitamos mejorar las condiciones de espacio.\u00a0 Este es un dep\u00f3sito que permite la log\u00edstica y abastecimiento de vacunas e inmunoglobulinas desde Lago Verde hasta Villa O\u201dHiggins, o sea a lo largo de toda la regi\u00f3n de Ays\u00e9n, por eso es tan importante contar con espacio adecuado, adem\u00e1s de tener a nuestras funcionarias en las mejores condiciones para que el trabajo realizado siga siendo de calidad\u201d, puntualiz\u00f3 la autoridad ministerial.<\/p>\n<p style=\"text-align: justify;\">Cabe se\u00f1alar que esta iniciativa contempla adem\u00e1s, el aumento en la superficie de la c\u00e1mara de fr\u00edo actual, pasando de 5 a 20 metros cuadrados, lo que viene a reafirmar la importancia de este proyecto para la central de vacunas, la cual durante el a\u00f1o 2022, logr\u00f3 distribuir m\u00e1s de 231 mil dosis de vacunas y diluyentes a los distintos establecimientos de salud, lo que se tradujo en un aumento de un 226% en la cantidad de distribuciones en comparaci\u00f3n al a\u00f1o 2020, a\u00f1o previo al comienzo de la pandemia por COVID-19.<\/p>\n<\/div><\/section><\/div><div  style='height:50px' class='hr hr-invisible   avia-builder-el-6  el_after_av_one_full  el_before_av_social_share '><span class='hr-inner ' ><span class='hr-inner-style'><\/span><\/span><\/div><\/p>\n<div  class='av-social-sharing-box  avia-builder-el-7  el_after_av_hr  el_before_av_hr  '><div class='av-share-box'><h5 class='av-share-link-description av-no-toc '>Compartir esta noticia<\/h5><ul class='av-share-box-list noLightbox'><li class='av-share-link av-social-link-facebook' ><a target=\"_blank\" aria-label=\"Compartir en Facebook\" href='https:\/\/www.facebook.com\/sharer.php?u=https:\/\/radiorevelacionfm.cl\/?p=31761&#038;t=Inician%20obras%20de%20construcci%C3%B3n%20para%20nueva%20central%20de%20vacunas%20en%20Ays%C3%A9n' aria-hidden='false' data-av_icon='\ue8f3' data-av_iconfont='entypo-fontello' title='' data-avia-related-tooltip='Compartir en Facebook' rel=\"noopener\"><span class='avia_hidden_link_text'>Compartir en Facebook<\/span><\/a><\/li><li class='av-share-link av-social-link-twitter' ><a target=\"_blank\" aria-label=\"Compartir en Twitter\" href='https:\/\/twitter.com\/share?text=Inician%20obras%20de%20construcci%C3%B3n%20para%20nueva%20central%20de%20vacunas%20en%20Ays%C3%A9n&#038;url=https:\/\/radiorevelacionfm.cl\/?p=31761' aria-hidden='false' data-av_icon='\ue8f1' data-av_iconfont='entypo-fontello' title='' data-avia-related-tooltip='Compartir en Twitter' rel=\"noopener\"><span class='avia_hidden_link_text'>Compartir en Twitter<\/span><\/a><\/li><li class='av-share-link av-social-link-whatsapp' ><a target=\"_blank\" aria-label=\"Compartir en Whatsapp\" href='https:\/\/api.whatsapp.com\/send?text=https:\/\/radiorevelacionfm.cl\/?p=31761' aria-hidden='false' data-av_icon='\uf232' data-av_iconfont='entypo-fontello' title='' data-avia-related-tooltip='Compartir en Whatsapp' rel=\"noopener\"><span class='avia_hidden_link_text'>Compartir en Whatsapp<\/span><\/a><\/li><li class='av-share-link av-social-link-linkedin' ><a target=\"_blank\" aria-label=\"Compartir en LinkedIn\" href='https:\/\/linkedin.com\/shareArticle?mini=true&#038;title=Inician%20obras%20de%20construcci%C3%B3n%20para%20nueva%20central%20de%20vacunas%20en%20Ays%C3%A9n&#038;url=https:\/\/radiorevelacionfm.cl\/?p=31761' aria-hidden='false' data-av_icon='\ue8fc' data-av_iconfont='entypo-fontello' title='' data-avia-related-tooltip='Compartir en LinkedIn' rel=\"noopener\"><span class='avia_hidden_link_text'>Compartir en LinkedIn<\/span><\/a><\/li><li class='av-share-link av-social-link-mail' ><a  aria-label=\"Compartir por correo\" href='mailto:?subject=Inician%20obras%20de%20construcci%C3%B3n%20para%20nueva%20central%20de%20vacunas%20en%20Ays%C3%A9n&#038;body=https:\/\/radiorevelacionfm.cl\/?p=31761' aria-hidden='false' data-av_icon='\ue805' data-av_iconfont='entypo-fontello' title='' data-avia-related-tooltip='Compartir por correo'><span class='avia_hidden_link_text'>Compartir por correo<\/span><\/a><\/li><\/ul><\/div><\/div>\n<div  style='height:50px' class='hr hr-invisible   avia-builder-el-8  el_after_av_social_share  el_before_av_comments_list '><span class='hr-inner ' ><span class='hr-inner-style'><\/span><\/span><\/div>\n<div  class='av-buildercomment  av-blog-meta-html-info-disabled av-blog-meta-tag-disabled  '><\/div>\n","protected":false},"excerpt":{"rendered":"","protected":false},"author":1,"featured_media":31762,"comment_status":"open","ping_status":"open","sticky":false,"template":"","format":"standard","meta":{"footnotes":""},"categories":[46],"tags":[],"class_list":["post-31761","post","type-post","status-publish","format-standard","has-post-thumbnail","hentry","category-salud"],"jetpack_featured_media_url":"https:\/\/radiorevelacionfm.cl\/wp-content\/uploads\/2023\/06\/equipo-dvi-minsal-1-1.jpeg","_links":{"self":[{"href":"https:\/\/radiorevelacionfm.cl\/index.php?rest_route=\/wp\/v2\/posts\/31761","targetHints":{"allow":["GET"]}}],"collection":[{"href":"https:\/\/radiorevelacionfm.cl\/index.php?rest_route=\/wp\/v2\/posts"}],"about":[{"href":"https:\/\/radiorevelacionfm.cl\/index.php?rest_route=\/wp\/v2\/types\/post"}],"author":[{"embeddable":true,"href":"https:\/\/radiorevelacionfm.cl\/index.php?rest_route=\/wp\/v2\/users\/1"}],"replies":[{"embeddable":true,"href":"https:\/\/radiorevelacionfm.cl\/index.php?rest_route=%2Fwp%2Fv2%2Fcomments&post=31761"}],"version-history":[{"count":1,"href":"https:\/\/radiorevelacionfm.cl\/index.php?rest_route=\/wp\/v2\/posts\/31761\/revisions"}],"predecessor-version":[{"id":31763,"href":"https:\/\/radiorevelacionfm.cl\/index.php?rest_route=\/wp\/v2\/posts\/31761\/revisions\/31763"}],"wp:featuredmedia":[{"embeddable":true,"href":"https:\/\/radiorevelacionfm.cl\/index.php?rest_route=\/wp\/v2\/media\/31762"}],"wp:attachment":[{"href":"https:\/\/radiorevelacionfm.cl\/index.php?rest_route=%2Fwp%2Fv2%2Fmedia&parent=31761"}],"wp:term":[{"taxonomy":"category","embeddable":true,"href":"https:\/\/radiorevelacionfm.cl\/index.php?rest_route=%2Fwp%2Fv2%2Fcategories&post=31761"},{"taxonomy":"post_tag","embeddable":true,"href":"https:\/\/radiorevelacionfm.cl\/index.php?rest_route=%2Fwp%2Fv2%2Ftags&post=31761"}],"curies":[{"name":"wp","href":"https:\/\/api.w.org\/{rel}","templated":true}]}}