{"id":31757,"date":"2023-06-07T11:53:13","date_gmt":"2023-06-07T14:53:13","guid":{"rendered":"https:\/\/radiorevelacionfm.cl\/?p=31757"},"modified":"2023-06-07T11:53:13","modified_gmt":"2023-06-07T14:53:13","slug":"avanzar-hacia-un-modelo-productivo-caprino-fue-eje-en-reunion-de-agricultura-con-comite-de-productores-as-de-rio-ibanez","status":"publish","type":"post","link":"https:\/\/radiorevelacionfm.cl\/?p=31757","title":{"rendered":"Avanzar hacia un modelo productivo caprino fue eje en reuni\u00f3n de Agricultura con Comit\u00e9 de Productores\/as de R\u00edo Ib\u00e1\u00f1ez"},"content":{"rendered":"<div class=\"flex_column av_one_full  flex_column_div av-zero-column-padding first  avia-builder-el-0  el_before_av_one_full  avia-builder-el-first  \" style='border-radius:0px; '><div  class='avia-image-container  av-styling-    avia-builder-el-1  avia-builder-el-no-sibling  avia-align-center '  itemprop=\"image\" itemscope=\"itemscope\" itemtype=\"https:\/\/schema.org\/ImageObject\"  ><div class='avia-image-container-inner'><div class='avia-image-overlay-wrap'><img decoding=\"async\" class='wp-image-31758 avia-img-lazy-loading-not-31758 avia_image' src=\"https:\/\/radiorevelacionfm.cl\/wp-content\/uploads\/2023\/06\/1z9a9725-1-1_optimized-1.jpg\" alt='' title='1z9a9725-(1)-(1)_optimized (1)' height=\"600\" width=\"900\"  itemprop=\"thumbnailUrl\" srcset=\"https:\/\/radiorevelacionfm.cl\/wp-content\/uploads\/2023\/06\/1z9a9725-1-1_optimized-1.jpg 900w, https:\/\/radiorevelacionfm.cl\/wp-content\/uploads\/2023\/06\/1z9a9725-1-1_optimized-1-300x200.jpg 300w, https:\/\/radiorevelacionfm.cl\/wp-content\/uploads\/2023\/06\/1z9a9725-1-1_optimized-1-768x512.jpg 768w, https:\/\/radiorevelacionfm.cl\/wp-content\/uploads\/2023\/06\/1z9a9725-1-1_optimized-1-705x470.jpg 705w, https:\/\/radiorevelacionfm.cl\/wp-content\/uploads\/2023\/06\/1z9a9725-1-1_optimized-1-450x300.jpg 450w, https:\/\/radiorevelacionfm.cl\/wp-content\/uploads\/2023\/06\/1z9a9725-1-1_optimized-1-600x400.jpg 600w\" sizes=\"(max-width: 900px) 100vw, 900px\" \/><\/div><\/div><\/div><\/div><div class=\"flex_column av_one_full  flex_column_div av-zero-column-padding first  avia-builder-el-2  el_after_av_one_full  el_before_av_one_full  column-top-margin\" style='border-radius:0px; '><section class=\"av_textblock_section \"  itemscope=\"itemscope\" itemtype=\"https:\/\/schema.org\/BlogPosting\" itemprop=\"blogPost\" ><div class='avia_textblock  '   itemprop=\"text\" ><p style=\"text-align: center;\"><strong><span style=\"font-size: 18pt;\">Avanzar hacia un modelo productivo caprino fue eje en reuni\u00f3n de Agricultura con Comit\u00e9 de Productores\/as de R\u00edo Ib\u00e1\u00f1ez<\/span><\/strong><\/p>\n<div id=\"gtx-trans\" style=\"position: absolute; left: -50px; top: 4.31534px;\">\n<div class=\"gtx-trans-icon\"><\/div>\n<\/div>\n<\/div><\/section><\/div><div class=\"flex_column av_one_full  flex_column_div av-zero-column-padding first  avia-builder-el-4  el_after_av_one_full  el_before_av_hr  column-top-margin\" style='border-radius:0px; '><section class=\"av_textblock_section \"  itemscope=\"itemscope\" itemtype=\"https:\/\/schema.org\/BlogPosting\" itemprop=\"blogPost\" ><div class='avia_textblock  '   itemprop=\"text\" ><p class=\"v1MsoNormal v1ContentPasted0\" style=\"text-align: justify;\">Una reuni\u00f3n cuyo objetivo principal fue analizar la propuesta de programa; \u00abFortalecimiento del Rubro Caprino en la AFC de la Regi\u00f3n de Ays\u00e9n\u00bb y coordinar las acciones a seguir fue la realizada este lunes en dependencias del INDAP de R\u00edo Ib\u00e1\u00f1ez.<b>\u00a0<\/b><\/p>\n<p class=\"v1MsoNormal v1ContentPasted0\" style=\"text-align: justify;\">En el encuentro se dio a conocer detalles del programa, que ser\u00e1 presentado a financiamiento al Gobierno Regional (GORE), que busca mejorar la agricultura familiar campesina en la regi\u00f3n, espec\u00edficamente en la cr\u00eda de cabras; brindando asesor\u00eda t\u00e9cnica a 30 familias productoras en la comuna de R\u00edo Ib\u00e1\u00f1ez, adem\u00e1s de intervenir otras familias en las comunas de Chile Chico, Coyhaique y Cochrane.<\/p>\n<p class=\"v1MsoNormal v1ContentPasted0\" style=\"text-align: justify;\">En este sentido, Ana Villagr\u00e1n M\u00e1rquez, presidenta de la organizaci\u00f3n que re\u00fane a 19 productores y productoras caprinos de la comuna, destac\u00f3 la reuni\u00f3n con el Seremi de Agricultura para avanzar en el desarrollo del rubro.<\/p>\n<p class=\"v1MsoNormal v1ContentPasted0\" style=\"text-align: justify;\">\u00abAntiguamente, a\u00f1os\u00a0atr\u00e1s, el rubro caprino no era tomado en cuenta. Entonces, empezamos a trabajar y como ten\u00edamos un buen asesor que nos apoy\u00f3\u00a0harto, igual que INDAP nos pudimos organizar como comit\u00e9 y ya estamos avanzando bastante bien. La conversaci\u00f3n estuvo buena y esperamos que se lleve a cabo nuestro proyecto y salga provechoso para todo nuestro comit\u00e9\u00bb, se\u00f1al\u00f3 la presidenta.<\/p>\n<p class=\"v1MsoNormal v1ContentPasted0\" style=\"text-align: justify;\">En este sentido, el Seremi Alan Espinoza Ortiz, destac\u00f3\u00a0la importancia de trabajar de manera conjunta con los productores y productoras caprinos de la regi\u00f3n, as\u00ed como con los diferentes actores involucrados en el \u00e1mbito caprino, como el Ministerio de Agricultura, INIA, INDAP, SAG, adem\u00e1s del IICA y las instituciones de formaci\u00f3n y universidades regionales. Esta colaboraci\u00f3n permitir\u00e1 maximizar el potencial de aprendizaje y promover el desarrollo sostenible del sector.<\/p>\n<p class=\"v1MsoNormal v1ContentPasted0\" style=\"text-align: justify;\">\u00abAcabamos de sostener una reuni\u00f3n de trabajo muy productiva, donde hemos estado viendo los puntos con el comit\u00e9 de peque\u00f1os productores caprinos de la comuna Ib\u00e1\u00f1ez, nos juntamos con su directiva, con su presidenta viendo cu\u00e1les son sus necesidades y c\u00f3mo podemos trabajar en conjunto en un programa de fortalecimiento que queremos presentar al Gobierno regional y su Consejo para que pueda ser discutido\u00bb, sostuvo el titular de agricultura.<\/p>\n<p class=\"v1MsoNormal v1ContentPasted0\" style=\"text-align: justify;\">El monto asignado para la implementaci\u00f3n de este programa asciende a $1.587.605, que ser\u00e1n destinados a la ejecuci\u00f3n de diferentes acciones para potenciar el desarrollo del rubro caprino en la regi\u00f3n de Ays\u00e9n.<\/p>\n<p class=\"v1MsoNormal v1ContentPasted0\" style=\"text-align: justify;\">El programa consta de cuatro componentes principales: el desarrollo de estrategias para una producci\u00f3n caprina sustentable, la focalizaci\u00f3n con instrumentos de fomento productivo, el desarrollo de una estrategia comercial y asociativa, y un plan de extensi\u00f3n para transferir los resultados del programa a las familias beneficiarias y promover su irradiaci\u00f3n.<\/p>\n<p class=\"v1MsoNormal v1ContentPasted0\" style=\"text-align: justify;\">En resumen, el programa \u00abFortalecimiento del Rubro Caprino en la AFC de la Regi\u00f3n de Ays\u00e9n\u00bb busca potenciar y desarrollar la agricultura familiar campesina en la cr\u00eda de cabras, mediante la entrega de asesor\u00eda t\u00e9cnica, promoci\u00f3n de asociatividad y formalizaci\u00f3n, transferencia de conocimientos y tecnolog\u00edas, capacitaciones y visitas de aprendizaje.<\/p>\n<\/div><\/section><\/div><div  style='height:50px' class='hr hr-invisible   avia-builder-el-6  el_after_av_one_full  el_before_av_social_share '><span class='hr-inner ' ><span class='hr-inner-style'><\/span><\/span><\/div><\/p>\n<div  class='av-social-sharing-box  avia-builder-el-7  el_after_av_hr  el_before_av_hr  '><div class='av-share-box'><h5 class='av-share-link-description av-no-toc '>Compartir esta noticia<\/h5><ul class='av-share-box-list noLightbox'><li class='av-share-link av-social-link-facebook' ><a target=\"_blank\" aria-label=\"Compartir en Facebook\" href='https:\/\/www.facebook.com\/sharer.php?u=https:\/\/radiorevelacionfm.cl\/?p=31757&#038;t=Avanzar%20hacia%20un%20modelo%20productivo%20caprino%20fue%20eje%20en%20reuni%C3%B3n%20de%20Agricultura%20con%20Comit%C3%A9%20de%20Productores%2Fas%20de%20R%C3%ADo%20Ib%C3%A1%C3%B1ez' aria-hidden='false' data-av_icon='\ue8f3' data-av_iconfont='entypo-fontello' title='' data-avia-related-tooltip='Compartir en Facebook' rel=\"noopener\"><span class='avia_hidden_link_text'>Compartir en Facebook<\/span><\/a><\/li><li class='av-share-link av-social-link-twitter' ><a target=\"_blank\" aria-label=\"Compartir en Twitter\" href='https:\/\/twitter.com\/share?text=Avanzar%20hacia%20un%20modelo%20productivo%20caprino%20fue%20eje%20en%20reuni%C3%B3n%20de%20Agricultura%20con%20Comit%C3%A9%20de%20Productores%2Fas%20de%20R%C3%ADo%20Ib%C3%A1%C3%B1ez&#038;url=https:\/\/radiorevelacionfm.cl\/?p=31757' aria-hidden='false' data-av_icon='\ue8f1' data-av_iconfont='entypo-fontello' title='' data-avia-related-tooltip='Compartir en Twitter' rel=\"noopener\"><span class='avia_hidden_link_text'>Compartir en Twitter<\/span><\/a><\/li><li class='av-share-link av-social-link-whatsapp' ><a target=\"_blank\" aria-label=\"Compartir en Whatsapp\" href='https:\/\/api.whatsapp.com\/send?text=https:\/\/radiorevelacionfm.cl\/?p=31757' aria-hidden='false' data-av_icon='\uf232' data-av_iconfont='entypo-fontello' title='' data-avia-related-tooltip='Compartir en Whatsapp' rel=\"noopener\"><span class='avia_hidden_link_text'>Compartir en Whatsapp<\/span><\/a><\/li><li class='av-share-link av-social-link-linkedin' ><a target=\"_blank\" aria-label=\"Compartir en LinkedIn\" href='https:\/\/linkedin.com\/shareArticle?mini=true&#038;title=Avanzar%20hacia%20un%20modelo%20productivo%20caprino%20fue%20eje%20en%20reuni%C3%B3n%20de%20Agricultura%20con%20Comit%C3%A9%20de%20Productores%2Fas%20de%20R%C3%ADo%20Ib%C3%A1%C3%B1ez&#038;url=https:\/\/radiorevelacionfm.cl\/?p=31757' aria-hidden='false' data-av_icon='\ue8fc' data-av_iconfont='entypo-fontello' title='' data-avia-related-tooltip='Compartir en LinkedIn' rel=\"noopener\"><span class='avia_hidden_link_text'>Compartir en LinkedIn<\/span><\/a><\/li><li class='av-share-link av-social-link-mail' ><a  aria-label=\"Compartir por correo\" href='mailto:?subject=Avanzar%20hacia%20un%20modelo%20productivo%20caprino%20fue%20eje%20en%20reuni%C3%B3n%20de%20Agricultura%20con%20Comit%C3%A9%20de%20Productores%2Fas%20de%20R%C3%ADo%20Ib%C3%A1%C3%B1ez&#038;body=https:\/\/radiorevelacionfm.cl\/?p=31757' aria-hidden='false' data-av_icon='\ue805' data-av_iconfont='entypo-fontello' title='' data-avia-related-tooltip='Compartir por correo'><span class='avia_hidden_link_text'>Compartir por correo<\/span><\/a><\/li><\/ul><\/div><\/div>\n<div  style='height:50px' class='hr hr-invisible   avia-builder-el-8  el_after_av_social_share  el_before_av_comments_list '><span class='hr-inner ' ><span class='hr-inner-style'><\/span><\/span><\/div>\n<div  class='av-buildercomment  av-blog-meta-html-info-disabled av-blog-meta-tag-disabled  '><\/div>\n","protected":false},"excerpt":{"rendered":"","protected":false},"author":1,"featured_media":31758,"comment_status":"open","ping_status":"open","sticky":false,"template":"","format":"standard","meta":{"footnotes":""},"categories":[58],"tags":[],"class_list":["post-31757","post","type-post","status-publish","format-standard","has-post-thumbnail","hentry","category-agricultura"],"jetpack_featured_media_url":"https:\/\/radiorevelacionfm.cl\/wp-content\/uploads\/2023\/06\/1z9a9725-1-1_optimized-1.jpg","_links":{"self":[{"href":"https:\/\/radiorevelacionfm.cl\/index.php?rest_route=\/wp\/v2\/posts\/31757","targetHints":{"allow":["GET"]}}],"collection":[{"href":"https:\/\/radiorevelacionfm.cl\/index.php?rest_route=\/wp\/v2\/posts"}],"about":[{"href":"https:\/\/radiorevelacionfm.cl\/index.php?rest_route=\/wp\/v2\/types\/post"}],"author":[{"embeddable":true,"href":"https:\/\/radiorevelacionfm.cl\/index.php?rest_route=\/wp\/v2\/users\/1"}],"replies":[{"embeddable":true,"href":"https:\/\/radiorevelacionfm.cl\/index.php?rest_route=%2Fwp%2Fv2%2Fcomments&post=31757"}],"version-history":[{"count":1,"href":"https:\/\/radiorevelacionfm.cl\/index.php?rest_route=\/wp\/v2\/posts\/31757\/revisions"}],"predecessor-version":[{"id":31759,"href":"https:\/\/radiorevelacionfm.cl\/index.php?rest_route=\/wp\/v2\/posts\/31757\/revisions\/31759"}],"wp:featuredmedia":[{"embeddable":true,"href":"https:\/\/radiorevelacionfm.cl\/index.php?rest_route=\/wp\/v2\/media\/31758"}],"wp:attachment":[{"href":"https:\/\/radiorevelacionfm.cl\/index.php?rest_route=%2Fwp%2Fv2%2Fmedia&parent=31757"}],"wp:term":[{"taxonomy":"category","embeddable":true,"href":"https:\/\/radiorevelacionfm.cl\/index.php?rest_route=%2Fwp%2Fv2%2Fcategories&post=31757"},{"taxonomy":"post_tag","embeddable":true,"href":"https:\/\/radiorevelacionfm.cl\/index.php?rest_route=%2Fwp%2Fv2%2Ftags&post=31757"}],"curies":[{"name":"wp","href":"https:\/\/api.w.org\/{rel}","templated":true}]}}