{"id":31754,"date":"2023-06-07T11:07:42","date_gmt":"2023-06-07T14:07:42","guid":{"rendered":"https:\/\/radiorevelacionfm.cl\/?p=31754"},"modified":"2023-06-07T11:07:42","modified_gmt":"2023-06-07T14:07:42","slug":"raul-marin-balmaceda-celebro-el-otono-e-inauguro-segunda-etapa-de-su-ruta-patrimonial","status":"publish","type":"post","link":"https:\/\/radiorevelacionfm.cl\/?p=31754","title":{"rendered":"Ra\u00fal Mar\u00edn Balmaceda celebr\u00f3 el oto\u00f1o e inaugur\u00f3 segunda etapa de su Ruta Patrimonial"},"content":{"rendered":"<div class=\"flex_column av_one_full  flex_column_div av-zero-column-padding first  avia-builder-el-0  el_before_av_one_full  avia-builder-el-first  \" style='border-radius:0px; '><div  class='avia-image-container  av-styling-    avia-builder-el-1  avia-builder-el-no-sibling  avia-align-center '  itemprop=\"image\" itemscope=\"itemscope\" itemtype=\"https:\/\/schema.org\/ImageObject\"  ><div class='avia-image-container-inner'><div class='avia-image-overlay-wrap'><img decoding=\"async\" class='wp-image-31755 avia-img-lazy-loading-not-31755 avia_image' src=\"https:\/\/radiorevelacionfm.cl\/wp-content\/uploads\/2023\/06\/paseo-festival-de-otono-1_optimized.jpeg\" alt='' title='paseo-festival-de-oto\u00f1o-(1)_optimized' height=\"600\" width=\"800\"  itemprop=\"thumbnailUrl\" srcset=\"https:\/\/radiorevelacionfm.cl\/wp-content\/uploads\/2023\/06\/paseo-festival-de-otono-1_optimized.jpeg 800w, https:\/\/radiorevelacionfm.cl\/wp-content\/uploads\/2023\/06\/paseo-festival-de-otono-1_optimized-300x225.jpeg 300w, https:\/\/radiorevelacionfm.cl\/wp-content\/uploads\/2023\/06\/paseo-festival-de-otono-1_optimized-768x576.jpeg 768w, https:\/\/radiorevelacionfm.cl\/wp-content\/uploads\/2023\/06\/paseo-festival-de-otono-1_optimized-705x529.jpeg 705w, https:\/\/radiorevelacionfm.cl\/wp-content\/uploads\/2023\/06\/paseo-festival-de-otono-1_optimized-450x338.jpeg 450w, https:\/\/radiorevelacionfm.cl\/wp-content\/uploads\/2023\/06\/paseo-festival-de-otono-1_optimized-600x450.jpeg 600w\" sizes=\"(max-width: 800px) 100vw, 800px\" \/><\/div><\/div><\/div><\/div><div class=\"flex_column av_one_full  flex_column_div av-zero-column-padding first  avia-builder-el-2  el_after_av_one_full  el_before_av_one_full  column-top-margin\" style='border-radius:0px; '><section class=\"av_textblock_section \"  itemscope=\"itemscope\" itemtype=\"https:\/\/schema.org\/BlogPosting\" itemprop=\"blogPost\" ><div class='avia_textblock  '   itemprop=\"text\" ><p style=\"text-align: center;\"><strong><span style=\"font-size: 18pt;\">Ra\u00fal Mar\u00edn Balmaceda celebr\u00f3 el oto\u00f1o e inaugur\u00f3 segunda etapa de su Ruta Patrimonial<\/span><\/strong><\/p>\n<div id=\"gtx-trans\" style=\"position: absolute; left: -50px; top: 4.31534px;\">\n<div class=\"gtx-trans-icon\"><\/div>\n<\/div>\n<\/div><\/section><\/div><div class=\"flex_column av_one_full  flex_column_div av-zero-column-padding first  avia-builder-el-4  el_after_av_one_full  el_before_av_hr  column-top-margin\" style='border-radius:0px; '><section class=\"av_textblock_section \"  itemscope=\"itemscope\" itemtype=\"https:\/\/schema.org\/BlogPosting\" itemprop=\"blogPost\" ><div class='avia_textblock  '   itemprop=\"text\" ><p style=\"text-align: justify;\">Variados concursos de ilustraci\u00f3n, fotograf\u00eda, disfraces y hasta gastronom\u00eda que representara la estaci\u00f3n de oto\u00f1o tuvo esta festividad, organizada por la Asociaci\u00f3n Gremial de Turismo de la localidad con financiamiento del programa de Fortalecimiento Gremial de Sercotec 2022, que a pesar de lluvia reuni\u00f3 a locales y visitantes. Junto a estas actividades hubo interesantes charlas enfocadas en bosques marinos y terrestres a cargo de profesionales de la localidad y el Centro de Investigaci\u00f3n en Ecosistemas de la Patagonia (CIEP). En ese contexto el festival tuvo como actividad de inicio la inauguraci\u00f3n de la segunda etapa de la Ruta Patrimonial.<\/p>\n<p style=\"text-align: justify;\">\u201cDesde Culturas Ays\u00e9n queremos relevar el gran trabajo que han realizado para poder cimentar la Ruta Patrimonial de la localidad. Es esta segunda oportunidad y en esta segunda etapa se construyeron dos nuevas estaciones de la ruta, uno que hace alusi\u00f3n a los agricultores y la pesca artesanal para poder relevar los procesos socioproductivos correspondientes a la \u00e9poca de los a\u00f1os sesenta y los ochenta. Es importante mencionar que estos dos procesos involucran la gran mayor\u00eda de los adultos que a\u00fan hoy residen en la comunidad por lo que el levantamiento de la informaci\u00f3n se realiza en gran medida desde la memoria oral. Esta ruta se emplaza como un recordatorio para las generaciones actuales y futuras de la importancia que tiene la salvaguarda del patrimonio para el fortalecimiento de la identidad local y el arraigo con el territorio\u201d, destac\u00f3 el Seremi del Ministerio de las Culturas, las Artes y el Patrimonio de la regi\u00f3n de Ays\u00e9n, Felipe Quiroz.<\/p>\n<p style=\"text-align: justify;\">\u201cLas actividades se realizaron en el gimnasio municipal de la localidad, espacio que reuni\u00f3 a diversas artesanas de nuestra comunidad y de La Junta con hermosos trabajos en tejidos de lana y tambi\u00e9n de fibras vegetales, como manila, lo que contribuye a fomentar las econom\u00edas locales en temporada baja. Realizamos tambi\u00e9n tres salidas de observaci\u00f3n de hongos, junto a Dinelly Soto, recolectora y divulgadora cient\u00edfica enfocada en el Reino Fungi para fomentar la educaci\u00f3n ambiental a trav\u00e9s del reconocimiento de especies comestibles y su diversidad para potenciar un turismo de intereses especiales, gastronom\u00eda y valoraci\u00f3n de nuestro patrimonio natural y cultural\u201d, comenta la presidenta de la AG de turismo y responsable a cargo del proyecto Fondart, Alejandra Gonz\u00e1lez.<\/p>\n<p style=\"text-align: justify;\">\u201cRealizamos tambi\u00e9n un paseo guiado con los estudiantes de la escuela local, en el marco de la semana de los patrimonios, donde el principal objetivo es que nuestros j\u00f3venes puedan conocer en profundidad la historia y procesos que ha vivido el pueblo que habitan y c\u00f3mo sus familias han sido parte integral de este desarrollo comunitario, a fin de ir fortaleciendo el arraigo territorial en para las nuevas generaciones, enfatiz\u00f3 Nathalie Brito miembro de Mujer Austral.<\/p>\n<\/div><\/section><\/div><div  style='height:50px' class='hr hr-invisible   avia-builder-el-6  el_after_av_one_full  el_before_av_social_share '><span class='hr-inner ' ><span class='hr-inner-style'><\/span><\/span><\/div><\/p>\n<div  class='av-social-sharing-box  avia-builder-el-7  el_after_av_hr  el_before_av_hr  '><div class='av-share-box'><h5 class='av-share-link-description av-no-toc '>Compartir esta noticia<\/h5><ul class='av-share-box-list noLightbox'><li class='av-share-link av-social-link-facebook' ><a target=\"_blank\" aria-label=\"Compartir en Facebook\" href='https:\/\/www.facebook.com\/sharer.php?u=https:\/\/radiorevelacionfm.cl\/?p=31754&#038;t=Ra%C3%BAl%20Mar%C3%ADn%20Balmaceda%20celebr%C3%B3%20el%20oto%C3%B1o%20e%20inaugur%C3%B3%20segunda%20etapa%20de%20su%20Ruta%20Patrimonial' aria-hidden='false' data-av_icon='\ue8f3' data-av_iconfont='entypo-fontello' title='' data-avia-related-tooltip='Compartir en Facebook' rel=\"noopener\"><span class='avia_hidden_link_text'>Compartir en Facebook<\/span><\/a><\/li><li class='av-share-link av-social-link-twitter' ><a target=\"_blank\" aria-label=\"Compartir en Twitter\" href='https:\/\/twitter.com\/share?text=Ra%C3%BAl%20Mar%C3%ADn%20Balmaceda%20celebr%C3%B3%20el%20oto%C3%B1o%20e%20inaugur%C3%B3%20segunda%20etapa%20de%20su%20Ruta%20Patrimonial&#038;url=https:\/\/radiorevelacionfm.cl\/?p=31754' aria-hidden='false' data-av_icon='\ue8f1' data-av_iconfont='entypo-fontello' title='' data-avia-related-tooltip='Compartir en Twitter' rel=\"noopener\"><span class='avia_hidden_link_text'>Compartir en Twitter<\/span><\/a><\/li><li class='av-share-link av-social-link-whatsapp' ><a target=\"_blank\" aria-label=\"Compartir en Whatsapp\" href='https:\/\/api.whatsapp.com\/send?text=https:\/\/radiorevelacionfm.cl\/?p=31754' aria-hidden='false' data-av_icon='\uf232' data-av_iconfont='entypo-fontello' title='' data-avia-related-tooltip='Compartir en Whatsapp' rel=\"noopener\"><span class='avia_hidden_link_text'>Compartir en Whatsapp<\/span><\/a><\/li><li class='av-share-link av-social-link-linkedin' ><a target=\"_blank\" aria-label=\"Compartir en LinkedIn\" href='https:\/\/linkedin.com\/shareArticle?mini=true&#038;title=Ra%C3%BAl%20Mar%C3%ADn%20Balmaceda%20celebr%C3%B3%20el%20oto%C3%B1o%20e%20inaugur%C3%B3%20segunda%20etapa%20de%20su%20Ruta%20Patrimonial&#038;url=https:\/\/radiorevelacionfm.cl\/?p=31754' aria-hidden='false' data-av_icon='\ue8fc' data-av_iconfont='entypo-fontello' title='' data-avia-related-tooltip='Compartir en LinkedIn' rel=\"noopener\"><span class='avia_hidden_link_text'>Compartir en LinkedIn<\/span><\/a><\/li><li class='av-share-link av-social-link-mail' ><a  aria-label=\"Compartir por correo\" href='mailto:?subject=Ra%C3%BAl%20Mar%C3%ADn%20Balmaceda%20celebr%C3%B3%20el%20oto%C3%B1o%20e%20inaugur%C3%B3%20segunda%20etapa%20de%20su%20Ruta%20Patrimonial&#038;body=https:\/\/radiorevelacionfm.cl\/?p=31754' aria-hidden='false' data-av_icon='\ue805' data-av_iconfont='entypo-fontello' title='' data-avia-related-tooltip='Compartir por correo'><span class='avia_hidden_link_text'>Compartir por correo<\/span><\/a><\/li><\/ul><\/div><\/div>\n<div  style='height:50px' class='hr hr-invisible   avia-builder-el-8  el_after_av_social_share  el_before_av_comments_list '><span class='hr-inner ' ><span class='hr-inner-style'><\/span><\/span><\/div>\n<div  class='av-buildercomment  av-blog-meta-html-info-disabled av-blog-meta-tag-disabled  '><\/div>\n","protected":false},"excerpt":{"rendered":"","protected":false},"author":1,"featured_media":31755,"comment_status":"open","ping_status":"open","sticky":false,"template":"","format":"standard","meta":{"footnotes":""},"categories":[38],"tags":[],"class_list":["post-31754","post","type-post","status-publish","format-standard","has-post-thumbnail","hentry","category-regional"],"jetpack_featured_media_url":"https:\/\/radiorevelacionfm.cl\/wp-content\/uploads\/2023\/06\/paseo-festival-de-otono-1_optimized.jpeg","_links":{"self":[{"href":"https:\/\/radiorevelacionfm.cl\/index.php?rest_route=\/wp\/v2\/posts\/31754","targetHints":{"allow":["GET"]}}],"collection":[{"href":"https:\/\/radiorevelacionfm.cl\/index.php?rest_route=\/wp\/v2\/posts"}],"about":[{"href":"https:\/\/radiorevelacionfm.cl\/index.php?rest_route=\/wp\/v2\/types\/post"}],"author":[{"embeddable":true,"href":"https:\/\/radiorevelacionfm.cl\/index.php?rest_route=\/wp\/v2\/users\/1"}],"replies":[{"embeddable":true,"href":"https:\/\/radiorevelacionfm.cl\/index.php?rest_route=%2Fwp%2Fv2%2Fcomments&post=31754"}],"version-history":[{"count":1,"href":"https:\/\/radiorevelacionfm.cl\/index.php?rest_route=\/wp\/v2\/posts\/31754\/revisions"}],"predecessor-version":[{"id":31756,"href":"https:\/\/radiorevelacionfm.cl\/index.php?rest_route=\/wp\/v2\/posts\/31754\/revisions\/31756"}],"wp:featuredmedia":[{"embeddable":true,"href":"https:\/\/radiorevelacionfm.cl\/index.php?rest_route=\/wp\/v2\/media\/31755"}],"wp:attachment":[{"href":"https:\/\/radiorevelacionfm.cl\/index.php?rest_route=%2Fwp%2Fv2%2Fmedia&parent=31754"}],"wp:term":[{"taxonomy":"category","embeddable":true,"href":"https:\/\/radiorevelacionfm.cl\/index.php?rest_route=%2Fwp%2Fv2%2Fcategories&post=31754"},{"taxonomy":"post_tag","embeddable":true,"href":"https:\/\/radiorevelacionfm.cl\/index.php?rest_route=%2Fwp%2Fv2%2Ftags&post=31754"}],"curies":[{"name":"wp","href":"https:\/\/api.w.org\/{rel}","templated":true}]}}