{"id":31749,"date":"2023-06-07T16:55:36","date_gmt":"2023-06-07T19:55:36","guid":{"rendered":"https:\/\/radiorevelacionfm.cl\/?p=31749"},"modified":"2023-06-07T16:55:36","modified_gmt":"2023-06-07T19:55:36","slug":"guaitecas-comenzo-a-trabajar-en-la-actualizacion-de-su-plan-comunal-de-emergencias","status":"publish","type":"post","link":"https:\/\/radiorevelacionfm.cl\/?p=31749","title":{"rendered":"Guaitecas comenz\u00f3 a trabajar en la actualizaci\u00f3n de su plan comunal de emergencias"},"content":{"rendered":"<div class=\"flex_column av_one_full  flex_column_div av-zero-column-padding first  avia-builder-el-0  el_before_av_one_full  avia-builder-el-first  \" style='border-radius:0px; '><div  class='avia-image-container  av-styling-    avia-builder-el-1  avia-builder-el-no-sibling  avia-align-center '  itemprop=\"image\" itemscope=\"itemscope\" itemtype=\"https:\/\/schema.org\/ImageObject\"  ><div class='avia-image-container-inner'><div class='avia-image-overlay-wrap'><img decoding=\"async\" class='wp-image-31750 avia-img-lazy-loading-not-31750 avia_image' src=\"https:\/\/radiorevelacionfm.cl\/wp-content\/uploads\/2023\/06\/Claudio-Henriquez-reunion-emergencia-1-1.jpg\" alt='' title='Claudio-Henriquez-reunion-emergencia (1) (1)' height=\"600\" width=\"901\"  itemprop=\"thumbnailUrl\" srcset=\"https:\/\/radiorevelacionfm.cl\/wp-content\/uploads\/2023\/06\/Claudio-Henriquez-reunion-emergencia-1-1.jpg 901w, https:\/\/radiorevelacionfm.cl\/wp-content\/uploads\/2023\/06\/Claudio-Henriquez-reunion-emergencia-1-1-300x200.jpg 300w, https:\/\/radiorevelacionfm.cl\/wp-content\/uploads\/2023\/06\/Claudio-Henriquez-reunion-emergencia-1-1-768x511.jpg 768w, https:\/\/radiorevelacionfm.cl\/wp-content\/uploads\/2023\/06\/Claudio-Henriquez-reunion-emergencia-1-1-705x469.jpg 705w, https:\/\/radiorevelacionfm.cl\/wp-content\/uploads\/2023\/06\/Claudio-Henriquez-reunion-emergencia-1-1-450x300.jpg 450w, https:\/\/radiorevelacionfm.cl\/wp-content\/uploads\/2023\/06\/Claudio-Henriquez-reunion-emergencia-1-1-600x400.jpg 600w\" sizes=\"(max-width: 901px) 100vw, 901px\" \/><\/div><\/div><\/div><\/div><div class=\"flex_column av_one_full  flex_column_div av-zero-column-padding first  avia-builder-el-2  el_after_av_one_full  el_before_av_one_full  column-top-margin\" style='border-radius:0px; '><section class=\"av_textblock_section \"  itemscope=\"itemscope\" itemtype=\"https:\/\/schema.org\/BlogPosting\" itemprop=\"blogPost\" ><div class='avia_textblock  '   itemprop=\"text\" ><p style=\"text-align: center;\"><strong><span style=\"font-size: 18pt;\">Guaitecas comenz\u00f3 a trabajar en la actualizaci\u00f3n de su plan comunal de emergencias<\/span><\/strong><\/p>\n<div id=\"gtx-trans\" style=\"position: absolute; left: -50px; top: 4.31534px;\">\n<div class=\"gtx-trans-icon\"><\/div>\n<\/div>\n<\/div><\/section><\/div><div class=\"flex_column av_one_full  flex_column_div av-zero-column-padding first  avia-builder-el-4  el_after_av_one_full  el_before_av_hr  column-top-margin\" style='border-radius:0px; '><section class=\"av_textblock_section \"  itemscope=\"itemscope\" itemtype=\"https:\/\/schema.org\/BlogPosting\" itemprop=\"blogPost\" ><div class='avia_textblock  '   itemprop=\"text\" ><p style=\"text-align: justify;\">La Municipalidad de Guaitecas est\u00e1 liderando en la comuna el proceso de actualizaci\u00f3n del Plan Comunal de Emergencia, instrumento de coordinaci\u00f3n y planificaci\u00f3n que debe ponerse al d\u00eda dados los cambios en la institucionalidad nacional en torno a la prevenci\u00f3n de emergencias y desastres, que cre\u00f3 Sistema Nacional de Prevenci\u00f3n y Respuesta ante Desastres, en reemplazo de la Oficina Nacional de Emergencias.<\/p>\n<p style=\"text-align: justify;\">Esta necesidad se manifest\u00f3 adem\u00e1s tras los \u00faltimos episodios cr\u00edticos vividos en la comuna producto de frentes del mal tempo y los problemas asociados a la interrupci\u00f3n parcial del suministro el\u00e9ctrico en Guaitecas.<\/p>\n<p style=\"text-align: justify;\">A esta tarea se han sumado instituciones como La Armada, Carabineros, Bomberos, la posta de salud, la planta el\u00e9ctrica y el municipio de Guaitecas, como lo destac\u00f3 Claudio Henr\u00edquez, director de desarrollo comunitario del municipio.<\/p>\n<p style=\"text-align: justify;\">\u201cTenemos un tremendo desaf\u00edo, que es actualizar nuestro Plan de Emergencias Comunal, pues hasta el a\u00f1o pasado exist\u00eda la Oficina Nacional de Emergencias, pero la institucionalidad p\u00fablica cambi\u00f3 y ahora existe el Sistema Nacional de Prevenci\u00f3n y Respuesta ante Desastres y vamos a poner al d\u00eda nuestro principal instrumento de para atender emergencias y estar acorde a la nueva normativa\u201d, dijo el directivo municipal, quien a\u00f1adi\u00f3 que el objetivo de este plan es mejorar la respuesta local a diversos tipos de emergencias y situaciones de riesgo para la comunidad.<\/p>\n<p style=\"text-align: justify;\">Claudio Henr\u00edquez indic\u00f3 tambi\u00e9n que el Plan de Emergencia Comunal debe establecer con claridad protocolos y procedimientos ante diversas emergencias que se pueden suscitar en la comuna.<\/p>\n<p style=\"text-align: justify;\">\u201cUna vez que tengamos definida la parte medular, la l\u00ednea gruesa de este plan de emergencias, vamos a generar los diferentes protocolos para atender las distintas instancias de riesgo o emergencias que nos toque atender; ll\u00e1mense incendios, tsunamis, accidentes de tr\u00e1nsito y que nos va a permitir ser m\u00e1s finos en las coordinaciones y ocupar de mejor manera los recursos que existentes en la isla y adem\u00e1s este acercamiento con varias instituciones nos ha permitido ver algunos nudos cr\u00edticos que antes no se visualizaban con tanta claridad\u201d, dijo Henr\u00edquez, quien a\u00f1adi\u00f3 que uno de los problemas a abordar es el de las telecomunicaciones en la comuna, dotando a las instituciones llamadas a atender emergencias de equipos aut\u00f3nomos de comunicaciones y a la vez que los servicios de telefon\u00eda m\u00f3vil que se ofrecen a los vecinos de Guaitecas sigan operando cuando el suministro el\u00e9ctrico es suspendido, instalando generadores aut\u00f3nomos en sus plantas y antenas.<\/p>\n<p style=\"text-align: justify;\">En relaci\u00f3n a la actualizaci\u00f3n de Plan Comunal de Emergencias, el municipio de Guaitecas, indic\u00f3 Claudio Henr\u00edquez, presentar\u00e1 una propuesta a diversas instituciones para que ellas viertan en el instrumento sus particulares experticias y adem\u00e1s se socializar\u00e1 con la comunidad para que el instrumento sea validado y que sirva para enfrentar adecuada y oportunamente eventuales emergencias, desastres y otras situaciones de riesgo que pueda vivir la comunidad.<\/p>\n<\/div><\/section><\/div><div  style='height:50px' class='hr hr-invisible   avia-builder-el-6  el_after_av_one_full  el_before_av_social_share '><span class='hr-inner ' ><span class='hr-inner-style'><\/span><\/span><\/div><\/p>\n<div  class='av-social-sharing-box  avia-builder-el-7  el_after_av_hr  el_before_av_hr  '><div class='av-share-box'><h5 class='av-share-link-description av-no-toc '>Compartir esta noticia<\/h5><ul class='av-share-box-list noLightbox'><li class='av-share-link av-social-link-facebook' ><a target=\"_blank\" aria-label=\"Compartir en Facebook\" href='https:\/\/www.facebook.com\/sharer.php?u=https:\/\/radiorevelacionfm.cl\/?p=31749&#038;t=Guaitecas%20comenz%C3%B3%20a%20trabajar%20en%20la%20actualizaci%C3%B3n%20de%20su%20plan%20comunal%20de%20emergencias' aria-hidden='false' data-av_icon='\ue8f3' data-av_iconfont='entypo-fontello' title='' data-avia-related-tooltip='Compartir en Facebook' rel=\"noopener\"><span class='avia_hidden_link_text'>Compartir en Facebook<\/span><\/a><\/li><li class='av-share-link av-social-link-twitter' ><a target=\"_blank\" aria-label=\"Compartir en Twitter\" href='https:\/\/twitter.com\/share?text=Guaitecas%20comenz%C3%B3%20a%20trabajar%20en%20la%20actualizaci%C3%B3n%20de%20su%20plan%20comunal%20de%20emergencias&#038;url=https:\/\/radiorevelacionfm.cl\/?p=31749' aria-hidden='false' data-av_icon='\ue8f1' data-av_iconfont='entypo-fontello' title='' data-avia-related-tooltip='Compartir en Twitter' rel=\"noopener\"><span class='avia_hidden_link_text'>Compartir en Twitter<\/span><\/a><\/li><li class='av-share-link av-social-link-whatsapp' ><a target=\"_blank\" aria-label=\"Compartir en Whatsapp\" href='https:\/\/api.whatsapp.com\/send?text=https:\/\/radiorevelacionfm.cl\/?p=31749' aria-hidden='false' data-av_icon='\uf232' data-av_iconfont='entypo-fontello' title='' data-avia-related-tooltip='Compartir en Whatsapp' rel=\"noopener\"><span class='avia_hidden_link_text'>Compartir en Whatsapp<\/span><\/a><\/li><li class='av-share-link av-social-link-linkedin' ><a target=\"_blank\" aria-label=\"Compartir en LinkedIn\" href='https:\/\/linkedin.com\/shareArticle?mini=true&#038;title=Guaitecas%20comenz%C3%B3%20a%20trabajar%20en%20la%20actualizaci%C3%B3n%20de%20su%20plan%20comunal%20de%20emergencias&#038;url=https:\/\/radiorevelacionfm.cl\/?p=31749' aria-hidden='false' data-av_icon='\ue8fc' data-av_iconfont='entypo-fontello' title='' data-avia-related-tooltip='Compartir en LinkedIn' rel=\"noopener\"><span class='avia_hidden_link_text'>Compartir en LinkedIn<\/span><\/a><\/li><li class='av-share-link av-social-link-mail' ><a  aria-label=\"Compartir por correo\" href='mailto:?subject=Guaitecas%20comenz%C3%B3%20a%20trabajar%20en%20la%20actualizaci%C3%B3n%20de%20su%20plan%20comunal%20de%20emergencias&#038;body=https:\/\/radiorevelacionfm.cl\/?p=31749' aria-hidden='false' data-av_icon='\ue805' data-av_iconfont='entypo-fontello' title='' data-avia-related-tooltip='Compartir por correo'><span class='avia_hidden_link_text'>Compartir por correo<\/span><\/a><\/li><\/ul><\/div><\/div>\n<div  style='height:50px' class='hr hr-invisible   avia-builder-el-8  el_after_av_social_share  el_before_av_comments_list '><span class='hr-inner ' ><span class='hr-inner-style'><\/span><\/span><\/div>\n<div  class='av-buildercomment  av-blog-meta-html-info-disabled av-blog-meta-tag-disabled  '><\/div>\n","protected":false},"excerpt":{"rendered":"","protected":false},"author":1,"featured_media":31750,"comment_status":"open","ping_status":"open","sticky":false,"template":"","format":"standard","meta":{"footnotes":""},"categories":[38],"tags":[],"class_list":["post-31749","post","type-post","status-publish","format-standard","has-post-thumbnail","hentry","category-regional"],"jetpack_featured_media_url":"https:\/\/radiorevelacionfm.cl\/wp-content\/uploads\/2023\/06\/Claudio-Henriquez-reunion-emergencia-1-1.jpg","_links":{"self":[{"href":"https:\/\/radiorevelacionfm.cl\/index.php?rest_route=\/wp\/v2\/posts\/31749","targetHints":{"allow":["GET"]}}],"collection":[{"href":"https:\/\/radiorevelacionfm.cl\/index.php?rest_route=\/wp\/v2\/posts"}],"about":[{"href":"https:\/\/radiorevelacionfm.cl\/index.php?rest_route=\/wp\/v2\/types\/post"}],"author":[{"embeddable":true,"href":"https:\/\/radiorevelacionfm.cl\/index.php?rest_route=\/wp\/v2\/users\/1"}],"replies":[{"embeddable":true,"href":"https:\/\/radiorevelacionfm.cl\/index.php?rest_route=%2Fwp%2Fv2%2Fcomments&post=31749"}],"version-history":[{"count":1,"href":"https:\/\/radiorevelacionfm.cl\/index.php?rest_route=\/wp\/v2\/posts\/31749\/revisions"}],"predecessor-version":[{"id":31751,"href":"https:\/\/radiorevelacionfm.cl\/index.php?rest_route=\/wp\/v2\/posts\/31749\/revisions\/31751"}],"wp:featuredmedia":[{"embeddable":true,"href":"https:\/\/radiorevelacionfm.cl\/index.php?rest_route=\/wp\/v2\/media\/31750"}],"wp:attachment":[{"href":"https:\/\/radiorevelacionfm.cl\/index.php?rest_route=%2Fwp%2Fv2%2Fmedia&parent=31749"}],"wp:term":[{"taxonomy":"category","embeddable":true,"href":"https:\/\/radiorevelacionfm.cl\/index.php?rest_route=%2Fwp%2Fv2%2Fcategories&post=31749"},{"taxonomy":"post_tag","embeddable":true,"href":"https:\/\/radiorevelacionfm.cl\/index.php?rest_route=%2Fwp%2Fv2%2Ftags&post=31749"}],"curies":[{"name":"wp","href":"https:\/\/api.w.org\/{rel}","templated":true}]}}