{"id":31732,"date":"2023-06-07T17:28:19","date_gmt":"2023-06-07T20:28:19","guid":{"rendered":"https:\/\/radiorevelacionfm.cl\/?p=31732"},"modified":"2023-06-07T17:28:19","modified_gmt":"2023-06-07T20:28:19","slug":"sandoval-por-parcelaciones-me-parece-bien-que-se-abran-todos-los-dialogos-posibles-porque-es-un-tema-muy-controversial","status":"publish","type":"post","link":"https:\/\/radiorevelacionfm.cl\/?p=31732","title":{"rendered":"Sandoval por parcelaciones: \u201cMe parece bien que se abran todos los di\u00e1logos posibles, porque es un tema muy controversial\u201d"},"content":{"rendered":"<div class=\"flex_column av_one_full  flex_column_div av-zero-column-padding first  avia-builder-el-0  el_before_av_one_full  avia-builder-el-first  \" style='border-radius:0px; '><div  class='avia-image-container  av-styling-    avia-builder-el-1  avia-builder-el-no-sibling  avia-align-center '  itemprop=\"image\" itemscope=\"itemscope\" itemtype=\"https:\/\/schema.org\/ImageObject\"  ><div class='avia-image-container-inner'><div class='avia-image-overlay-wrap'><img decoding=\"async\" class='wp-image-18109 avia-img-lazy-loading-not-18109 avia_image' src=\"https:\/\/radiorevelacionfm.cl\/wp-content\/uploads\/2022\/06\/Sandoval_archivo1-1-1-1.jpg\" alt='' title='Sandoval_archivo1-1 (1) (1)' height=\"600\" width=\"901\"  itemprop=\"thumbnailUrl\" srcset=\"https:\/\/radiorevelacionfm.cl\/wp-content\/uploads\/2022\/06\/Sandoval_archivo1-1-1-1.jpg 901w, https:\/\/radiorevelacionfm.cl\/wp-content\/uploads\/2022\/06\/Sandoval_archivo1-1-1-1-300x200.jpg 300w, https:\/\/radiorevelacionfm.cl\/wp-content\/uploads\/2022\/06\/Sandoval_archivo1-1-1-1-768x511.jpg 768w, https:\/\/radiorevelacionfm.cl\/wp-content\/uploads\/2022\/06\/Sandoval_archivo1-1-1-1-705x469.jpg 705w, https:\/\/radiorevelacionfm.cl\/wp-content\/uploads\/2022\/06\/Sandoval_archivo1-1-1-1-600x400.jpg 600w\" sizes=\"(max-width: 901px) 100vw, 901px\" \/><\/div><\/div><\/div><\/div><div class=\"flex_column av_one_full  flex_column_div av-zero-column-padding first  avia-builder-el-2  el_after_av_one_full  el_before_av_one_full  column-top-margin\" style='border-radius:0px; '><section class=\"av_textblock_section \"  itemscope=\"itemscope\" itemtype=\"https:\/\/schema.org\/BlogPosting\" itemprop=\"blogPost\" ><div class='avia_textblock  '   itemprop=\"text\" ><p style=\"text-align: center;\"><span style=\"font-size: 18pt;\"><strong>Sandoval por parcelaciones: <\/strong><strong>\u201cMe parece bien que se abran todos los di\u00e1logos posibles, porque es un tema muy controversial\u201d<\/strong><\/span><\/p>\n<div id=\"gtx-trans\" style=\"position: absolute; left: -50px; top: 4.31534px;\">\n<div class=\"gtx-trans-icon\"><\/div>\n<\/div>\n<\/div><\/section><\/div><div class=\"flex_column av_one_full  flex_column_div av-zero-column-padding first  avia-builder-el-4  el_after_av_one_full  el_before_av_hr  column-top-margin\" style='border-radius:0px; '><section class=\"av_textblock_section \"  itemscope=\"itemscope\" itemtype=\"https:\/\/schema.org\/BlogPosting\" itemprop=\"blogPost\" ><div class='avia_textblock  '   itemprop=\"text\" ><p style=\"text-align: justify;\"><em>El parlamentario se refiri\u00f3 al di\u00e1logo pre legislativo que propone abrir el Gobierno para avanzar en la materia, instancia en la que insisti\u00f3 que debe haber un trabajo en conjunto las comisiones de Vivienda y Agricultura del Senado.<\/em><\/p>\n<p style=\"text-align: justify;\">\u201cMe parece bien que se abran todos los di\u00e1logos posibles, porque creo que este es un tema muy controversial\u201d. Con estas palabras, el senador David Sandoval se refiri\u00f3 a la necesidad de avanzar en una soluci\u00f3n integral al problema de las parcelaciones, luego de la exposici\u00f3n que realizara, este martes, el Ministro de Agricultura, Esteban Valenzuela, en la comisi\u00f3n de Vivienda de la C\u00e1mara Alta.<\/p>\n<p style=\"text-align: justify;\">En la oportunidad, desde el Minagri se dio cuenta del trabajo que se ha estado desarrollando en la idea de poder avanzar en la elaboraci\u00f3n de una propuesta para modificar la normativa vigente sobre la subdivisi\u00f3n de predios r\u00fasticos y regular el desarrollo de conjuntos residenciales en el sector rural, iniciativa que esperan ingresar pr\u00f3ximamente al Congreso.<\/p>\n<p style=\"text-align: justify;\">En tal sentido, Sandoval reiter\u00f3 la complejidad que tiene el abordaje de esta materia, toda vez que record\u00f3 que, por ejemplo durante 2021, la comisi\u00f3n de Agricultura del Senado present\u00f3 un proyecto de ley que elevaba la subdivisi\u00f3n predial a cinco hect\u00e1reas, moci\u00f3n que incluso estuvo dispuesta para su discusi\u00f3n en la sala de la C\u00e1mara Alta, lo que finalmente no prosper\u00f3 pues se solicit\u00f3 que la misma fuera analizada primero por la comisi\u00f3n de Vivienda, instancia que rechaz\u00f3 la iniciativa \u201cpor cuatro votos a uno\u201d.<\/p>\n<p style=\"text-align: justify;\">En ese contexto, el parlamentario subray\u00f3 la importancia de abrir espacios de di\u00e1logo. \u201cCon el MINVU hemos tenido amplios avances cuando hemos hecho trabajo pre legislativo, antes de imponer una cosa\u201d, cuestionando que ya se est\u00e9 hablando de una determinada cantidad de hect\u00e1reas para zanjar el asunto. \u201cYo no s\u00e9 si va a contar con los votos de nuestro sector, porque no se trata solamente de fijar 2 hect\u00e1reas, porque no es la soluci\u00f3n\u201d, puntualiz\u00f3.<\/p>\n<p style=\"text-align: justify;\">Con todo, el legislador recalc\u00f3 que sin duda hay externalidades negativas asociadas a esta materia, de las cuales hay que hacerse cargo. \u201cVemos al Estado haciendo electrificaci\u00f3n y agua potable rural, entre otros, y por eso no s\u00e9 por d\u00f3nde comenzar\u00e1 este proyecto, si bien creo que tiene m\u00e1s efecto en el \u00e1mbito de la vivienda\u201d, se\u00f1al\u00f3, sugiriendo que se abra un di\u00e1logo en ese contexto e invitar, a trav\u00e9s de la comisi\u00f3n de Vivienda \u201ca un trabajo pre legislativo para que lleguemos con algo m\u00e1s acotado\u201d.<\/p>\n<p style=\"text-align: justify;\">\u201cHay una infinidad de realidades humanas, sociales. Hay problemas con la disponibilidad de terrenos urbanos, considerando adem\u00e1s que la periferia urbana es un espacio distinto y tenemos que hacernos cargo de esa realidad de alguna manera\u201d, indic\u00f3 finalmente el senador Sandoval, esperando por lo mismo se llegue a una buena soluci\u00f3n.<\/p>\n<\/div><\/section><\/div><div  style='height:50px' class='hr hr-invisible   avia-builder-el-6  el_after_av_one_full  el_before_av_social_share '><span class='hr-inner ' ><span class='hr-inner-style'><\/span><\/span><\/div><\/p>\n<div  class='av-social-sharing-box  avia-builder-el-7  el_after_av_hr  el_before_av_hr  '><div class='av-share-box'><h5 class='av-share-link-description av-no-toc '>Compartir esta noticia<\/h5><ul class='av-share-box-list noLightbox'><li class='av-share-link av-social-link-facebook' ><a target=\"_blank\" aria-label=\"Compartir en Facebook\" href='https:\/\/www.facebook.com\/sharer.php?u=https:\/\/radiorevelacionfm.cl\/?p=31732&#038;t=Sandoval%20por%20parcelaciones%3A%20%E2%80%9CMe%20parece%20bien%20que%20se%20abran%20todos%20los%20di%C3%A1logos%20posibles%2C%20porque%20es%20un%20tema%20muy%20controversial%E2%80%9D' aria-hidden='false' data-av_icon='\ue8f3' data-av_iconfont='entypo-fontello' title='' data-avia-related-tooltip='Compartir en Facebook' rel=\"noopener\"><span class='avia_hidden_link_text'>Compartir en Facebook<\/span><\/a><\/li><li class='av-share-link av-social-link-twitter' ><a target=\"_blank\" aria-label=\"Compartir en Twitter\" href='https:\/\/twitter.com\/share?text=Sandoval%20por%20parcelaciones%3A%20%E2%80%9CMe%20parece%20bien%20que%20se%20abran%20todos%20los%20di%C3%A1logos%20posibles%2C%20porque%20es%20un%20tema%20muy%20controversial%E2%80%9D&#038;url=https:\/\/radiorevelacionfm.cl\/?p=31732' aria-hidden='false' data-av_icon='\ue8f1' data-av_iconfont='entypo-fontello' title='' data-avia-related-tooltip='Compartir en Twitter' rel=\"noopener\"><span class='avia_hidden_link_text'>Compartir en Twitter<\/span><\/a><\/li><li class='av-share-link av-social-link-whatsapp' ><a target=\"_blank\" aria-label=\"Compartir en Whatsapp\" href='https:\/\/api.whatsapp.com\/send?text=https:\/\/radiorevelacionfm.cl\/?p=31732' aria-hidden='false' data-av_icon='\uf232' data-av_iconfont='entypo-fontello' title='' data-avia-related-tooltip='Compartir en Whatsapp' rel=\"noopener\"><span class='avia_hidden_link_text'>Compartir en Whatsapp<\/span><\/a><\/li><li class='av-share-link av-social-link-linkedin' ><a target=\"_blank\" aria-label=\"Compartir en LinkedIn\" href='https:\/\/linkedin.com\/shareArticle?mini=true&#038;title=Sandoval%20por%20parcelaciones%3A%20%E2%80%9CMe%20parece%20bien%20que%20se%20abran%20todos%20los%20di%C3%A1logos%20posibles%2C%20porque%20es%20un%20tema%20muy%20controversial%E2%80%9D&#038;url=https:\/\/radiorevelacionfm.cl\/?p=31732' aria-hidden='false' data-av_icon='\ue8fc' data-av_iconfont='entypo-fontello' title='' data-avia-related-tooltip='Compartir en LinkedIn' rel=\"noopener\"><span class='avia_hidden_link_text'>Compartir en LinkedIn<\/span><\/a><\/li><li class='av-share-link av-social-link-mail' ><a  aria-label=\"Compartir por correo\" href='mailto:?subject=Sandoval%20por%20parcelaciones%3A%20%E2%80%9CMe%20parece%20bien%20que%20se%20abran%20todos%20los%20di%C3%A1logos%20posibles%2C%20porque%20es%20un%20tema%20muy%20controversial%E2%80%9D&#038;body=https:\/\/radiorevelacionfm.cl\/?p=31732' aria-hidden='false' data-av_icon='\ue805' data-av_iconfont='entypo-fontello' title='' data-avia-related-tooltip='Compartir por correo'><span class='avia_hidden_link_text'>Compartir por correo<\/span><\/a><\/li><\/ul><\/div><\/div>\n<div  style='height:50px' class='hr hr-invisible   avia-builder-el-8  el_after_av_social_share  el_before_av_comments_list '><span class='hr-inner ' ><span class='hr-inner-style'><\/span><\/span><\/div>\n<div  class='av-buildercomment  av-blog-meta-html-info-disabled av-blog-meta-tag-disabled  '><\/div>\n","protected":false},"excerpt":{"rendered":"","protected":false},"author":1,"featured_media":18109,"comment_status":"open","ping_status":"open","sticky":false,"template":"","format":"standard","meta":{"footnotes":""},"categories":[35],"tags":[],"class_list":["post-31732","post","type-post","status-publish","format-standard","has-post-thumbnail","hentry","category-politica"],"jetpack_featured_media_url":"https:\/\/radiorevelacionfm.cl\/wp-content\/uploads\/2022\/06\/Sandoval_archivo1-1-1-1.jpg","_links":{"self":[{"href":"https:\/\/radiorevelacionfm.cl\/index.php?rest_route=\/wp\/v2\/posts\/31732","targetHints":{"allow":["GET"]}}],"collection":[{"href":"https:\/\/radiorevelacionfm.cl\/index.php?rest_route=\/wp\/v2\/posts"}],"about":[{"href":"https:\/\/radiorevelacionfm.cl\/index.php?rest_route=\/wp\/v2\/types\/post"}],"author":[{"embeddable":true,"href":"https:\/\/radiorevelacionfm.cl\/index.php?rest_route=\/wp\/v2\/users\/1"}],"replies":[{"embeddable":true,"href":"https:\/\/radiorevelacionfm.cl\/index.php?rest_route=%2Fwp%2Fv2%2Fcomments&post=31732"}],"version-history":[{"count":1,"href":"https:\/\/radiorevelacionfm.cl\/index.php?rest_route=\/wp\/v2\/posts\/31732\/revisions"}],"predecessor-version":[{"id":31733,"href":"https:\/\/radiorevelacionfm.cl\/index.php?rest_route=\/wp\/v2\/posts\/31732\/revisions\/31733"}],"wp:featuredmedia":[{"embeddable":true,"href":"https:\/\/radiorevelacionfm.cl\/index.php?rest_route=\/wp\/v2\/media\/18109"}],"wp:attachment":[{"href":"https:\/\/radiorevelacionfm.cl\/index.php?rest_route=%2Fwp%2Fv2%2Fmedia&parent=31732"}],"wp:term":[{"taxonomy":"category","embeddable":true,"href":"https:\/\/radiorevelacionfm.cl\/index.php?rest_route=%2Fwp%2Fv2%2Fcategories&post=31732"},{"taxonomy":"post_tag","embeddable":true,"href":"https:\/\/radiorevelacionfm.cl\/index.php?rest_route=%2Fwp%2Fv2%2Ftags&post=31732"}],"curies":[{"name":"wp","href":"https:\/\/api.w.org\/{rel}","templated":true}]}}