{"id":31729,"date":"2023-06-06T19:07:53","date_gmt":"2023-06-06T22:07:53","guid":{"rendered":"https:\/\/radiorevelacionfm.cl\/?p=31729"},"modified":"2023-06-06T19:07:53","modified_gmt":"2023-06-06T22:07:53","slug":"realizan-ceremonia-de-entrega-de-terreno-para-futuro-centro-de-rehabilitacion-kinesica-en-manihuales","status":"publish","type":"post","link":"https:\/\/radiorevelacionfm.cl\/?p=31729","title":{"rendered":"Realizan ceremonia de entrega de terreno para futuro Centro de Rehabilitaci\u00f3n Kin\u00e9sica en Ma\u00f1ihuales"},"content":{"rendered":"<div class=\"flex_column av_one_full  flex_column_div av-zero-column-padding first  avia-builder-el-0  el_before_av_one_full  avia-builder-el-first  \" style='border-radius:0px; '><div  class='avia-image-container  av-styling-    avia-builder-el-1  avia-builder-el-no-sibling  avia-align-center '  itemprop=\"image\" itemscope=\"itemscope\" itemtype=\"https:\/\/schema.org\/ImageObject\"  ><div class='avia-image-container-inner'><div class='avia-image-overlay-wrap'><img decoding=\"async\" class='wp-image-31730 avia-img-lazy-loading-not-31730 avia_image' src=\"https:\/\/radiorevelacionfm.cl\/wp-content\/uploads\/2023\/06\/centro-de-rehabilitacion-kinesica-v-manihuales-2-1_optimized-1.jpg\" alt='' title='centro-de-rehabilitaci\u00f3n-kin\u00e9sica-v-ma\u00f1ihuales-(2)-(1)_optimized (1)' height=\"600\" width=\"1294\"  itemprop=\"thumbnailUrl\" srcset=\"https:\/\/radiorevelacionfm.cl\/wp-content\/uploads\/2023\/06\/centro-de-rehabilitacion-kinesica-v-manihuales-2-1_optimized-1.jpg 1294w, https:\/\/radiorevelacionfm.cl\/wp-content\/uploads\/2023\/06\/centro-de-rehabilitacion-kinesica-v-manihuales-2-1_optimized-1-300x139.jpg 300w, https:\/\/radiorevelacionfm.cl\/wp-content\/uploads\/2023\/06\/centro-de-rehabilitacion-kinesica-v-manihuales-2-1_optimized-1-1030x478.jpg 1030w, https:\/\/radiorevelacionfm.cl\/wp-content\/uploads\/2023\/06\/centro-de-rehabilitacion-kinesica-v-manihuales-2-1_optimized-1-768x356.jpg 768w, https:\/\/radiorevelacionfm.cl\/wp-content\/uploads\/2023\/06\/centro-de-rehabilitacion-kinesica-v-manihuales-2-1_optimized-1-705x327.jpg 705w, https:\/\/radiorevelacionfm.cl\/wp-content\/uploads\/2023\/06\/centro-de-rehabilitacion-kinesica-v-manihuales-2-1_optimized-1-450x209.jpg 450w, https:\/\/radiorevelacionfm.cl\/wp-content\/uploads\/2023\/06\/centro-de-rehabilitacion-kinesica-v-manihuales-2-1_optimized-1-600x278.jpg 600w\" sizes=\"(max-width: 1294px) 100vw, 1294px\" \/><\/div><\/div><\/div><\/div><div class=\"flex_column av_one_full  flex_column_div av-zero-column-padding first  avia-builder-el-2  el_after_av_one_full  el_before_av_one_full  column-top-margin\" style='border-radius:0px; '><section class=\"av_textblock_section \"  itemscope=\"itemscope\" itemtype=\"https:\/\/schema.org\/BlogPosting\" itemprop=\"blogPost\" ><div class='avia_textblock  '   itemprop=\"text\" ><p style=\"text-align: center;\"><strong><span style=\"font-size: 18pt;\">Realizan ceremonia de entrega de terreno para futuro Centro de Rehabilitaci\u00f3n Kin\u00e9sica en Ma\u00f1ihuales<\/span><\/strong><\/p>\n<div id=\"gtx-trans\" style=\"position: absolute; left: -50px; top: 4.31534px;\">\n<div class=\"gtx-trans-icon\"><\/div>\n<\/div>\n<\/div><\/section><\/div><div class=\"flex_column av_one_full  flex_column_div av-zero-column-padding first  avia-builder-el-4  el_after_av_one_full  el_before_av_hr  column-top-margin\" style='border-radius:0px; '><section class=\"av_textblock_section \"  itemscope=\"itemscope\" itemtype=\"https:\/\/schema.org\/BlogPosting\" itemprop=\"blogPost\" ><div class='avia_textblock  '   itemprop=\"text\" ><p style=\"font-weight: 400; text-align: justify;\">La Agrupaci\u00f3n de Familiares y Personas con Discapacidades M\u00faltiples Fuerza de Avanzar es la organizaci\u00f3n que estar\u00e1 a cargo de este Centro de Rehabilitaci\u00f3n que estar\u00e1 emplazado en el centro c\u00edvico de Villa Ma\u00f1ihuales, localidad perteneciente a la comuna de Ays\u00e9n.<\/p>\n<p style=\"font-weight: 400; text-align: justify;\">En la ceremonia participaron junto al alcalde de la comuna, Julio Uribe Alvarado, Oscar del Solar, jefe de la Divisi\u00f3n de Infraestructura y Transportes del Gore de Ays\u00e9n, Florencio Bilbao, presidente de Fuerza de Avanzar. Adem\u00e1s, de dirigentes, vecinos y vecinas de la localidad.<\/p>\n<p style=\"font-weight: 400; text-align: justify;\">Para el alcalde este proyecto es muy anhelado por Ma\u00f1ihuales, porque va en ayuda de los vecinos para realizar sus atenciones kinesiol\u00f3gicas. \u201cActualmente se realizan estas atenciones en una sede social, pero este va a ser un reciento acondicionado totalmente para realizar estas actividades de la mejor forma. Adem\u00e1s, va a recuperar un sitio eriazo y va a dar m\u00e1s vida al sector de la Plaza de Armas\u201d, resalt\u00f3 el edil.<\/p>\n<p style=\"font-weight: 400; text-align: justify;\">En tanto que Roc\u00edo B\u00f3rquez, directora de SECPLAN de la I. Municipalidad de Ays\u00e9n, departamento encargado del dise\u00f1o del Centro de Rehabilitaci\u00f3n Kin\u00e9sico, coment\u00f3 que la obra involucra la construcci\u00f3n de 250 m2.<\/p>\n<p style=\"font-weight: 400; text-align: justify;\">\u201cEl proyecto tendr\u00e1 varios espacios para el tratamiento y la actividad kinesiol\u00f3gica, como por ejemplo una sala de gimnasia, box de atenci\u00f3n para pacientes, y una sala de hidroterapia. Esperamos que sea un \u00e9xito esta construcci\u00f3n porque ser\u00e1 de gran utilidad para la localidad de Ma\u00f1ihuales\u201d, expres\u00f3<\/p>\n<p style=\"font-weight: 400; text-align: justify;\">La empresa que obtuvo la licitaci\u00f3n, que asciende a m\u00e1s de 376 millones de pesos para la construcci\u00f3n del Centro Kin\u00e9sico, pertenece a Dar\u00edo G\u00f3mez Mart\u00ednez, quien indic\u00f3 que el plazo de ejecuci\u00f3n es de 270 d\u00edas, por lo que en febrero del 2024 deber\u00eda estar entregando a la comunidad. \u201cPrimero tenemos que iniciar las obras, y en un mes m\u00e1s deber\u00edamos estar considerando la incorporaci\u00f3n de gente de la localidad para trabajar en estas obras\u201d, se\u00f1al\u00f3 Dar\u00edo G\u00f3mez Mart\u00ednez.<\/p>\n<p style=\"font-weight: 400; text-align: justify;\">En tanto, que Oscar del Solar del Gobierno Regional de Ays\u00e9n, coment\u00f3 que este tipo de iniciativas fomentan la inclusi\u00f3n y son necesarias desarrollar en toda la regi\u00f3n.<\/p>\n<p style=\"font-weight: 400; text-align: justify;\">\u201cFelicitamos al equipo municipal que ha hecho un notable trabajo en este \u00e1mbito. Nosotros, si bien como Gobierno regional financiamos, pero detr\u00e1s de esto tambi\u00e9n hay un inter\u00e9s de la autoridad querer levantar este tipo de iniciativas\u201d, recalc\u00f3 Del Solar.<\/p>\n<p style=\"font-weight: 400; text-align: justify;\">Florencio Bilbao, presidente de la Agrupaci\u00f3n Fuerza de Avanzar, tambi\u00e9n manifest\u00f3 sentirse muy feliz por la construcci\u00f3n de este centro. \u201cNosotros como dirigentes golpeamos puertas para que esto saliera adelante, y el pueblo de Ma\u00f1ihuales debiera sentirse feliz porque esto es para todos nosotros. Esta es una comunidad que est\u00e1 aislada de diferentes puntos de salud y nosotros apoyamos al Servicio de Salud con nuestros kinesi\u00f3logo y Terapeuta Ocupacional, pero para trabajar con ellos, debemos hacer proyectos. Hoy d\u00eda nos sentimos felices porque es un tremendo logro\u201d,<\/p>\n<p style=\"font-weight: 400; text-align: justify;\">El edificio del Centro Kin\u00e9sico tendr\u00e1 una arquitectura moderna con revestimiento de insta panel, teja y piedra laja, y con un revestimiento interior con cer\u00e1mica, fibrocemento, volcanita, y suelos de porcelanatos. Su puesta en funcionamiento se espera que atienda la demanda por terapias de rehabilitaci\u00f3n de quienes habitan Villa Ma\u00f1ihuales, como tambi\u00e9n de los sectores campesinos.<\/p>\n<\/div><\/section><\/div><div  style='height:50px' class='hr hr-invisible   avia-builder-el-6  el_after_av_one_full  el_before_av_social_share '><span class='hr-inner ' ><span class='hr-inner-style'><\/span><\/span><\/div><\/p>\n<div  class='av-social-sharing-box  avia-builder-el-7  el_after_av_hr  el_before_av_hr  '><div class='av-share-box'><h5 class='av-share-link-description av-no-toc '>Compartir esta noticia<\/h5><ul class='av-share-box-list noLightbox'><li class='av-share-link av-social-link-facebook' ><a target=\"_blank\" aria-label=\"Compartir en Facebook\" href='https:\/\/www.facebook.com\/sharer.php?u=https:\/\/radiorevelacionfm.cl\/?p=31729&#038;t=Realizan%20ceremonia%20de%20entrega%20de%20terreno%20para%20futuro%20Centro%20de%20Rehabilitaci%C3%B3n%20Kin%C3%A9sica%20en%20Ma%C3%B1ihuales' aria-hidden='false' data-av_icon='\ue8f3' data-av_iconfont='entypo-fontello' title='' data-avia-related-tooltip='Compartir en Facebook' rel=\"noopener\"><span class='avia_hidden_link_text'>Compartir en Facebook<\/span><\/a><\/li><li class='av-share-link av-social-link-twitter' ><a target=\"_blank\" aria-label=\"Compartir en Twitter\" href='https:\/\/twitter.com\/share?text=Realizan%20ceremonia%20de%20entrega%20de%20terreno%20para%20futuro%20Centro%20de%20Rehabilitaci%C3%B3n%20Kin%C3%A9sica%20en%20Ma%C3%B1ihuales&#038;url=https:\/\/radiorevelacionfm.cl\/?p=31729' aria-hidden='false' data-av_icon='\ue8f1' data-av_iconfont='entypo-fontello' title='' data-avia-related-tooltip='Compartir en Twitter' rel=\"noopener\"><span class='avia_hidden_link_text'>Compartir en Twitter<\/span><\/a><\/li><li class='av-share-link av-social-link-whatsapp' ><a target=\"_blank\" aria-label=\"Compartir en Whatsapp\" href='https:\/\/api.whatsapp.com\/send?text=https:\/\/radiorevelacionfm.cl\/?p=31729' aria-hidden='false' data-av_icon='\uf232' data-av_iconfont='entypo-fontello' title='' data-avia-related-tooltip='Compartir en Whatsapp' rel=\"noopener\"><span class='avia_hidden_link_text'>Compartir en Whatsapp<\/span><\/a><\/li><li class='av-share-link av-social-link-linkedin' ><a target=\"_blank\" aria-label=\"Compartir en LinkedIn\" href='https:\/\/linkedin.com\/shareArticle?mini=true&#038;title=Realizan%20ceremonia%20de%20entrega%20de%20terreno%20para%20futuro%20Centro%20de%20Rehabilitaci%C3%B3n%20Kin%C3%A9sica%20en%20Ma%C3%B1ihuales&#038;url=https:\/\/radiorevelacionfm.cl\/?p=31729' aria-hidden='false' data-av_icon='\ue8fc' data-av_iconfont='entypo-fontello' title='' data-avia-related-tooltip='Compartir en LinkedIn' rel=\"noopener\"><span class='avia_hidden_link_text'>Compartir en LinkedIn<\/span><\/a><\/li><li class='av-share-link av-social-link-mail' ><a  aria-label=\"Compartir por correo\" href='mailto:?subject=Realizan%20ceremonia%20de%20entrega%20de%20terreno%20para%20futuro%20Centro%20de%20Rehabilitaci%C3%B3n%20Kin%C3%A9sica%20en%20Ma%C3%B1ihuales&#038;body=https:\/\/radiorevelacionfm.cl\/?p=31729' aria-hidden='false' data-av_icon='\ue805' data-av_iconfont='entypo-fontello' title='' data-avia-related-tooltip='Compartir por correo'><span class='avia_hidden_link_text'>Compartir por correo<\/span><\/a><\/li><\/ul><\/div><\/div>\n<div  style='height:50px' class='hr hr-invisible   avia-builder-el-8  el_after_av_social_share  el_before_av_comments_list '><span class='hr-inner ' ><span class='hr-inner-style'><\/span><\/span><\/div>\n<div  class='av-buildercomment  av-blog-meta-html-info-disabled av-blog-meta-tag-disabled  '><\/div>\n","protected":false},"excerpt":{"rendered":"","protected":false},"author":1,"featured_media":31730,"comment_status":"open","ping_status":"open","sticky":false,"template":"","format":"standard","meta":{"footnotes":""},"categories":[38],"tags":[],"class_list":["post-31729","post","type-post","status-publish","format-standard","has-post-thumbnail","hentry","category-regional"],"jetpack_featured_media_url":"https:\/\/radiorevelacionfm.cl\/wp-content\/uploads\/2023\/06\/centro-de-rehabilitacion-kinesica-v-manihuales-2-1_optimized-1.jpg","_links":{"self":[{"href":"https:\/\/radiorevelacionfm.cl\/index.php?rest_route=\/wp\/v2\/posts\/31729","targetHints":{"allow":["GET"]}}],"collection":[{"href":"https:\/\/radiorevelacionfm.cl\/index.php?rest_route=\/wp\/v2\/posts"}],"about":[{"href":"https:\/\/radiorevelacionfm.cl\/index.php?rest_route=\/wp\/v2\/types\/post"}],"author":[{"embeddable":true,"href":"https:\/\/radiorevelacionfm.cl\/index.php?rest_route=\/wp\/v2\/users\/1"}],"replies":[{"embeddable":true,"href":"https:\/\/radiorevelacionfm.cl\/index.php?rest_route=%2Fwp%2Fv2%2Fcomments&post=31729"}],"version-history":[{"count":1,"href":"https:\/\/radiorevelacionfm.cl\/index.php?rest_route=\/wp\/v2\/posts\/31729\/revisions"}],"predecessor-version":[{"id":31731,"href":"https:\/\/radiorevelacionfm.cl\/index.php?rest_route=\/wp\/v2\/posts\/31729\/revisions\/31731"}],"wp:featuredmedia":[{"embeddable":true,"href":"https:\/\/radiorevelacionfm.cl\/index.php?rest_route=\/wp\/v2\/media\/31730"}],"wp:attachment":[{"href":"https:\/\/radiorevelacionfm.cl\/index.php?rest_route=%2Fwp%2Fv2%2Fmedia&parent=31729"}],"wp:term":[{"taxonomy":"category","embeddable":true,"href":"https:\/\/radiorevelacionfm.cl\/index.php?rest_route=%2Fwp%2Fv2%2Fcategories&post=31729"},{"taxonomy":"post_tag","embeddable":true,"href":"https:\/\/radiorevelacionfm.cl\/index.php?rest_route=%2Fwp%2Fv2%2Ftags&post=31729"}],"curies":[{"name":"wp","href":"https:\/\/api.w.org\/{rel}","templated":true}]}}