{"id":31726,"date":"2023-06-07T11:19:24","date_gmt":"2023-06-07T14:19:24","guid":{"rendered":"https:\/\/radiorevelacionfm.cl\/?p=31726"},"modified":"2023-06-07T11:19:24","modified_gmt":"2023-06-07T14:19:24","slug":"realizan-actividades-en-liceos-de-manihuales-y-la-junta-del-programa-pace-uaysen","status":"publish","type":"post","link":"https:\/\/radiorevelacionfm.cl\/?p=31726","title":{"rendered":"Realizan actividades en liceos de Ma\u00f1ihuales y La Junta del Programa PACE UAys\u00e9n"},"content":{"rendered":"<div class=\"flex_column av_one_full  flex_column_div av-zero-column-padding first  avia-builder-el-0  el_before_av_one_full  avia-builder-el-first  \" style='border-radius:0px; '><div  class='avia-image-container  av-styling-    avia-builder-el-1  avia-builder-el-no-sibling  avia-align-center '  itemprop=\"image\" itemscope=\"itemscope\" itemtype=\"https:\/\/schema.org\/ImageObject\"  ><div class='avia-image-container-inner'><div class='avia-image-overlay-wrap'><img decoding=\"async\" class='wp-image-31727 avia-img-lazy-loading-not-31727 avia_image' src=\"https:\/\/radiorevelacionfm.cl\/wp-content\/uploads\/2023\/06\/manihuales-1_optimized-1.jpeg\" alt='' title='manihuales-(1)_optimized (1)' height=\"600\" width=\"1067\"  itemprop=\"thumbnailUrl\" srcset=\"https:\/\/radiorevelacionfm.cl\/wp-content\/uploads\/2023\/06\/manihuales-1_optimized-1.jpeg 1067w, https:\/\/radiorevelacionfm.cl\/wp-content\/uploads\/2023\/06\/manihuales-1_optimized-1-300x169.jpeg 300w, https:\/\/radiorevelacionfm.cl\/wp-content\/uploads\/2023\/06\/manihuales-1_optimized-1-1030x579.jpeg 1030w, https:\/\/radiorevelacionfm.cl\/wp-content\/uploads\/2023\/06\/manihuales-1_optimized-1-768x432.jpeg 768w, https:\/\/radiorevelacionfm.cl\/wp-content\/uploads\/2023\/06\/manihuales-1_optimized-1-705x396.jpeg 705w, https:\/\/radiorevelacionfm.cl\/wp-content\/uploads\/2023\/06\/manihuales-1_optimized-1-450x253.jpeg 450w, https:\/\/radiorevelacionfm.cl\/wp-content\/uploads\/2023\/06\/manihuales-1_optimized-1-600x337.jpeg 600w\" sizes=\"(max-width: 1067px) 100vw, 1067px\" \/><\/div><\/div><\/div><\/div>\n<div class=\"flex_column av_one_full  flex_column_div av-zero-column-padding first  avia-builder-el-2  el_after_av_one_full  el_before_av_one_full  column-top-margin\" style='border-radius:0px; '><section class=\"av_textblock_section \"  itemscope=\"itemscope\" itemtype=\"https:\/\/schema.org\/BlogPosting\" itemprop=\"blogPost\" ><div class='avia_textblock  '   itemprop=\"text\" ><p style=\"text-align: center;\"><strong><span style=\"font-size: 18pt;\">Realizan actividades en liceos de Ma\u00f1ihuales y La Junta del Programa PACE UAys\u00e9n <\/span><\/strong><\/p>\n<div id=\"gtx-trans\" style=\"position: absolute; left: -50px; top: 4.31534px;\">\n<div class=\"gtx-trans-icon\"><\/div>\n<\/div>\n<\/div><\/section><\/div><div class=\"flex_column av_one_full  flex_column_div av-zero-column-padding first  avia-builder-el-4  el_after_av_one_full  el_before_av_hr  column-top-margin\" style='border-radius:0px; '><section class=\"av_textblock_section \"  itemscope=\"itemscope\" itemtype=\"https:\/\/schema.org\/BlogPosting\" itemprop=\"blogPost\" ><div class='avia_textblock  '   itemprop=\"text\" ><p class=\"v1MsoNormal\" style=\"text-align: justify;\"><span lang=\"ES\">El Programa de Acompa\u00f1amiento y Acceso Efectivo a la Educaci\u00f3n Superior (PACE) y el equipo de Admisi\u00f3n de la Universidad de Ays\u00e9n, contin\u00faan su trabajo con las comunidades educativas desplegados por la regi\u00f3n. Hace algunos d\u00edas realizaron talleres, charlas y reuniones con padres y apoderados de las comunidades educativas del Liceo Ma\u00f1ihuales y la Escuela Eusebio Ibar Schepeler de La Junta.<\/span><\/p>\n<p class=\"v1MsoNormal\" style=\"text-align: justify;\"><span lang=\"ES\">En el Liceo Ma\u00f1ihuales, la profesional PEM PACE de la Universidad de Ays\u00e9n, Yasna Oyarzo, desarroll\u00f3 talleres reforzamiento de habilidades del siglo XXI a los\/as estudiantes de tercero y cuarto medio y una jornada con docentes sobre la misma tem\u00e1tica. Por su parte, Y\u00e9sica Olivero, profesional de Admisi\u00f3n UAys\u00e9n, realiz\u00f3 charlas a estudiantes desde primero hasta cuarto medio. \u00a0<\/span><\/p>\n<p class=\"v1MsoNormal\" style=\"text-align: justify;\"><span lang=\"ES\">En la Escuela Eusebio Ibar Schepeler, tambi\u00e9n se realizaron talleres a estudiantes sobre exploraci\u00f3n vocacional y reforzamiento de habilidades del siglo XXI adem\u00e1s de charlas de Admisi\u00f3n y una reuni\u00f3n con apoderados en la que se les entreg\u00f3 informaci\u00f3n sobre el PACE y el proceso de Admisi\u00f3n UAys\u00e9n. \u00abEn esta oportunidad estuvimos trabajando en el Liceo Ma\u00f1ihuales y en la Escuela Eusebio Ibar Schepeler de La Junta, donde realizamos talleres con estudiantes de tercero y cuarto medio, reforzando habilidades del siglo XXI y apoyando el proceso de exploraci\u00f3n vocacional. Tambi\u00e9n trabajamos con docentes abordando espec\u00edficamente el tema de habilidades del siglo XXI, las cuales est\u00e1n declaradas en las bases curriculares vigentes y participamos en reuniones de apoderados donde se mostraron los objetivos del PACE y el trabajo que realizamos con la comunidad educativa\u00bb, se\u00f1al\u00f3 la profesional,\u00a0expres\u00f3\u00a0<\/span>Yasna Oyarzo.<\/p>\n<p class=\"v1MsoNormal\" style=\"text-align: justify;\"><span lang=\"ES\">Por su parte, Denisse Zollner, profesora de lenguaje y gestora PACE de la Escuela Eusebio Ibar Schepeler de La Junta, valor\u00f3 las actividades realizadas por el equipo UAys\u00e9n en su establecimiento. \u00abMe parecieron sumamente significativas las actividades porque creo que se pudo acoger algunas inquietudes y algunos vac\u00edos que ten\u00edamos desde a\u00f1os anteriores, siento que los estudiantes recibieron informaci\u00f3n adecuada. Tambi\u00e9n se hizo una reuni\u00f3n con apoderados que tambi\u00e9n creo que fue significativa respecto a las preguntas que ellos hicieron y a las inquietudes que vamos teniendo. Es importante tambi\u00e9n para los estudiantes de la regi\u00f3n saber cu\u00e1les son sus alternativas, con qu\u00e9 dificultades se van a encontrar\u00bb, expres\u00f3.<\/span><\/p>\n<p class=\"v1MsoNormal\" style=\"text-align: justify;\"><span lang=\"ES\">A su vez, Pablo Altamirano, profesor de matem\u00e1tica y f\u00edsica del Liceo Ma\u00f1ihuales tambi\u00e9n destac\u00f3 las actividades realizadas en su establecimiento por el equipo PACE y Admisi\u00f3n. \u00abPrimero agradecer, porque es una actividad que ayuda a que los muchachos piensen, como digo yo, es decir, que ellos se cuestionen; entonces la pauta que se llev\u00f3 a cabo es bastante interesante desde mi punto de vista, porque los ayud\u00f3 a reflexionar respecto de ciertas habilidades y actividades, adem\u00e1s lo que realiza la universidad con nosotros.\u00a0 Hay un agradecimiento del punto de vista m\u00edo como profesor, por cuanto pudieron guiar a los chicos en lo que son habilidades del pensamiento, entre otras cosas y adem\u00e1s mostrarle cu\u00e1les son las oportunidades que ellos tienen para acercarse de forma oportuna, digamos r\u00e1pidamente a una Universidad que es de aqu\u00ed mismo, que es nuestra\u00bb, se\u00f1al\u00f3.<\/span><\/p>\n<p class=\"v1MsoNormal\" style=\"text-align: justify;\">Finalmente, Yasna Oyarzo manifest\u00f3 la importancia del trabajo que realiza el PACE con sus comunidades educativas. \u00abActualmente trabajamos con siete establecimientos de la regi\u00f3n, desde Villa O&#8217;Higgins hasta La Junta, y nuestra misi\u00f3n es acompa\u00f1ar a estas comunidades educativas realizando un trabajo peri\u00f3dico con estudiantes, docentes y apoderados. El trabajo en terreno que se realiza es muy relevante, dado que cada establecimiento educacional posee un contexto distinto, lo cual hace que el trabajo sea acorde a sus oportunidades y necesidades\u00bb explic\u00f3.<\/p>\n<p class=\"v1MsoNormal\" style=\"text-align: justify;\"><span lang=\"ES\">\u00a0<\/span><\/p>\n<\/div><\/section><\/div><\/p>\n<div  style='height:50px' class='hr hr-invisible   avia-builder-el-6  el_after_av_one_full  el_before_av_social_share '><span class='hr-inner ' ><span class='hr-inner-style'><\/span><\/span><\/div>\n<div  class='av-social-sharing-box  avia-builder-el-7  el_after_av_hr  el_before_av_hr  '><div class='av-share-box'><h5 class='av-share-link-description av-no-toc '>Compartir esta noticia<\/h5><ul class='av-share-box-list noLightbox'><li class='av-share-link av-social-link-facebook' ><a target=\"_blank\" aria-label=\"Compartir en Facebook\" href='https:\/\/www.facebook.com\/sharer.php?u=https:\/\/radiorevelacionfm.cl\/?p=31726&#038;t=Realizan%20actividades%20en%20liceos%20de%20Ma%C3%B1ihuales%20y%20La%20Junta%20del%20Programa%20PACE%20UAys%C3%A9n' aria-hidden='false' data-av_icon='\ue8f3' data-av_iconfont='entypo-fontello' title='' data-avia-related-tooltip='Compartir en Facebook' rel=\"noopener\"><span class='avia_hidden_link_text'>Compartir en Facebook<\/span><\/a><\/li><li class='av-share-link av-social-link-twitter' ><a target=\"_blank\" aria-label=\"Compartir en Twitter\" href='https:\/\/twitter.com\/share?text=Realizan%20actividades%20en%20liceos%20de%20Ma%C3%B1ihuales%20y%20La%20Junta%20del%20Programa%20PACE%20UAys%C3%A9n&#038;url=https:\/\/radiorevelacionfm.cl\/?p=31726' aria-hidden='false' data-av_icon='\ue8f1' data-av_iconfont='entypo-fontello' title='' data-avia-related-tooltip='Compartir en Twitter' rel=\"noopener\"><span class='avia_hidden_link_text'>Compartir en Twitter<\/span><\/a><\/li><li class='av-share-link av-social-link-whatsapp' ><a target=\"_blank\" aria-label=\"Compartir en Whatsapp\" href='https:\/\/api.whatsapp.com\/send?text=https:\/\/radiorevelacionfm.cl\/?p=31726' aria-hidden='false' data-av_icon='\uf232' data-av_iconfont='entypo-fontello' title='' data-avia-related-tooltip='Compartir en Whatsapp' rel=\"noopener\"><span class='avia_hidden_link_text'>Compartir en Whatsapp<\/span><\/a><\/li><li class='av-share-link av-social-link-linkedin' ><a target=\"_blank\" aria-label=\"Compartir en LinkedIn\" href='https:\/\/linkedin.com\/shareArticle?mini=true&#038;title=Realizan%20actividades%20en%20liceos%20de%20Ma%C3%B1ihuales%20y%20La%20Junta%20del%20Programa%20PACE%20UAys%C3%A9n&#038;url=https:\/\/radiorevelacionfm.cl\/?p=31726' aria-hidden='false' data-av_icon='\ue8fc' data-av_iconfont='entypo-fontello' title='' data-avia-related-tooltip='Compartir en LinkedIn' rel=\"noopener\"><span class='avia_hidden_link_text'>Compartir en LinkedIn<\/span><\/a><\/li><li class='av-share-link av-social-link-mail' ><a  aria-label=\"Compartir por correo\" href='mailto:?subject=Realizan%20actividades%20en%20liceos%20de%20Ma%C3%B1ihuales%20y%20La%20Junta%20del%20Programa%20PACE%20UAys%C3%A9n&#038;body=https:\/\/radiorevelacionfm.cl\/?p=31726' aria-hidden='false' data-av_icon='\ue805' data-av_iconfont='entypo-fontello' title='' data-avia-related-tooltip='Compartir por correo'><span class='avia_hidden_link_text'>Compartir por correo<\/span><\/a><\/li><\/ul><\/div><\/div>\n<div  style='height:50px' class='hr hr-invisible   avia-builder-el-8  el_after_av_social_share  el_before_av_comments_list '><span class='hr-inner ' ><span class='hr-inner-style'><\/span><\/span><\/div>\n<div  class='av-buildercomment  av-blog-meta-html-info-disabled av-blog-meta-tag-disabled  '><\/div>\n","protected":false},"excerpt":{"rendered":"","protected":false},"author":1,"featured_media":31727,"comment_status":"open","ping_status":"open","sticky":false,"template":"","format":"standard","meta":{"footnotes":""},"categories":[49],"tags":[],"class_list":["post-31726","post","type-post","status-publish","format-standard","has-post-thumbnail","hentry","category-educacion"],"jetpack_featured_media_url":"https:\/\/radiorevelacionfm.cl\/wp-content\/uploads\/2023\/06\/manihuales-1_optimized-1.jpeg","_links":{"self":[{"href":"https:\/\/radiorevelacionfm.cl\/index.php?rest_route=\/wp\/v2\/posts\/31726","targetHints":{"allow":["GET"]}}],"collection":[{"href":"https:\/\/radiorevelacionfm.cl\/index.php?rest_route=\/wp\/v2\/posts"}],"about":[{"href":"https:\/\/radiorevelacionfm.cl\/index.php?rest_route=\/wp\/v2\/types\/post"}],"author":[{"embeddable":true,"href":"https:\/\/radiorevelacionfm.cl\/index.php?rest_route=\/wp\/v2\/users\/1"}],"replies":[{"embeddable":true,"href":"https:\/\/radiorevelacionfm.cl\/index.php?rest_route=%2Fwp%2Fv2%2Fcomments&post=31726"}],"version-history":[{"count":2,"href":"https:\/\/radiorevelacionfm.cl\/index.php?rest_route=\/wp\/v2\/posts\/31726\/revisions"}],"predecessor-version":[{"id":31760,"href":"https:\/\/radiorevelacionfm.cl\/index.php?rest_route=\/wp\/v2\/posts\/31726\/revisions\/31760"}],"wp:featuredmedia":[{"embeddable":true,"href":"https:\/\/radiorevelacionfm.cl\/index.php?rest_route=\/wp\/v2\/media\/31727"}],"wp:attachment":[{"href":"https:\/\/radiorevelacionfm.cl\/index.php?rest_route=%2Fwp%2Fv2%2Fmedia&parent=31726"}],"wp:term":[{"taxonomy":"category","embeddable":true,"href":"https:\/\/radiorevelacionfm.cl\/index.php?rest_route=%2Fwp%2Fv2%2Fcategories&post=31726"},{"taxonomy":"post_tag","embeddable":true,"href":"https:\/\/radiorevelacionfm.cl\/index.php?rest_route=%2Fwp%2Fv2%2Ftags&post=31726"}],"curies":[{"name":"wp","href":"https:\/\/api.w.org\/{rel}","templated":true}]}}