{"id":31724,"date":"2023-06-06T18:41:14","date_gmt":"2023-06-06T21:41:14","guid":{"rendered":"https:\/\/radiorevelacionfm.cl\/?p=31724"},"modified":"2023-06-06T18:41:14","modified_gmt":"2023-06-06T21:41:14","slug":"calisto-tras-rechazo-de-indicacion-que-permitia-a-pescadores-de-la-decima-region-entrar-a-aysen-es-una-gran-noticia-y-un-avance-en-la-regionalizacion-de-nuestros-recursos","status":"publish","type":"post","link":"https:\/\/radiorevelacionfm.cl\/?p=31724","title":{"rendered":"Calisto tras rechazo de indicaci\u00f3n que permit\u00eda a pescadores de la D\u00e9cima Regi\u00f3n entrar a Ays\u00e9n: \u201cEs una gran noticia y un avance en la regionalizaci\u00f3n de nuestros recursos\u201d"},"content":{"rendered":"<div class=\"flex_column av_one_full  flex_column_div av-zero-column-padding first  avia-builder-el-0  el_before_av_one_full  avia-builder-el-first  \" style='border-radius:0px; '><div  class='avia-image-container  av-styling-    avia-builder-el-1  avia-builder-el-no-sibling  avia-align-center '  itemprop=\"image\" itemscope=\"itemscope\" itemtype=\"https:\/\/schema.org\/ImageObject\"  ><div class='avia-image-container-inner'><div class='avia-image-overlay-wrap'><img decoding=\"async\" class='wp-image-31287 avia-img-lazy-loading-not-31287 avia_image' src=\"https:\/\/radiorevelacionfm.cl\/wp-content\/uploads\/2023\/05\/CALISTO-PESCADORES-1-1-1.jpg\" alt='' title='CALISTO-PESCADORES-1-1 (1)' height=\"598\" width=\"1059\"  itemprop=\"thumbnailUrl\" srcset=\"https:\/\/radiorevelacionfm.cl\/wp-content\/uploads\/2023\/05\/CALISTO-PESCADORES-1-1-1.jpg 1059w, https:\/\/radiorevelacionfm.cl\/wp-content\/uploads\/2023\/05\/CALISTO-PESCADORES-1-1-1-300x169.jpg 300w, https:\/\/radiorevelacionfm.cl\/wp-content\/uploads\/2023\/05\/CALISTO-PESCADORES-1-1-1-1030x582.jpg 1030w, https:\/\/radiorevelacionfm.cl\/wp-content\/uploads\/2023\/05\/CALISTO-PESCADORES-1-1-1-768x434.jpg 768w, https:\/\/radiorevelacionfm.cl\/wp-content\/uploads\/2023\/05\/CALISTO-PESCADORES-1-1-1-705x398.jpg 705w, https:\/\/radiorevelacionfm.cl\/wp-content\/uploads\/2023\/05\/CALISTO-PESCADORES-1-1-1-450x254.jpg 450w, https:\/\/radiorevelacionfm.cl\/wp-content\/uploads\/2023\/05\/CALISTO-PESCADORES-1-1-1-600x339.jpg 600w\" sizes=\"(max-width: 1059px) 100vw, 1059px\" \/><\/div><\/div><\/div><\/div><div class=\"flex_column av_one_full  flex_column_div av-zero-column-padding first  avia-builder-el-2  el_after_av_one_full  el_before_av_one_full  column-top-margin\" style='border-radius:0px; '><section class=\"av_textblock_section \"  itemscope=\"itemscope\" itemtype=\"https:\/\/schema.org\/BlogPosting\" itemprop=\"blogPost\" ><div class='avia_textblock  '   itemprop=\"text\" ><p style=\"text-align: center;\"><strong><span style=\"font-size: 18pt;\">Calisto tras rechazo de indicaci\u00f3n que permit\u00eda a pescadores de la D\u00e9cima Regi\u00f3n entrar a Ays\u00e9n: \u201cEs una gran noticia y un avance en la regionalizaci\u00f3n de nuestros recursos\u201d<\/span><\/strong><\/p>\n<div id=\"gtx-trans\" style=\"position: absolute; left: -50px; top: 4.31534px;\">\n<div class=\"gtx-trans-icon\"><\/div>\n<\/div>\n<\/div><\/section><\/div><div class=\"flex_column av_one_full  flex_column_div av-zero-column-padding first  avia-builder-el-4  el_after_av_one_full  el_before_av_hr  column-top-margin\" style='border-radius:0px; '><section class=\"av_textblock_section \"  itemscope=\"itemscope\" itemtype=\"https:\/\/schema.org\/BlogPosting\" itemprop=\"blogPost\" ><div class='avia_textblock  '   itemprop=\"text\" ><p style=\"text-align: justify;\"><em>La sala de la C\u00e1mara rechaz\u00f3 la indicaci\u00f3n que hab\u00eda sido aprobada en la comisi\u00f3n de Pesca, hecho que fue valorado por el diputado Calisto.<\/em><\/p>\n<p style=\"text-align: justify;\">Como una gran noticia calific\u00f3 el diputado Miguel \u00c1ngel Calisto el rechazo en la sala de la C\u00e1mara de la indicaci\u00f3n que permit\u00eda el ingreso de flotas de la D\u00e9cima Regi\u00f3n a Ays\u00e9n a depredar los recursos marinos, iniciativa que hab\u00eda sido planteada por los parlamentarios de Los Lagos en la Comisi\u00f3n de Pesca en el marco del proyecto que regula la extracci\u00f3n de los productos bent\u00f3nicos.<\/p>\n<p style=\"text-align: justify;\">El diputado, quien particip\u00f3 en la tramitaci\u00f3n del proyecto como miembro de la Comisi\u00f3n de Pesca, estuvo durante toda la sesi\u00f3n conversando con sus pares, explic\u00e1ndoles lo da\u00f1ino que era esta iniciativa para la pesca de Ays\u00e9n y de otras regiones. Finalmente, la mayor\u00eda de la C\u00e1mara se inclin\u00f3 por rechazar la indicaci\u00f3n.<\/p>\n<p style=\"text-align: justify;\">Seg\u00fan el diputado Calisto \u201cestamos contentos, porque finalmente en la sala de la C\u00e1mara de Diputados logramos revertir la decisi\u00f3n que se hab\u00eda tomado en la comisi\u00f3n de pesca de permitir el ingreso de las flotas bent\u00f3nicas de la D\u00e9cima regi\u00f3n a Ays\u00e9n, sin ninguna compensaci\u00f3n. Hoy en la sala se rechaz\u00f3 esa propuesta, luego de varias conversaciones y entregar los argumentos a varios diputados de todo el pa\u00eds, logrando garantizar el resguardo y la protecci\u00f3n de los recursos bent\u00f3nicos de Ays\u00e9n\u201d.<\/p>\n<p style=\"text-align: justify;\">\u201cMelinka, Islas Huichas, Ra\u00fal Mar\u00edn, y todo el litoral son un territorio muy rico en recursos bent\u00f3nicos, y tenemos que protegerlo. No podemos dejar al arbitrio y al criterio de la D\u00e9cima Regi\u00f3n la explotaci\u00f3n sin ning\u00fan tipo de regulaci\u00f3n.\u00a0 Nosotros vamos a defender nuestros recursos naturales, tal c\u00f3mo lo hicimos en este proyecto al rechazar la propuesta que hab\u00eda incluido la D\u00e9cima Regi\u00f3n\u201d, indic\u00f3.<\/p>\n<p style=\"text-align: justify;\">Calisto agreg\u00f3 que \u201cestamos sumando un segundo triunfo, tomando en cuenta que hace algunos d\u00edas se rechaz\u00f3 un pol\u00e9mico art\u00edculo del Servicio de la Biodiversidad y \u00c1reas Protegidas, donde tambi\u00e9n se quer\u00eda coartar el \u00e1rea productiva en el litoral\u201d.<\/p>\n<p style=\"text-align: justify;\">Finalmente, el diputado afirm\u00f3 que \u201cno nos olvidemos que el 40% de la actividad productiva que se genera en la regi\u00f3n de Ays\u00e9n proviene de nuestro litoral. Por eso, debemos cuidar y resguardar los recursos marinos que aqu\u00ed encontramos. Tenemos que fortalecer nuestra flota pesquera regional, para que no seamos el patio trasero de otras regiones\u201d.<\/p>\n<\/div><\/section><\/div><div  style='height:50px' class='hr hr-invisible   avia-builder-el-6  el_after_av_one_full  el_before_av_social_share '><span class='hr-inner ' ><span class='hr-inner-style'><\/span><\/span><\/div><\/p>\n<div  class='av-social-sharing-box  avia-builder-el-7  el_after_av_hr  el_before_av_hr  '><div class='av-share-box'><h5 class='av-share-link-description av-no-toc '>Compartir esta noticia<\/h5><ul class='av-share-box-list noLightbox'><li class='av-share-link av-social-link-facebook' ><a target=\"_blank\" aria-label=\"Compartir en Facebook\" href='https:\/\/www.facebook.com\/sharer.php?u=https:\/\/radiorevelacionfm.cl\/?p=31724&#038;t=Calisto%20tras%20rechazo%20de%20indicaci%C3%B3n%20que%20permit%C3%ADa%20a%20pescadores%20de%20la%20D%C3%A9cima%20Regi%C3%B3n%20entrar%20a%20Ays%C3%A9n%3A%20%E2%80%9CEs%20una%20gran%20noticia%20y%20un%20avance%20en%20la%20regionalizaci%C3%B3n%20de%20nuestros%20recursos%E2%80%9D' aria-hidden='false' data-av_icon='\ue8f3' data-av_iconfont='entypo-fontello' title='' data-avia-related-tooltip='Compartir en Facebook' rel=\"noopener\"><span class='avia_hidden_link_text'>Compartir en Facebook<\/span><\/a><\/li><li class='av-share-link av-social-link-twitter' ><a target=\"_blank\" aria-label=\"Compartir en Twitter\" href='https:\/\/twitter.com\/share?text=Calisto%20tras%20rechazo%20de%20indicaci%C3%B3n%20que%20permit%C3%ADa%20a%20pescadores%20de%20la%20D%C3%A9cima%20Regi%C3%B3n%20entrar%20a%20Ays%C3%A9n%3A%20%E2%80%9CEs%20una%20gran%20noticia%20y%20un%20avance%20en%20la%20regionalizaci%C3%B3n%20de%20nuestros%20recursos%E2%80%9D&#038;url=https:\/\/radiorevelacionfm.cl\/?p=31724' aria-hidden='false' data-av_icon='\ue8f1' data-av_iconfont='entypo-fontello' title='' data-avia-related-tooltip='Compartir en Twitter' rel=\"noopener\"><span class='avia_hidden_link_text'>Compartir en Twitter<\/span><\/a><\/li><li class='av-share-link av-social-link-whatsapp' ><a target=\"_blank\" aria-label=\"Compartir en Whatsapp\" href='https:\/\/api.whatsapp.com\/send?text=https:\/\/radiorevelacionfm.cl\/?p=31724' aria-hidden='false' data-av_icon='\uf232' data-av_iconfont='entypo-fontello' title='' data-avia-related-tooltip='Compartir en Whatsapp' rel=\"noopener\"><span class='avia_hidden_link_text'>Compartir en Whatsapp<\/span><\/a><\/li><li class='av-share-link av-social-link-linkedin' ><a target=\"_blank\" aria-label=\"Compartir en LinkedIn\" href='https:\/\/linkedin.com\/shareArticle?mini=true&#038;title=Calisto%20tras%20rechazo%20de%20indicaci%C3%B3n%20que%20permit%C3%ADa%20a%20pescadores%20de%20la%20D%C3%A9cima%20Regi%C3%B3n%20entrar%20a%20Ays%C3%A9n%3A%20%E2%80%9CEs%20una%20gran%20noticia%20y%20un%20avance%20en%20la%20regionalizaci%C3%B3n%20de%20nuestros%20recursos%E2%80%9D&#038;url=https:\/\/radiorevelacionfm.cl\/?p=31724' aria-hidden='false' data-av_icon='\ue8fc' data-av_iconfont='entypo-fontello' title='' data-avia-related-tooltip='Compartir en LinkedIn' rel=\"noopener\"><span class='avia_hidden_link_text'>Compartir en LinkedIn<\/span><\/a><\/li><li class='av-share-link av-social-link-mail' ><a  aria-label=\"Compartir por correo\" href='mailto:?subject=Calisto%20tras%20rechazo%20de%20indicaci%C3%B3n%20que%20permit%C3%ADa%20a%20pescadores%20de%20la%20D%C3%A9cima%20Regi%C3%B3n%20entrar%20a%20Ays%C3%A9n%3A%20%E2%80%9CEs%20una%20gran%20noticia%20y%20un%20avance%20en%20la%20regionalizaci%C3%B3n%20de%20nuestros%20recursos%E2%80%9D&#038;body=https:\/\/radiorevelacionfm.cl\/?p=31724' aria-hidden='false' data-av_icon='\ue805' data-av_iconfont='entypo-fontello' title='' data-avia-related-tooltip='Compartir por correo'><span class='avia_hidden_link_text'>Compartir por correo<\/span><\/a><\/li><\/ul><\/div><\/div>\n<div  style='height:50px' class='hr hr-invisible   avia-builder-el-8  el_after_av_social_share  el_before_av_comments_list '><span class='hr-inner ' ><span class='hr-inner-style'><\/span><\/span><\/div>\n<div  class='av-buildercomment  av-blog-meta-html-info-disabled av-blog-meta-tag-disabled  '><\/div>\n","protected":false},"excerpt":{"rendered":"","protected":false},"author":1,"featured_media":31287,"comment_status":"open","ping_status":"open","sticky":false,"template":"","format":"standard","meta":{"footnotes":""},"categories":[35],"tags":[],"class_list":["post-31724","post","type-post","status-publish","format-standard","has-post-thumbnail","hentry","category-politica"],"jetpack_featured_media_url":"https:\/\/radiorevelacionfm.cl\/wp-content\/uploads\/2023\/05\/CALISTO-PESCADORES-1-1-1.jpg","_links":{"self":[{"href":"https:\/\/radiorevelacionfm.cl\/index.php?rest_route=\/wp\/v2\/posts\/31724","targetHints":{"allow":["GET"]}}],"collection":[{"href":"https:\/\/radiorevelacionfm.cl\/index.php?rest_route=\/wp\/v2\/posts"}],"about":[{"href":"https:\/\/radiorevelacionfm.cl\/index.php?rest_route=\/wp\/v2\/types\/post"}],"author":[{"embeddable":true,"href":"https:\/\/radiorevelacionfm.cl\/index.php?rest_route=\/wp\/v2\/users\/1"}],"replies":[{"embeddable":true,"href":"https:\/\/radiorevelacionfm.cl\/index.php?rest_route=%2Fwp%2Fv2%2Fcomments&post=31724"}],"version-history":[{"count":1,"href":"https:\/\/radiorevelacionfm.cl\/index.php?rest_route=\/wp\/v2\/posts\/31724\/revisions"}],"predecessor-version":[{"id":31725,"href":"https:\/\/radiorevelacionfm.cl\/index.php?rest_route=\/wp\/v2\/posts\/31724\/revisions\/31725"}],"wp:featuredmedia":[{"embeddable":true,"href":"https:\/\/radiorevelacionfm.cl\/index.php?rest_route=\/wp\/v2\/media\/31287"}],"wp:attachment":[{"href":"https:\/\/radiorevelacionfm.cl\/index.php?rest_route=%2Fwp%2Fv2%2Fmedia&parent=31724"}],"wp:term":[{"taxonomy":"category","embeddable":true,"href":"https:\/\/radiorevelacionfm.cl\/index.php?rest_route=%2Fwp%2Fv2%2Fcategories&post=31724"},{"taxonomy":"post_tag","embeddable":true,"href":"https:\/\/radiorevelacionfm.cl\/index.php?rest_route=%2Fwp%2Fv2%2Ftags&post=31724"}],"curies":[{"name":"wp","href":"https:\/\/api.w.org\/{rel}","templated":true}]}}