{"id":31716,"date":"2023-06-06T13:44:04","date_gmt":"2023-06-06T16:44:04","guid":{"rendered":"https:\/\/radiorevelacionfm.cl\/?p=31716"},"modified":"2023-06-06T13:44:04","modified_gmt":"2023-06-06T16:44:04","slug":"familias-de-los-tres-jardines-de-puerto-aysen-conocieron-la-alimentacion-de-sus-hijos-en-junji","status":"publish","type":"post","link":"https:\/\/radiorevelacionfm.cl\/?p=31716","title":{"rendered":"Familias de los tres jardines de Puerto Ays\u00e9n conocieron la alimentaci\u00f3n de sus hijos en Junji"},"content":{"rendered":"<div class=\"flex_column av_one_full  flex_column_div av-zero-column-padding first  avia-builder-el-0  el_before_av_one_full  avia-builder-el-first  \" style='border-radius:0px; '><div  class='avia-image-container  av-styling-    avia-builder-el-1  avia-builder-el-no-sibling  avia-align-center '  itemprop=\"image\" itemscope=\"itemscope\" itemtype=\"https:\/\/schema.org\/ImageObject\"  ><div class='avia-image-container-inner'><div class='avia-image-overlay-wrap'><img decoding=\"async\" class='wp-image-31717 avia-img-lazy-loading-not-31717 avia_image' src=\"https:\/\/radiorevelacionfm.cl\/wp-content\/uploads\/2023\/06\/350261865_643179443897803_5706708779306798158_n-1-1.jpg\" alt='' title='350261865_643179443897803_5706708779306798158_n (1) (1)' height=\"600\" width=\"800\"  itemprop=\"thumbnailUrl\" srcset=\"https:\/\/radiorevelacionfm.cl\/wp-content\/uploads\/2023\/06\/350261865_643179443897803_5706708779306798158_n-1-1.jpg 800w, https:\/\/radiorevelacionfm.cl\/wp-content\/uploads\/2023\/06\/350261865_643179443897803_5706708779306798158_n-1-1-300x225.jpg 300w, https:\/\/radiorevelacionfm.cl\/wp-content\/uploads\/2023\/06\/350261865_643179443897803_5706708779306798158_n-1-1-768x576.jpg 768w, https:\/\/radiorevelacionfm.cl\/wp-content\/uploads\/2023\/06\/350261865_643179443897803_5706708779306798158_n-1-1-705x529.jpg 705w, https:\/\/radiorevelacionfm.cl\/wp-content\/uploads\/2023\/06\/350261865_643179443897803_5706708779306798158_n-1-1-450x338.jpg 450w, https:\/\/radiorevelacionfm.cl\/wp-content\/uploads\/2023\/06\/350261865_643179443897803_5706708779306798158_n-1-1-600x450.jpg 600w\" sizes=\"(max-width: 800px) 100vw, 800px\" \/><\/div><\/div><\/div><\/div><div class=\"flex_column av_one_full  flex_column_div av-zero-column-padding first  avia-builder-el-2  el_after_av_one_full  el_before_av_one_full  column-top-margin\" style='border-radius:0px; '><section class=\"av_textblock_section \"  itemscope=\"itemscope\" itemtype=\"https:\/\/schema.org\/BlogPosting\" itemprop=\"blogPost\" ><div class='avia_textblock  '   itemprop=\"text\" ><p style=\"text-align: center;\"><strong><span style=\"font-size: 18pt;\">Familias de los tres jardines de Puerto Ays\u00e9n conocieron la alimentaci\u00f3n de sus hijos en Junji<\/span><\/strong><\/p>\n<div id=\"gtx-trans\" style=\"position: absolute; left: -50px; top: 4.31534px;\">\n<div class=\"gtx-trans-icon\"><\/div>\n<\/div>\n<\/div><\/section><\/div><div class=\"flex_column av_one_full  flex_column_div av-zero-column-padding first  avia-builder-el-4  el_after_av_one_full  el_before_av_hr  column-top-margin\" style='border-radius:0px; '><section class=\"av_textblock_section \"  itemscope=\"itemscope\" itemtype=\"https:\/\/schema.org\/BlogPosting\" itemprop=\"blogPost\" ><div class='avia_textblock  '   itemprop=\"text\" ><p class=\"v1MsoNormal\" style=\"text-align: justify;\" align=\"center\">\u00bfQu\u00e9 comen los ni\u00f1os y ni\u00f1as cuando van al jard\u00edn? Respondiendo a esta pregunta a\u00a0trav\u00e9s de un conversatorio organizado por la subdirecci\u00f3n de comunicaciones y ciudadan\u00eda, las familias de los jardines \u00abLobito Feroz\u00bb, \u00abCreciendo Contento\u00bb y \u00abCapullitos de Calafate\u00bb as\u00ed como las funcionarias y funcionarios de la instituci\u00f3n de educaci\u00f3n inicial, pudieron interiorizarse cu\u00e1l es la nutrici\u00f3n que posee la alimentaci\u00f3n que se entrega en Junji Ays\u00e9n.<\/p>\n<p class=\"v1MsoNormal\" style=\"text-align: justify;\">Conociendo la Alimentaci\u00f3n en el Jard\u00edn Infantil, fue el t\u00edtulo de esta instancia que, en palabras de la nutricionista de Junji Ays\u00e9n, Valentina Paredes, es un acercamiento a las familias necesario e importante:\u00a0\u00abEstas son estrategias que se han implementado desde la direcci\u00f3n regionales de Junji, con motivo de mejorar la alimentaci\u00f3n saludable des los ni\u00f1os y ni\u00f1as, tanto en los jardines como en los hogares. Nos permite visualizar la alimentaci\u00f3n que se entrega en los jardines y las familias as\u00ed tienen conciencia qu\u00e9 comen los p\u00e1rvulos y que es de manera saludable y que tienen el requerimiento cal\u00f3rico diario\u00bb se\u00f1al\u00f3.<\/p>\n<p class=\"v1MsoNormal\" style=\"text-align: justify;\">Junto con una exposici\u00f3n informativa y la entrega de un d\u00edptico con las minutas alimenticias detalladas, se sum\u00f3 una degustaci\u00f3n, la que fue valorada tanto por apoderados y apoderadas como por parte de las directoras, as\u00ed lo se\u00f1al\u00f3 Andrea G\u00f3mez, directora Jard\u00edn infantil \u00abLobito Feroz\u00bb; \u00abAgradecida que estas instancias se hagan en la comuna de Ays\u00e9n. Agradecida de las familias que vinieron a conocer la alimentaci\u00f3n que se les da a d\u00eda a d\u00eda a los ni\u00f1os y ni\u00f1as de los jardines infantiles de Junji. Porque hay profesionales de apoyo detr\u00e1s de esto ya que no es un hacer por hacer. Muy contenta que vengan las nutricionistas, tanto de la empresa concesionaria, como de Junji y que las familias puedan degustar los que sus hijos e hijas comen\u00bb.<\/p>\n<p class=\"v1MsoNormal\" style=\"text-align: justify;\">As\u00ed tambi\u00e9n las familias dijeron sentirse tranquilas porque ahora conocen con detalle los que sus hijos e hijas consumen en el jard\u00edn: \u00abEstuvo muy bueno, porque uno se queda m\u00e1s tranquila en la casa sabiendo qu\u00e9 comen sus hijos en el jard\u00edn, con todas las propiedades y beneficios que tienen. Lo importante es que fueron s\u00faper claras para explicar todo\u00bb dijo Carolina Aburto, apoderada JI Lobito Feroz.<\/p>\n<p class=\"v1MsoNormal\" style=\"text-align: justify;\">Una opini\u00f3n que fue compartida por dos apoderadas m\u00e1s del JI \u00abLobito Feroz\u00bb, Miguelina Naguelquin y Valeria M\u00e1rquez: \u00abMe pareci\u00f3 muy interesante, porque antes no se hac\u00edan estas cosas tan bien explicadas. Me gust\u00f3 harto que nos contaran cu\u00e1l es la alimentaci\u00f3n de sus hijos y me voy tranquila, porque as\u00ed uno sabe que los ni\u00f1os est\u00e1n bien\u00bb dijo Miguelina. Por su parte Valeria se\u00f1al\u00f3: \u00abS\u00faper bueno (el conversatorio) uno se informa de lo que ellos comen, me gust\u00f3 la iniciativa, y me gust\u00f3 la explicaci\u00f3n de los ni\u00f1os que son al\u00e9rgicos, como los integran\u00bb.<\/p>\n<\/div><\/section><\/div><div  style='height:50px' class='hr hr-invisible   avia-builder-el-6  el_after_av_one_full  el_before_av_social_share '><span class='hr-inner ' ><span class='hr-inner-style'><\/span><\/span><\/div><\/p>\n<div  class='av-social-sharing-box  avia-builder-el-7  el_after_av_hr  el_before_av_hr  '><div class='av-share-box'><h5 class='av-share-link-description av-no-toc '>Compartir esta noticia<\/h5><ul class='av-share-box-list noLightbox'><li class='av-share-link av-social-link-facebook' ><a target=\"_blank\" aria-label=\"Compartir en Facebook\" href='https:\/\/www.facebook.com\/sharer.php?u=https:\/\/radiorevelacionfm.cl\/?p=31716&#038;t=Familias%20de%20los%20tres%20jardines%20de%20Puerto%20Ays%C3%A9n%20conocieron%20la%20alimentaci%C3%B3n%20de%20sus%20hijos%20en%20Junji' aria-hidden='false' data-av_icon='\ue8f3' data-av_iconfont='entypo-fontello' title='' data-avia-related-tooltip='Compartir en Facebook' rel=\"noopener\"><span class='avia_hidden_link_text'>Compartir en Facebook<\/span><\/a><\/li><li class='av-share-link av-social-link-twitter' ><a target=\"_blank\" aria-label=\"Compartir en Twitter\" href='https:\/\/twitter.com\/share?text=Familias%20de%20los%20tres%20jardines%20de%20Puerto%20Ays%C3%A9n%20conocieron%20la%20alimentaci%C3%B3n%20de%20sus%20hijos%20en%20Junji&#038;url=https:\/\/radiorevelacionfm.cl\/?p=31716' aria-hidden='false' data-av_icon='\ue8f1' data-av_iconfont='entypo-fontello' title='' data-avia-related-tooltip='Compartir en Twitter' rel=\"noopener\"><span class='avia_hidden_link_text'>Compartir en Twitter<\/span><\/a><\/li><li class='av-share-link av-social-link-whatsapp' ><a target=\"_blank\" aria-label=\"Compartir en Whatsapp\" href='https:\/\/api.whatsapp.com\/send?text=https:\/\/radiorevelacionfm.cl\/?p=31716' aria-hidden='false' data-av_icon='\uf232' data-av_iconfont='entypo-fontello' title='' data-avia-related-tooltip='Compartir en Whatsapp' rel=\"noopener\"><span class='avia_hidden_link_text'>Compartir en Whatsapp<\/span><\/a><\/li><li class='av-share-link av-social-link-linkedin' ><a target=\"_blank\" aria-label=\"Compartir en LinkedIn\" href='https:\/\/linkedin.com\/shareArticle?mini=true&#038;title=Familias%20de%20los%20tres%20jardines%20de%20Puerto%20Ays%C3%A9n%20conocieron%20la%20alimentaci%C3%B3n%20de%20sus%20hijos%20en%20Junji&#038;url=https:\/\/radiorevelacionfm.cl\/?p=31716' aria-hidden='false' data-av_icon='\ue8fc' data-av_iconfont='entypo-fontello' title='' data-avia-related-tooltip='Compartir en LinkedIn' rel=\"noopener\"><span class='avia_hidden_link_text'>Compartir en LinkedIn<\/span><\/a><\/li><li class='av-share-link av-social-link-mail' ><a  aria-label=\"Compartir por correo\" href='mailto:?subject=Familias%20de%20los%20tres%20jardines%20de%20Puerto%20Ays%C3%A9n%20conocieron%20la%20alimentaci%C3%B3n%20de%20sus%20hijos%20en%20Junji&#038;body=https:\/\/radiorevelacionfm.cl\/?p=31716' aria-hidden='false' data-av_icon='\ue805' data-av_iconfont='entypo-fontello' title='' data-avia-related-tooltip='Compartir por correo'><span class='avia_hidden_link_text'>Compartir por correo<\/span><\/a><\/li><\/ul><\/div><\/div>\n<div  style='height:50px' class='hr hr-invisible   avia-builder-el-8  el_after_av_social_share  el_before_av_comments_list '><span class='hr-inner ' ><span class='hr-inner-style'><\/span><\/span><\/div>\n<div  class='av-buildercomment  av-blog-meta-html-info-disabled av-blog-meta-tag-disabled  '><\/div>\n","protected":false},"excerpt":{"rendered":"","protected":false},"author":1,"featured_media":31717,"comment_status":"open","ping_status":"open","sticky":false,"template":"","format":"standard","meta":{"footnotes":""},"categories":[49],"tags":[],"class_list":["post-31716","post","type-post","status-publish","format-standard","has-post-thumbnail","hentry","category-educacion"],"jetpack_featured_media_url":"https:\/\/radiorevelacionfm.cl\/wp-content\/uploads\/2023\/06\/350261865_643179443897803_5706708779306798158_n-1-1.jpg","_links":{"self":[{"href":"https:\/\/radiorevelacionfm.cl\/index.php?rest_route=\/wp\/v2\/posts\/31716","targetHints":{"allow":["GET"]}}],"collection":[{"href":"https:\/\/radiorevelacionfm.cl\/index.php?rest_route=\/wp\/v2\/posts"}],"about":[{"href":"https:\/\/radiorevelacionfm.cl\/index.php?rest_route=\/wp\/v2\/types\/post"}],"author":[{"embeddable":true,"href":"https:\/\/radiorevelacionfm.cl\/index.php?rest_route=\/wp\/v2\/users\/1"}],"replies":[{"embeddable":true,"href":"https:\/\/radiorevelacionfm.cl\/index.php?rest_route=%2Fwp%2Fv2%2Fcomments&post=31716"}],"version-history":[{"count":1,"href":"https:\/\/radiorevelacionfm.cl\/index.php?rest_route=\/wp\/v2\/posts\/31716\/revisions"}],"predecessor-version":[{"id":31718,"href":"https:\/\/radiorevelacionfm.cl\/index.php?rest_route=\/wp\/v2\/posts\/31716\/revisions\/31718"}],"wp:featuredmedia":[{"embeddable":true,"href":"https:\/\/radiorevelacionfm.cl\/index.php?rest_route=\/wp\/v2\/media\/31717"}],"wp:attachment":[{"href":"https:\/\/radiorevelacionfm.cl\/index.php?rest_route=%2Fwp%2Fv2%2Fmedia&parent=31716"}],"wp:term":[{"taxonomy":"category","embeddable":true,"href":"https:\/\/radiorevelacionfm.cl\/index.php?rest_route=%2Fwp%2Fv2%2Fcategories&post=31716"},{"taxonomy":"post_tag","embeddable":true,"href":"https:\/\/radiorevelacionfm.cl\/index.php?rest_route=%2Fwp%2Fv2%2Ftags&post=31716"}],"curies":[{"name":"wp","href":"https:\/\/api.w.org\/{rel}","templated":true}]}}