{"id":3171,"date":"2021-04-15T20:13:04","date_gmt":"2021-04-15T23:13:04","guid":{"rendered":"https:\/\/radiorevelacionfm.cl\/?p=3171"},"modified":"2021-04-15T20:20:36","modified_gmt":"2021-04-15T23:20:36","slug":"seremi-de-salud-inicia-sumario-por-adulteracion-de-examen-pcr-en-aerodromo-de-balmaceda","status":"publish","type":"post","link":"https:\/\/radiorevelacionfm.cl\/?p=3171","title":{"rendered":"Seremi de Salud inicia sumario por adulteraci\u00f3n de examen PCR (-) detectado en aer\u00f3dromo de Balmaceda"},"content":{"rendered":"<div class=\"flex_column av_one_full  flex_column_div av-zero-column-padding first  avia-builder-el-0  el_before_av_one_full  avia-builder-el-first  \" style='border-radius:0px; '><div  class='avia-image-container  av-styling-    avia-builder-el-1  avia-builder-el-no-sibling  avia-align-center '  itemprop=\"image\" itemscope=\"itemscope\" itemtype=\"https:\/\/schema.org\/ImageObject\"  ><div class='avia-image-container-inner'><div class='avia-image-overlay-wrap'><img decoding=\"async\" class='wp-image-0 avia-img-lazy-loading-not-0 avia_image' src=\"https:\/\/radiorevelacionfm.cl\/wp-content\/uploads\/2021\/04\/aduana-sanitaria-aerea-FOTO-REFERENCIAL-1.jpg\" alt='' title=''   itemprop=\"thumbnailUrl\"  \/><\/div><\/div><\/div><\/div>\n<div class=\"flex_column av_one_full  flex_column_div av-zero-column-padding first  avia-builder-el-2  el_after_av_one_full  el_before_av_one_full  column-top-margin\" style='border-radius:0px; '><section class=\"av_textblock_section \"  itemscope=\"itemscope\" itemtype=\"https:\/\/schema.org\/BlogPosting\" itemprop=\"blogPost\" ><div class='avia_textblock  '   itemprop=\"text\" ><p style=\"text-align: center;\"><span style=\"font-size: 18pt;\"><strong>Seremi de Salud inicia sumario por adulteraci\u00f3n de examen PCR (-) detectado en aer\u00f3dromo de Balmaceda<\/strong><\/span><\/p>\n<div id=\"gtx-trans\" style=\"position: absolute; left: -50px; top: 4.31534px;\">\n<div class=\"gtx-trans-icon\"><\/div>\n<\/div>\n<\/div><\/section><\/div><div class=\"flex_column av_one_full  flex_column_div av-zero-column-padding first  avia-builder-el-4  el_after_av_one_full  el_before_av_hr  column-top-margin\" style='border-radius:0px; '><section class=\"av_textblock_section \"  itemscope=\"itemscope\" itemtype=\"https:\/\/schema.org\/BlogPosting\" itemprop=\"blogPost\" ><div class='avia_textblock  '   itemprop=\"text\" ><p style=\"text-align: justify;\">Los hechos ocurrieron cuando un pasajero proveniente del norte del pa\u00eds, arrib\u00f3 al aer\u00f3dromo de Balmaceda con documentaci\u00f3n de PCR (-) adulterado, siendo sorprendido por fiscalizadores sanitarios.<\/p>\n<p style=\"text-align: justify;\">En el transcurso de la tarde de este mi\u00e9rcoles 14 de abril, durante el arribo de un vuelo al aer\u00f3dromo de Balmaceda proveniente desde el norte del pa\u00eds, fiscalizadores de la Secretar\u00eda Regional Ministerial de Ays\u00e9n -en su labor habitual de controles sanitarios- detectaron un anomal\u00eda en la documentaci\u00f3n presentada por un pasajero; situaci\u00f3n que posteriormente fue corroborada a trav\u00e9s del sistema de EPIVIGILA del Ministerio de Salud, inici\u00e1ndose un sumario sanitario.<\/p>\n<p style=\"text-align: justify;\">Los hechos ocurrieron cerca de las 16hrs, cuando un pasajero de 39 a\u00f1os de edad present\u00f3 su documentaci\u00f3n de ingreso a la regi\u00f3n en forma digital a trav\u00e9s de su tel\u00e9fono celular, en el cual se inclu\u00eda un examen PCR (-) con fecha 12 de abril.\u00a0 Fue en este momento en que el fiscalizador, al revisar con detalle esta informaci\u00f3n, se percat\u00f3 que el documento denotaba irregularidades por lo que solicit\u00f3 chequear estos antecedentes en la base de datos de EPIVIGILA del Ministerio de Salud, lo cual arroj\u00f3 que la fecha del ex\u00e1men no era la misma de la plataforma, ya que la toma del PCR figuraba con fecha 05 de abril.<\/p>\n<p style=\"text-align: justify;\">Frente a este hecho, la Seremi de Salud Ays\u00e9n, Alejandra Valdebenito Torres, indic\u00f3 que una vez corroborados estos hechos se levant\u00f3 un sumario en contra de esta persona.\u00a0 \u201cFrente a este hecho, se procedi\u00f3 a levantar un sumario sanitario por ingresar sin examen PCR (-) a la regi\u00f3n de Ays\u00e9n, y por presentar documentaci\u00f3n adulterada como lo es el documento del PCR (-).\u00a0 El pasajero proven\u00eda de del norte del pa\u00eds, de una comuna en fase 3, seg\u00fan lo expuesto por \u00e9l mismo. Ahora, debido al tiempo en que se realiz\u00f3 este procedimiento donde se tuvo que consultar la base de datos del sistema EPIVIGILA del Ministerio de Salud, donde se encuentran los datos de todas las personas que se realizan ex\u00e1menes por PCR, la persona sumariada no alcanz\u00f3 a ser devuelta a su lugar de origen en el norte del pa\u00eds, indic\u00e1ndose cuarentena en un domicilio de Puerto Ays\u00e9n que \u00e9l registr\u00f3 en su ingreso a la regi\u00f3n\u201d.<\/p>\n<p style=\"text-align: justify;\">Asimismo, la autoridad sanitaria junto con lamentar esta situaci\u00f3n, valor\u00f3 el trabajo de los fiscalizadores de salud durante esta pandemia. \u201cLa adulteraci\u00f3n en la documentaci\u00f3n de ingreso a la regi\u00f3n, sin duda que es un hecho lamentable que demuestra la nula empat\u00eda e inter\u00e9s por colaborar con la salud de quienes nos rodean, porque sin un examen PCR (-) al d\u00eda, la persona no tiene como saber si es o no un portador de COVID-19 asintom\u00e1tico.\u00a0 Ahora, hay que reconocer tambi\u00e9n el trabajo que realizan los equipos de salud y sus fiscalizadores desde el inicio de esta pandemia, quienes en extensas jornadas laborales contin\u00faan d\u00eda a d\u00eda con su labor, que muchas veces es ingrata, para intentar resguardar la salud de nuestra comunidad. Una vez m\u00e1s, mis reconocimientos para cada uno de ellos\u201d.<\/p>\n<p style=\"text-align: justify;\">Finalmente, cabe se\u00f1alar que los sumarios sanitarios que se han cursado en esta pandemia, van desde 0,5 a 50 UTM.<\/p>\n<\/div><\/section><\/div><\/p>\n<div  style='height:50px' class='hr hr-invisible   avia-builder-el-6  el_after_av_one_full  el_before_av_social_share '><span class='hr-inner ' ><span class='hr-inner-style'><\/span><\/span><\/div>\n<div  class='av-social-sharing-box  avia-builder-el-7  el_after_av_hr  el_before_av_hr  '><div class='av-share-box'><h5 class='av-share-link-description av-no-toc '>Compartir esta noticia<\/h5><ul class='av-share-box-list noLightbox'><li class='av-share-link av-social-link-facebook' ><a target=\"_blank\" aria-label=\"Compartir en Facebook\" href='https:\/\/www.facebook.com\/sharer.php?u=https:\/\/radiorevelacionfm.cl\/?p=3171&#038;t=Seremi%20de%20Salud%20inicia%20sumario%20por%20adulteraci%C3%B3n%20de%20examen%20PCR%20%28-%29%20detectado%20en%20aer%C3%B3dromo%20de%20Balmaceda' aria-hidden='false' data-av_icon='\ue8f3' data-av_iconfont='entypo-fontello' title='' data-avia-related-tooltip='Compartir en Facebook' rel=\"noopener\"><span class='avia_hidden_link_text'>Compartir en Facebook<\/span><\/a><\/li><li class='av-share-link av-social-link-twitter' ><a target=\"_blank\" aria-label=\"Compartir en Twitter\" href='https:\/\/twitter.com\/share?text=Seremi%20de%20Salud%20inicia%20sumario%20por%20adulteraci%C3%B3n%20de%20examen%20PCR%20%28-%29%20detectado%20en%20aer%C3%B3dromo%20de%20Balmaceda&#038;url=https:\/\/radiorevelacionfm.cl\/?p=3171' aria-hidden='false' data-av_icon='\ue8f1' data-av_iconfont='entypo-fontello' title='' data-avia-related-tooltip='Compartir en Twitter' rel=\"noopener\"><span class='avia_hidden_link_text'>Compartir en Twitter<\/span><\/a><\/li><li class='av-share-link av-social-link-whatsapp' ><a target=\"_blank\" aria-label=\"Compartir en Whatsapp\" href='https:\/\/api.whatsapp.com\/send?text=https:\/\/radiorevelacionfm.cl\/?p=3171' aria-hidden='false' data-av_icon='\uf232' data-av_iconfont='entypo-fontello' title='' data-avia-related-tooltip='Compartir en Whatsapp' rel=\"noopener\"><span class='avia_hidden_link_text'>Compartir en Whatsapp<\/span><\/a><\/li><li class='av-share-link av-social-link-linkedin' ><a target=\"_blank\" aria-label=\"Compartir en LinkedIn\" href='https:\/\/linkedin.com\/shareArticle?mini=true&#038;title=Seremi%20de%20Salud%20inicia%20sumario%20por%20adulteraci%C3%B3n%20de%20examen%20PCR%20%28-%29%20detectado%20en%20aer%C3%B3dromo%20de%20Balmaceda&#038;url=https:\/\/radiorevelacionfm.cl\/?p=3171' aria-hidden='false' data-av_icon='\ue8fc' data-av_iconfont='entypo-fontello' title='' data-avia-related-tooltip='Compartir en LinkedIn' rel=\"noopener\"><span class='avia_hidden_link_text'>Compartir en LinkedIn<\/span><\/a><\/li><li class='av-share-link av-social-link-mail' ><a  aria-label=\"Compartir por correo\" href='mailto:?subject=Seremi%20de%20Salud%20inicia%20sumario%20por%20adulteraci%C3%B3n%20de%20examen%20PCR%20%28-%29%20detectado%20en%20aer%C3%B3dromo%20de%20Balmaceda&#038;body=https:\/\/radiorevelacionfm.cl\/?p=3171' aria-hidden='false' data-av_icon='\ue805' data-av_iconfont='entypo-fontello' title='' data-avia-related-tooltip='Compartir por correo'><span class='avia_hidden_link_text'>Compartir por correo<\/span><\/a><\/li><\/ul><\/div><\/div>\n<div  style='height:50px' class='hr hr-invisible   avia-builder-el-8  el_after_av_social_share  el_before_av_comments_list '><span class='hr-inner ' ><span class='hr-inner-style'><\/span><\/span><\/div>\n<div  class='av-buildercomment  av-blog-meta-html-info-disabled av-blog-meta-tag-disabled  '><\/div>\n","protected":false},"excerpt":{"rendered":"","protected":false},"author":1,"featured_media":0,"comment_status":"open","ping_status":"open","sticky":false,"template":"","format":"standard","meta":{"footnotes":""},"categories":[46],"tags":[],"class_list":["post-3171","post","type-post","status-publish","format-standard","hentry","category-salud"],"jetpack_featured_media_url":"","_links":{"self":[{"href":"https:\/\/radiorevelacionfm.cl\/index.php?rest_route=\/wp\/v2\/posts\/3171","targetHints":{"allow":["GET"]}}],"collection":[{"href":"https:\/\/radiorevelacionfm.cl\/index.php?rest_route=\/wp\/v2\/posts"}],"about":[{"href":"https:\/\/radiorevelacionfm.cl\/index.php?rest_route=\/wp\/v2\/types\/post"}],"author":[{"embeddable":true,"href":"https:\/\/radiorevelacionfm.cl\/index.php?rest_route=\/wp\/v2\/users\/1"}],"replies":[{"embeddable":true,"href":"https:\/\/radiorevelacionfm.cl\/index.php?rest_route=%2Fwp%2Fv2%2Fcomments&post=3171"}],"version-history":[{"count":2,"href":"https:\/\/radiorevelacionfm.cl\/index.php?rest_route=\/wp\/v2\/posts\/3171\/revisions"}],"predecessor-version":[{"id":3174,"href":"https:\/\/radiorevelacionfm.cl\/index.php?rest_route=\/wp\/v2\/posts\/3171\/revisions\/3174"}],"wp:attachment":[{"href":"https:\/\/radiorevelacionfm.cl\/index.php?rest_route=%2Fwp%2Fv2%2Fmedia&parent=3171"}],"wp:term":[{"taxonomy":"category","embeddable":true,"href":"https:\/\/radiorevelacionfm.cl\/index.php?rest_route=%2Fwp%2Fv2%2Fcategories&post=3171"},{"taxonomy":"post_tag","embeddable":true,"href":"https:\/\/radiorevelacionfm.cl\/index.php?rest_route=%2Fwp%2Fv2%2Ftags&post=3171"}],"curies":[{"name":"wp","href":"https:\/\/api.w.org\/{rel}","templated":true}]}}