{"id":31706,"date":"2023-06-06T15:49:11","date_gmt":"2023-06-06T18:49:11","guid":{"rendered":"https:\/\/radiorevelacionfm.cl\/?p=31706"},"modified":"2023-06-06T15:49:11","modified_gmt":"2023-06-06T18:49:11","slug":"sernapesca-reafirma-su-labor-en-el-dia-de-la-lucha-contra-la-pesca-ilegal","status":"publish","type":"post","link":"https:\/\/radiorevelacionfm.cl\/?p=31706","title":{"rendered":"Sernapesca reafirma su labor en el D\u00eda de la Lucha contra la Pesca Ilegal"},"content":{"rendered":"<div class=\"flex_column av_one_full  flex_column_div av-zero-column-padding first  avia-builder-el-0  el_before_av_one_full  avia-builder-el-first  \" style='border-radius:0px; '><div  class='avia-image-container  av-styling-    avia-builder-el-1  avia-builder-el-no-sibling  avia-align-center '  itemprop=\"image\" itemscope=\"itemscope\" itemtype=\"https:\/\/schema.org\/ImageObject\"  ><div class='avia-image-container-inner'><div class='avia-image-overlay-wrap'><img decoding=\"async\" class='wp-image-31707 avia-img-lazy-loading-not-31707 avia_image' src=\"https:\/\/radiorevelacionfm.cl\/wp-content\/uploads\/2023\/06\/pesca-ilegal-2-1-1.jpg\" alt='' title='pesca ilegal (2) (1) (1)' height=\"600\" width=\"800\"  itemprop=\"thumbnailUrl\" srcset=\"https:\/\/radiorevelacionfm.cl\/wp-content\/uploads\/2023\/06\/pesca-ilegal-2-1-1.jpg 800w, https:\/\/radiorevelacionfm.cl\/wp-content\/uploads\/2023\/06\/pesca-ilegal-2-1-1-300x225.jpg 300w, https:\/\/radiorevelacionfm.cl\/wp-content\/uploads\/2023\/06\/pesca-ilegal-2-1-1-768x576.jpg 768w, https:\/\/radiorevelacionfm.cl\/wp-content\/uploads\/2023\/06\/pesca-ilegal-2-1-1-705x529.jpg 705w, https:\/\/radiorevelacionfm.cl\/wp-content\/uploads\/2023\/06\/pesca-ilegal-2-1-1-450x338.jpg 450w, https:\/\/radiorevelacionfm.cl\/wp-content\/uploads\/2023\/06\/pesca-ilegal-2-1-1-600x450.jpg 600w\" sizes=\"(max-width: 800px) 100vw, 800px\" \/><\/div><\/div><\/div><\/div><div class=\"flex_column av_one_full  flex_column_div av-zero-column-padding first  avia-builder-el-2  el_after_av_one_full  el_before_av_one_full  column-top-margin\" style='border-radius:0px; '><section class=\"av_textblock_section \"  itemscope=\"itemscope\" itemtype=\"https:\/\/schema.org\/BlogPosting\" itemprop=\"blogPost\" ><div class='avia_textblock  '   itemprop=\"text\" ><p style=\"text-align: center;\"><span style=\"font-size: 18pt;\"><b>Sernapesca reafirma su labor en el D\u00eda de la Lucha contra la Pesca Ilegal<\/b><\/span><\/p>\n<div id=\"gtx-trans\" style=\"position: absolute; left: -50px; top: 4.31534px;\">\n<div class=\"gtx-trans-icon\"><\/div>\n<\/div>\n<\/div><\/section><\/div><div class=\"flex_column av_one_full  flex_column_div av-zero-column-padding first  avia-builder-el-4  el_after_av_one_full  el_before_av_hr  column-top-margin\" style='border-radius:0px; '><section class=\"av_textblock_section \"  itemscope=\"itemscope\" itemtype=\"https:\/\/schema.org\/BlogPosting\" itemprop=\"blogPost\" ><div class='avia_textblock  '   itemprop=\"text\" ><p style=\"text-align: justify;\">Cada 5 de junio se recuerda la firma del primer tratado internacional que dispone medidas contra la pesca ilegal, no declarada y no reglamentada, que depreda el medio ambiente acu\u00e1tico y afecta a los pescadores artesanales.<u><\/u><u><\/u><\/p>\n<p style=\"text-align: justify;\">La Organizaci\u00f3n de las Naciones Unidas (ONU) declar\u00f3, en diciembre de 2017, el 5 de junio como el D\u00eda Internacional de la lucha contra la pesca ilegal, no declarada y no reglamentada. La fecha recuerda el d\u00eda en que entr\u00f3 en vigencia el Acuerdo sobre las Medidas del Estado Rector del Puerto, como tratado internacional.<u><\/u><u><\/u><\/p>\n<p style=\"text-align: justify;\">Dicho texto es el primer instrumento jur\u00eddico internacionalmente vinculante, dedicado al combate contra esta actividad que destruye el h\u00e1bitat marino y afecta a las comunidades que se dedican a la pesca artesanal. Chile aprob\u00f3 el tratado en septiembre de 2011, fue ratificado en agosto de 2012 y entr\u00f3 en vigencia en 2016.<u><\/u><u><\/u><\/p>\n<p style=\"text-align: justify;\">De acuerdo al \u00faltimo reporte de fiscalizaciones del Servicio Nacional de Pesca y Acuicultura (Sernapesca), en 2022 se incautaron 2.804 toneladas de especies hidrobiol\u00f3gicas por incumplimiento de las normas de extracci\u00f3n, lo que signific\u00f3 un crecimiento de 9,7% a lo decomisado en 2021. La anchoveta fue la especie con mayor cantidad de incautaciones, con 973 toneladas requisadas, sigui\u00e9ndole el huiro negro (571 tons.), la merluza com\u00fan (71 tons.) y la reineta (50 tons.).<u><\/u><u><\/u><\/p>\n<p style=\"text-align: justify;\">Por esta raz\u00f3n, el Sernapesca reafirma su compromiso en la fiscalizaci\u00f3n, control y monitoreo a la pesquer\u00eda ilegal, il\u00edcito que pone en riesgo la conservaci\u00f3n de las especies, trabajando en conjunto con otras instituciones fiscalizadoras.<u><\/u><u><\/u><\/p>\n<p style=\"text-align: justify;\">Soledad Tapia Almonacid, directora nacional del Sernapesca, enfatiz\u00f3 el hecho de que \u201csomos una entidad fiscalizadora, donde nuestros funcionarios y funcionarias todos los d\u00edas est\u00e1n velando por el cumplimiento de la normativa y esa es una forma directa de combatir la pesca ilegal\u201d. \u201cEs muy importante este d\u00eda, porque la pesca ilegal, al fragilizar los stocks y poblaciones de peces y atentar contra la biodiversidad, tambi\u00e9n atenta contra los mercados y precios justos. Las comunidades que viven de la pesca artesanal, lamentablemente, se ven vulneradas por la pesca ilegal\u201d, indic\u00f3.<u><\/u><u><\/u><\/p>\n<p style=\"text-align: justify;\">En este d\u00eda conmemorativo desde Sernapesca invitaron a la ciudadan\u00eda a tener un rol de corresponsabilidad con el cuidado de los recursos marinos y sus ecosistemas, optando por consumir siempre en locales establecidos, prefiriendo el sello azul que acredita el origen legal de recursos y productos. Asimismo, agradecieron a los organismos de la Red Sustenta, como Armada, Carabineros, PDI, Aduanas, SII, Seremi de Salud, entre otros, que d\u00eda a d\u00eda participan de operativos de fiscalizaci\u00f3n conjuntos ya sea en controles en zona de pesca, en carreteras, en muelles, puertos y en plantas pesqueras.<\/p>\n<\/div><\/section><\/div><div  style='height:50px' class='hr hr-invisible   avia-builder-el-6  el_after_av_one_full  el_before_av_social_share '><span class='hr-inner ' ><span class='hr-inner-style'><\/span><\/span><\/div><\/p>\n<div  class='av-social-sharing-box  avia-builder-el-7  el_after_av_hr  el_before_av_hr  '><div class='av-share-box'><h5 class='av-share-link-description av-no-toc '>Compartir esta noticia<\/h5><ul class='av-share-box-list noLightbox'><li class='av-share-link av-social-link-facebook' ><a target=\"_blank\" aria-label=\"Compartir en Facebook\" href='https:\/\/www.facebook.com\/sharer.php?u=https:\/\/radiorevelacionfm.cl\/?p=31706&#038;t=Sernapesca%20reafirma%20su%20labor%20en%20el%20D%C3%ADa%20de%20la%20Lucha%20contra%20la%20Pesca%20Ilegal' aria-hidden='false' data-av_icon='\ue8f3' data-av_iconfont='entypo-fontello' title='' data-avia-related-tooltip='Compartir en Facebook' rel=\"noopener\"><span class='avia_hidden_link_text'>Compartir en Facebook<\/span><\/a><\/li><li class='av-share-link av-social-link-twitter' ><a target=\"_blank\" aria-label=\"Compartir en Twitter\" href='https:\/\/twitter.com\/share?text=Sernapesca%20reafirma%20su%20labor%20en%20el%20D%C3%ADa%20de%20la%20Lucha%20contra%20la%20Pesca%20Ilegal&#038;url=https:\/\/radiorevelacionfm.cl\/?p=31706' aria-hidden='false' data-av_icon='\ue8f1' data-av_iconfont='entypo-fontello' title='' data-avia-related-tooltip='Compartir en Twitter' rel=\"noopener\"><span class='avia_hidden_link_text'>Compartir en Twitter<\/span><\/a><\/li><li class='av-share-link av-social-link-whatsapp' ><a target=\"_blank\" aria-label=\"Compartir en Whatsapp\" href='https:\/\/api.whatsapp.com\/send?text=https:\/\/radiorevelacionfm.cl\/?p=31706' aria-hidden='false' data-av_icon='\uf232' data-av_iconfont='entypo-fontello' title='' data-avia-related-tooltip='Compartir en Whatsapp' rel=\"noopener\"><span class='avia_hidden_link_text'>Compartir en Whatsapp<\/span><\/a><\/li><li class='av-share-link av-social-link-linkedin' ><a target=\"_blank\" aria-label=\"Compartir en LinkedIn\" href='https:\/\/linkedin.com\/shareArticle?mini=true&#038;title=Sernapesca%20reafirma%20su%20labor%20en%20el%20D%C3%ADa%20de%20la%20Lucha%20contra%20la%20Pesca%20Ilegal&#038;url=https:\/\/radiorevelacionfm.cl\/?p=31706' aria-hidden='false' data-av_icon='\ue8fc' data-av_iconfont='entypo-fontello' title='' data-avia-related-tooltip='Compartir en LinkedIn' rel=\"noopener\"><span class='avia_hidden_link_text'>Compartir en LinkedIn<\/span><\/a><\/li><li class='av-share-link av-social-link-mail' ><a  aria-label=\"Compartir por correo\" href='mailto:?subject=Sernapesca%20reafirma%20su%20labor%20en%20el%20D%C3%ADa%20de%20la%20Lucha%20contra%20la%20Pesca%20Ilegal&#038;body=https:\/\/radiorevelacionfm.cl\/?p=31706' aria-hidden='false' data-av_icon='\ue805' data-av_iconfont='entypo-fontello' title='' data-avia-related-tooltip='Compartir por correo'><span class='avia_hidden_link_text'>Compartir por correo<\/span><\/a><\/li><\/ul><\/div><\/div>\n<div  style='height:50px' class='hr hr-invisible   avia-builder-el-8  el_after_av_social_share  el_before_av_comments_list '><span class='hr-inner ' ><span class='hr-inner-style'><\/span><\/span><\/div>\n<div  class='av-buildercomment  av-blog-meta-html-info-disabled av-blog-meta-tag-disabled  '><\/div>\n","protected":false},"excerpt":{"rendered":"","protected":false},"author":1,"featured_media":31707,"comment_status":"open","ping_status":"open","sticky":false,"template":"","format":"standard","meta":{"footnotes":""},"categories":[60],"tags":[],"class_list":["post-31706","post","type-post","status-publish","format-standard","has-post-thumbnail","hentry","category-pesca"],"jetpack_featured_media_url":"https:\/\/radiorevelacionfm.cl\/wp-content\/uploads\/2023\/06\/pesca-ilegal-2-1-1.jpg","_links":{"self":[{"href":"https:\/\/radiorevelacionfm.cl\/index.php?rest_route=\/wp\/v2\/posts\/31706","targetHints":{"allow":["GET"]}}],"collection":[{"href":"https:\/\/radiorevelacionfm.cl\/index.php?rest_route=\/wp\/v2\/posts"}],"about":[{"href":"https:\/\/radiorevelacionfm.cl\/index.php?rest_route=\/wp\/v2\/types\/post"}],"author":[{"embeddable":true,"href":"https:\/\/radiorevelacionfm.cl\/index.php?rest_route=\/wp\/v2\/users\/1"}],"replies":[{"embeddable":true,"href":"https:\/\/radiorevelacionfm.cl\/index.php?rest_route=%2Fwp%2Fv2%2Fcomments&post=31706"}],"version-history":[{"count":1,"href":"https:\/\/radiorevelacionfm.cl\/index.php?rest_route=\/wp\/v2\/posts\/31706\/revisions"}],"predecessor-version":[{"id":31708,"href":"https:\/\/radiorevelacionfm.cl\/index.php?rest_route=\/wp\/v2\/posts\/31706\/revisions\/31708"}],"wp:featuredmedia":[{"embeddable":true,"href":"https:\/\/radiorevelacionfm.cl\/index.php?rest_route=\/wp\/v2\/media\/31707"}],"wp:attachment":[{"href":"https:\/\/radiorevelacionfm.cl\/index.php?rest_route=%2Fwp%2Fv2%2Fmedia&parent=31706"}],"wp:term":[{"taxonomy":"category","embeddable":true,"href":"https:\/\/radiorevelacionfm.cl\/index.php?rest_route=%2Fwp%2Fv2%2Fcategories&post=31706"},{"taxonomy":"post_tag","embeddable":true,"href":"https:\/\/radiorevelacionfm.cl\/index.php?rest_route=%2Fwp%2Fv2%2Ftags&post=31706"}],"curies":[{"name":"wp","href":"https:\/\/api.w.org\/{rel}","templated":true}]}}