{"id":31703,"date":"2023-06-05T23:05:43","date_gmt":"2023-06-06T02:05:43","guid":{"rendered":"https:\/\/radiorevelacionfm.cl\/?p=31703"},"modified":"2023-06-05T23:05:43","modified_gmt":"2023-06-06T02:05:43","slug":"comunidad-educativa-conmocionada-por-fallecimiento-de-funcionaria-producto-de-incendio-en-caleta-andrade","status":"publish","type":"post","link":"https:\/\/radiorevelacionfm.cl\/?p=31703","title":{"rendered":"Comunidad educativa conmocionada por fallecimiento de funcionaria producto de incendio en Caleta Andrade"},"content":{"rendered":"<div class=\"flex_column av_one_full  flex_column_div av-zero-column-padding first  avia-builder-el-0  el_before_av_one_full  avia-builder-el-first  \" style='border-radius:0px; '><div  class='avia-image-container  av-styling-    avia-builder-el-1  avia-builder-el-no-sibling  avia-align-center '  itemprop=\"image\" itemscope=\"itemscope\" itemtype=\"https:\/\/schema.org\/ImageObject\"  ><div class='avia-image-container-inner'><div class='avia-image-overlay-wrap'><img decoding=\"async\" class='wp-image-31704 avia-img-lazy-loading-not-31704 avia_image' src=\"https:\/\/radiorevelacionfm.cl\/wp-content\/uploads\/2023\/06\/351145675_648808296671096_1917185884458556254_n-1_optimized.jpg\" alt='' title='351145675_648808296671096_1917185884458556254_n-(1)_optimized' height=\"600\" width=\"928\"  itemprop=\"thumbnailUrl\" srcset=\"https:\/\/radiorevelacionfm.cl\/wp-content\/uploads\/2023\/06\/351145675_648808296671096_1917185884458556254_n-1_optimized.jpg 928w, https:\/\/radiorevelacionfm.cl\/wp-content\/uploads\/2023\/06\/351145675_648808296671096_1917185884458556254_n-1_optimized-300x194.jpg 300w, https:\/\/radiorevelacionfm.cl\/wp-content\/uploads\/2023\/06\/351145675_648808296671096_1917185884458556254_n-1_optimized-768x497.jpg 768w, https:\/\/radiorevelacionfm.cl\/wp-content\/uploads\/2023\/06\/351145675_648808296671096_1917185884458556254_n-1_optimized-705x456.jpg 705w, https:\/\/radiorevelacionfm.cl\/wp-content\/uploads\/2023\/06\/351145675_648808296671096_1917185884458556254_n-1_optimized-450x291.jpg 450w, https:\/\/radiorevelacionfm.cl\/wp-content\/uploads\/2023\/06\/351145675_648808296671096_1917185884458556254_n-1_optimized-600x388.jpg 600w\" sizes=\"(max-width: 928px) 100vw, 928px\" \/><\/div><\/div><\/div><\/div><div class=\"flex_column av_one_full  flex_column_div av-zero-column-padding first  avia-builder-el-2  el_after_av_one_full  el_before_av_one_full  column-top-margin\" style='border-radius:0px; '><section class=\"av_textblock_section \"  itemscope=\"itemscope\" itemtype=\"https:\/\/schema.org\/BlogPosting\" itemprop=\"blogPost\" ><div class='avia_textblock  '   itemprop=\"text\" ><p style=\"text-align: center;\"><span style=\"font-size: 18pt;\"><strong>Comunidad educativa conmocionada por fallecimiento de funcionaria producto de incendio en Caleta Andrade<\/strong><\/span><\/p>\n<div id=\"gtx-trans\" style=\"position: absolute; left: -50px; top: 4.31534px;\">\n<div class=\"gtx-trans-icon\"><\/div>\n<\/div>\n<\/div><\/section><\/div><div class=\"flex_column av_one_full  flex_column_div av-zero-column-padding first  avia-builder-el-4  el_after_av_one_full  el_before_av_hr  column-top-margin\" style='border-radius:0px; '><section class=\"av_textblock_section \"  itemscope=\"itemscope\" itemtype=\"https:\/\/schema.org\/BlogPosting\" itemprop=\"blogPost\" ><div class='avia_textblock  '   itemprop=\"text\" ><p style=\"text-align: justify;\">Una tragedia enluta a la comunidad educativa de Islas Huichas, en la madrugada de este lunes un incendio cobr\u00f3 la vida de dos personas en la localidad de Caleta Andrade.<\/p>\n<p style=\"text-align: justify;\">Una de las personas fallecidas es Mar\u00eda Rosario Barrientos Rogel, asistente de la educaci\u00f3n, de la Escuela Carlos Condell, por lo que el jefe de la Direcci\u00f3n de Educaci\u00f3n Municipal de Ays\u00e9n, Patricio B\u00f3rquez, se refiri\u00f3 a este triste y doloroso momento, \u00absin duda que hay una comunidad educativa y la propia Islas Huichas conmocionada tanto como nosotros y desde el Departamento de Educaci\u00f3n hacemos llegar nuestras m\u00e1s sentidas condolencias a la familia. En la medida que se vaya desenvolviendo esta situaci\u00f3n tan triste y dolorosa para todos, vamos tambi\u00e9n a estar atentos, para ver de qu\u00e9 manera, una vez que se entreguen los cuerpos, vamos a acompa\u00f1ar a la familia y el mundo educativo de Islas Huichas\u00bb, precis\u00f3.<\/p>\n<p>La segunda v\u00edctima de este lamentable incendio, corresponder\u00eda a Samuel C\u00e1rdenas, esposo de la funcionaria educativa.<\/p>\n<p style=\"text-align: justify;\">En tanto, el fiscal subrogante, Jos\u00e9 Luis Palominos, inform\u00f3 que tras la informaci\u00f3n del hecho por parte de Carabineros de Puerto Aguirre, el Ministerio P\u00fablico determin\u00f3 el traslado de las dos v\u00edctimas con personal de la Armada para proceder a su autopsia de rigor.<\/p>\n<p style=\"text-align: justify;\">El fiscal agreg\u00f3 que, \u201cIgualmente se dispuso una orden de investigar a la Brigada de Homicidios de la PDI que concurrir\u00e1 a la localidad para realizar diligencias propias de la especialidad en conjunto con el Laboratorio de Criminal\u00edstica, para descartar la acci\u00f3n de terceros en el incendio que caus\u00f3 la muerte de estas personas que eran un matrimonio\u00bb.<\/p>\n<\/div><\/section><\/div><div  style='height:50px' class='hr hr-invisible   avia-builder-el-6  el_after_av_one_full  el_before_av_social_share '><span class='hr-inner ' ><span class='hr-inner-style'><\/span><\/span><\/div><\/p>\n<div  class='av-social-sharing-box  avia-builder-el-7  el_after_av_hr  el_before_av_hr  '><div class='av-share-box'><h5 class='av-share-link-description av-no-toc '>Compartir esta noticia<\/h5><ul class='av-share-box-list noLightbox'><li class='av-share-link av-social-link-facebook' ><a target=\"_blank\" aria-label=\"Compartir en Facebook\" href='https:\/\/www.facebook.com\/sharer.php?u=https:\/\/radiorevelacionfm.cl\/?p=31703&#038;t=Comunidad%20educativa%20conmocionada%20por%20fallecimiento%20de%20funcionaria%20producto%20de%20incendio%20en%20Caleta%20Andrade' aria-hidden='false' data-av_icon='\ue8f3' data-av_iconfont='entypo-fontello' title='' data-avia-related-tooltip='Compartir en Facebook' rel=\"noopener\"><span class='avia_hidden_link_text'>Compartir en Facebook<\/span><\/a><\/li><li class='av-share-link av-social-link-twitter' ><a target=\"_blank\" aria-label=\"Compartir en Twitter\" href='https:\/\/twitter.com\/share?text=Comunidad%20educativa%20conmocionada%20por%20fallecimiento%20de%20funcionaria%20producto%20de%20incendio%20en%20Caleta%20Andrade&#038;url=https:\/\/radiorevelacionfm.cl\/?p=31703' aria-hidden='false' data-av_icon='\ue8f1' data-av_iconfont='entypo-fontello' title='' data-avia-related-tooltip='Compartir en Twitter' rel=\"noopener\"><span class='avia_hidden_link_text'>Compartir en Twitter<\/span><\/a><\/li><li class='av-share-link av-social-link-whatsapp' ><a target=\"_blank\" aria-label=\"Compartir en Whatsapp\" href='https:\/\/api.whatsapp.com\/send?text=https:\/\/radiorevelacionfm.cl\/?p=31703' aria-hidden='false' data-av_icon='\uf232' data-av_iconfont='entypo-fontello' title='' data-avia-related-tooltip='Compartir en Whatsapp' rel=\"noopener\"><span class='avia_hidden_link_text'>Compartir en Whatsapp<\/span><\/a><\/li><li class='av-share-link av-social-link-linkedin' ><a target=\"_blank\" aria-label=\"Compartir en LinkedIn\" href='https:\/\/linkedin.com\/shareArticle?mini=true&#038;title=Comunidad%20educativa%20conmocionada%20por%20fallecimiento%20de%20funcionaria%20producto%20de%20incendio%20en%20Caleta%20Andrade&#038;url=https:\/\/radiorevelacionfm.cl\/?p=31703' aria-hidden='false' data-av_icon='\ue8fc' data-av_iconfont='entypo-fontello' title='' data-avia-related-tooltip='Compartir en LinkedIn' rel=\"noopener\"><span class='avia_hidden_link_text'>Compartir en LinkedIn<\/span><\/a><\/li><li class='av-share-link av-social-link-mail' ><a  aria-label=\"Compartir por correo\" href='mailto:?subject=Comunidad%20educativa%20conmocionada%20por%20fallecimiento%20de%20funcionaria%20producto%20de%20incendio%20en%20Caleta%20Andrade&#038;body=https:\/\/radiorevelacionfm.cl\/?p=31703' aria-hidden='false' data-av_icon='\ue805' data-av_iconfont='entypo-fontello' title='' data-avia-related-tooltip='Compartir por correo'><span class='avia_hidden_link_text'>Compartir por correo<\/span><\/a><\/li><\/ul><\/div><\/div>\n<div  style='height:50px' class='hr hr-invisible   avia-builder-el-8  el_after_av_social_share  el_before_av_comments_list '><span class='hr-inner ' ><span class='hr-inner-style'><\/span><\/span><\/div>\n<div  class='av-buildercomment  av-blog-meta-html-info-disabled av-blog-meta-tag-disabled  '><\/div>\n","protected":false},"excerpt":{"rendered":"","protected":false},"author":1,"featured_media":31704,"comment_status":"open","ping_status":"open","sticky":false,"template":"","format":"standard","meta":{"footnotes":""},"categories":[38],"tags":[],"class_list":["post-31703","post","type-post","status-publish","format-standard","has-post-thumbnail","hentry","category-regional"],"jetpack_featured_media_url":"https:\/\/radiorevelacionfm.cl\/wp-content\/uploads\/2023\/06\/351145675_648808296671096_1917185884458556254_n-1_optimized.jpg","_links":{"self":[{"href":"https:\/\/radiorevelacionfm.cl\/index.php?rest_route=\/wp\/v2\/posts\/31703","targetHints":{"allow":["GET"]}}],"collection":[{"href":"https:\/\/radiorevelacionfm.cl\/index.php?rest_route=\/wp\/v2\/posts"}],"about":[{"href":"https:\/\/radiorevelacionfm.cl\/index.php?rest_route=\/wp\/v2\/types\/post"}],"author":[{"embeddable":true,"href":"https:\/\/radiorevelacionfm.cl\/index.php?rest_route=\/wp\/v2\/users\/1"}],"replies":[{"embeddable":true,"href":"https:\/\/radiorevelacionfm.cl\/index.php?rest_route=%2Fwp%2Fv2%2Fcomments&post=31703"}],"version-history":[{"count":1,"href":"https:\/\/radiorevelacionfm.cl\/index.php?rest_route=\/wp\/v2\/posts\/31703\/revisions"}],"predecessor-version":[{"id":31705,"href":"https:\/\/radiorevelacionfm.cl\/index.php?rest_route=\/wp\/v2\/posts\/31703\/revisions\/31705"}],"wp:featuredmedia":[{"embeddable":true,"href":"https:\/\/radiorevelacionfm.cl\/index.php?rest_route=\/wp\/v2\/media\/31704"}],"wp:attachment":[{"href":"https:\/\/radiorevelacionfm.cl\/index.php?rest_route=%2Fwp%2Fv2%2Fmedia&parent=31703"}],"wp:term":[{"taxonomy":"category","embeddable":true,"href":"https:\/\/radiorevelacionfm.cl\/index.php?rest_route=%2Fwp%2Fv2%2Fcategories&post=31703"},{"taxonomy":"post_tag","embeddable":true,"href":"https:\/\/radiorevelacionfm.cl\/index.php?rest_route=%2Fwp%2Fv2%2Ftags&post=31703"}],"curies":[{"name":"wp","href":"https:\/\/api.w.org\/{rel}","templated":true}]}}