{"id":31700,"date":"2023-06-05T21:58:21","date_gmt":"2023-06-06T00:58:21","guid":{"rendered":"https:\/\/radiorevelacionfm.cl\/?p=31700"},"modified":"2023-06-05T21:58:21","modified_gmt":"2023-06-06T00:58:21","slug":"fach-realiza-evacuacion-de-emergencia-desde-melinka-hacia-puerto-montt","status":"publish","type":"post","link":"https:\/\/radiorevelacionfm.cl\/?p=31700","title":{"rendered":"FACH realiza evacuaci\u00f3n de emergencia desde Melinka hacia Puerto Montt"},"content":{"rendered":"<div class=\"flex_column av_one_full  flex_column_div av-zero-column-padding first  avia-builder-el-0  el_before_av_one_full  avia-builder-el-first  \" style='border-radius:0px; '><div  class='avia-image-container  av-styling-    avia-builder-el-1  avia-builder-el-no-sibling  avia-align-center '  itemprop=\"image\" itemscope=\"itemscope\" itemtype=\"https:\/\/schema.org\/ImageObject\"  ><div class='avia-image-container-inner'><div class='avia-image-overlay-wrap'><img decoding=\"async\" class='wp-image-31701 avia-img-lazy-loading-not-31701 avia_image' src=\"https:\/\/radiorevelacionfm.cl\/wp-content\/uploads\/2023\/06\/Image-2023-06-04-at-00.18.51-1-1.jpeg\" alt='' title='Image-2023-06-04-at-00.18.51 (1) (1)' height=\"600\" width=\"800\"  itemprop=\"thumbnailUrl\" srcset=\"https:\/\/radiorevelacionfm.cl\/wp-content\/uploads\/2023\/06\/Image-2023-06-04-at-00.18.51-1-1.jpeg 800w, https:\/\/radiorevelacionfm.cl\/wp-content\/uploads\/2023\/06\/Image-2023-06-04-at-00.18.51-1-1-300x225.jpeg 300w, https:\/\/radiorevelacionfm.cl\/wp-content\/uploads\/2023\/06\/Image-2023-06-04-at-00.18.51-1-1-768x576.jpeg 768w, https:\/\/radiorevelacionfm.cl\/wp-content\/uploads\/2023\/06\/Image-2023-06-04-at-00.18.51-1-1-705x529.jpeg 705w, https:\/\/radiorevelacionfm.cl\/wp-content\/uploads\/2023\/06\/Image-2023-06-04-at-00.18.51-1-1-450x338.jpeg 450w, https:\/\/radiorevelacionfm.cl\/wp-content\/uploads\/2023\/06\/Image-2023-06-04-at-00.18.51-1-1-600x450.jpeg 600w\" sizes=\"(max-width: 800px) 100vw, 800px\" \/><\/div><\/div><\/div><\/div><div class=\"flex_column av_one_full  flex_column_div av-zero-column-padding first  avia-builder-el-2  el_after_av_one_full  el_before_av_one_full  column-top-margin\" style='border-radius:0px; '><section class=\"av_textblock_section \"  itemscope=\"itemscope\" itemtype=\"https:\/\/schema.org\/BlogPosting\" itemprop=\"blogPost\" ><div class='avia_textblock  '   itemprop=\"text\" ><p style=\"text-align: center;\"><strong><span style=\"font-size: 18pt;\">FACH realiza evacuaci\u00f3n de emergencia desde Melinka hacia Puerto Montt<\/span><\/strong><\/p>\n<div id=\"gtx-trans\" style=\"position: absolute; left: -50px; top: 4.31534px;\">\n<div class=\"gtx-trans-icon\"><\/div>\n<\/div>\n<\/div><\/section><\/div><div class=\"flex_column av_one_full  flex_column_div av-zero-column-padding first  avia-builder-el-4  el_after_av_one_full  el_before_av_hr  column-top-margin\" style='border-radius:0px; '><section class=\"av_textblock_section \"  itemscope=\"itemscope\" itemtype=\"https:\/\/schema.org\/BlogPosting\" itemprop=\"blogPost\" ><div class='avia_textblock  '   itemprop=\"text\" ><p style=\"text-align: justify;\">Durante la madrugada del d\u00eda s\u00e1bado 3 de junio se materializ\u00f3 con \u00e9xito un complejo operativo a\u00e9reo nocturno para trasladar de urgencia a un adulto mayor de 67 a\u00f1os con complicaciones m\u00e9dicas desde el sector de Melinka \u2013 en la Regi\u00f3n de Ays\u00e9n \u2013 hasta el helipuerto del hospital Dr. Eduardo Schutz de Puerto Montt.<\/p>\n<p style=\"text-align: justify;\">De esta manera, la Fuerza A\u00e9rea de Chile debi\u00f3 emplear un avi\u00f3n DHC-6 Twin Otter y un helic\u00f3ptero Bell 412 para llevar a cabo esta misi\u00f3n, principalmente debido a la lejan\u00eda del lugar y a las condiciones de visibilidad imperantes, las cuales dificultaban que aviones pudiesen aterrizar de noche y de manera segura en el mencionado sector. Es as\u00ed como ambas aeronaves despegaron desde la Base A\u00e9rea El Tepual con direcci\u00f3n al aer\u00f3dromo de Mocopulli, ubicado en Dalcahue, con tal de que el helic\u00f3ptero pudiese reabastecerse con el combustible que el avi\u00f3n transportaba para tales efectos. Posteriormente, el helic\u00f3ptero, con personal del SAMU a bordo, continu\u00f3 con la planificaci\u00f3n, aterrizando en Melinka cerca de las 22 horas para subir al paciente y llevarlo hasta Puerto Montt.<\/p>\n<p style=\"text-align: justify;\">Seg\u00fan el Capit\u00e1n de Bandada (A) Mat\u00edas Gonz\u00e1lez, comandante del helic\u00f3ptero, Melinka se encuentra muy distante de la ciudad de Puerto Montt, aproximadamente 250 millas, por lo que era imperante realizar la maniobra de reabastecimiento de combustible. \u201cUna vez en Melinka se procedi\u00f3 a subir a la persona, cuya epicrisis era un accidente cerebro vascular, para llevarlo directamente al hospital de Puerto Montt sin novedades\u201d, explic\u00f3.<\/p>\n<p style=\"text-align: justify;\">Gracias a las capacidades institucionales y a la expertiz de las tripulaciones, se logr\u00f3 aterrizar en el helipuerto del centro asistencial en tiempo r\u00e9cord para un operativo de estas caracter\u00edsticas, permitiendo con ello entregar una mano amiga a los vecinos que habitan sectores aislados de la zona sur austral del pa\u00eds que m\u00e1s lo necesitan.<\/p>\n<\/div><\/section><\/div><div  style='height:50px' class='hr hr-invisible   avia-builder-el-6  el_after_av_one_full  el_before_av_social_share '><span class='hr-inner ' ><span class='hr-inner-style'><\/span><\/span><\/div><\/p>\n<div  class='av-social-sharing-box  avia-builder-el-7  el_after_av_hr  el_before_av_hr  '><div class='av-share-box'><h5 class='av-share-link-description av-no-toc '>Compartir esta noticia<\/h5><ul class='av-share-box-list noLightbox'><li class='av-share-link av-social-link-facebook' ><a target=\"_blank\" aria-label=\"Compartir en Facebook\" href='https:\/\/www.facebook.com\/sharer.php?u=https:\/\/radiorevelacionfm.cl\/?p=31700&#038;t=FACH%20realiza%20evacuaci%C3%B3n%20de%20emergencia%20desde%20Melinka%20hacia%20Puerto%20Montt' aria-hidden='false' data-av_icon='\ue8f3' data-av_iconfont='entypo-fontello' title='' data-avia-related-tooltip='Compartir en Facebook' rel=\"noopener\"><span class='avia_hidden_link_text'>Compartir en Facebook<\/span><\/a><\/li><li class='av-share-link av-social-link-twitter' ><a target=\"_blank\" aria-label=\"Compartir en Twitter\" href='https:\/\/twitter.com\/share?text=FACH%20realiza%20evacuaci%C3%B3n%20de%20emergencia%20desde%20Melinka%20hacia%20Puerto%20Montt&#038;url=https:\/\/radiorevelacionfm.cl\/?p=31700' aria-hidden='false' data-av_icon='\ue8f1' data-av_iconfont='entypo-fontello' title='' data-avia-related-tooltip='Compartir en Twitter' rel=\"noopener\"><span class='avia_hidden_link_text'>Compartir en Twitter<\/span><\/a><\/li><li class='av-share-link av-social-link-whatsapp' ><a target=\"_blank\" aria-label=\"Compartir en Whatsapp\" href='https:\/\/api.whatsapp.com\/send?text=https:\/\/radiorevelacionfm.cl\/?p=31700' aria-hidden='false' data-av_icon='\uf232' data-av_iconfont='entypo-fontello' title='' data-avia-related-tooltip='Compartir en Whatsapp' rel=\"noopener\"><span class='avia_hidden_link_text'>Compartir en Whatsapp<\/span><\/a><\/li><li class='av-share-link av-social-link-linkedin' ><a target=\"_blank\" aria-label=\"Compartir en LinkedIn\" href='https:\/\/linkedin.com\/shareArticle?mini=true&#038;title=FACH%20realiza%20evacuaci%C3%B3n%20de%20emergencia%20desde%20Melinka%20hacia%20Puerto%20Montt&#038;url=https:\/\/radiorevelacionfm.cl\/?p=31700' aria-hidden='false' data-av_icon='\ue8fc' data-av_iconfont='entypo-fontello' title='' data-avia-related-tooltip='Compartir en LinkedIn' rel=\"noopener\"><span class='avia_hidden_link_text'>Compartir en LinkedIn<\/span><\/a><\/li><li class='av-share-link av-social-link-mail' ><a  aria-label=\"Compartir por correo\" href='mailto:?subject=FACH%20realiza%20evacuaci%C3%B3n%20de%20emergencia%20desde%20Melinka%20hacia%20Puerto%20Montt&#038;body=https:\/\/radiorevelacionfm.cl\/?p=31700' aria-hidden='false' data-av_icon='\ue805' data-av_iconfont='entypo-fontello' title='' data-avia-related-tooltip='Compartir por correo'><span class='avia_hidden_link_text'>Compartir por correo<\/span><\/a><\/li><\/ul><\/div><\/div>\n<div  style='height:50px' class='hr hr-invisible   avia-builder-el-8  el_after_av_social_share  el_before_av_comments_list '><span class='hr-inner ' ><span class='hr-inner-style'><\/span><\/span><\/div>\n<div  class='av-buildercomment  av-blog-meta-html-info-disabled av-blog-meta-tag-disabled  '><\/div>\n","protected":false},"excerpt":{"rendered":"","protected":false},"author":1,"featured_media":31701,"comment_status":"open","ping_status":"open","sticky":false,"template":"","format":"standard","meta":{"footnotes":""},"categories":[38],"tags":[],"class_list":["post-31700","post","type-post","status-publish","format-standard","has-post-thumbnail","hentry","category-regional"],"jetpack_featured_media_url":"https:\/\/radiorevelacionfm.cl\/wp-content\/uploads\/2023\/06\/Image-2023-06-04-at-00.18.51-1-1.jpeg","_links":{"self":[{"href":"https:\/\/radiorevelacionfm.cl\/index.php?rest_route=\/wp\/v2\/posts\/31700","targetHints":{"allow":["GET"]}}],"collection":[{"href":"https:\/\/radiorevelacionfm.cl\/index.php?rest_route=\/wp\/v2\/posts"}],"about":[{"href":"https:\/\/radiorevelacionfm.cl\/index.php?rest_route=\/wp\/v2\/types\/post"}],"author":[{"embeddable":true,"href":"https:\/\/radiorevelacionfm.cl\/index.php?rest_route=\/wp\/v2\/users\/1"}],"replies":[{"embeddable":true,"href":"https:\/\/radiorevelacionfm.cl\/index.php?rest_route=%2Fwp%2Fv2%2Fcomments&post=31700"}],"version-history":[{"count":1,"href":"https:\/\/radiorevelacionfm.cl\/index.php?rest_route=\/wp\/v2\/posts\/31700\/revisions"}],"predecessor-version":[{"id":31702,"href":"https:\/\/radiorevelacionfm.cl\/index.php?rest_route=\/wp\/v2\/posts\/31700\/revisions\/31702"}],"wp:featuredmedia":[{"embeddable":true,"href":"https:\/\/radiorevelacionfm.cl\/index.php?rest_route=\/wp\/v2\/media\/31701"}],"wp:attachment":[{"href":"https:\/\/radiorevelacionfm.cl\/index.php?rest_route=%2Fwp%2Fv2%2Fmedia&parent=31700"}],"wp:term":[{"taxonomy":"category","embeddable":true,"href":"https:\/\/radiorevelacionfm.cl\/index.php?rest_route=%2Fwp%2Fv2%2Fcategories&post=31700"},{"taxonomy":"post_tag","embeddable":true,"href":"https:\/\/radiorevelacionfm.cl\/index.php?rest_route=%2Fwp%2Fv2%2Ftags&post=31700"}],"curies":[{"name":"wp","href":"https:\/\/api.w.org\/{rel}","templated":true}]}}