{"id":31697,"date":"2023-06-06T11:45:07","date_gmt":"2023-06-06T14:45:07","guid":{"rendered":"https:\/\/radiorevelacionfm.cl\/?p=31697"},"modified":"2023-06-06T11:45:07","modified_gmt":"2023-06-06T14:45:07","slug":"fortalecen-red-asistencial-ante-mayor-demanda-por-enfermedades-respiratorias","status":"publish","type":"post","link":"https:\/\/radiorevelacionfm.cl\/?p=31697","title":{"rendered":"Fortalecen Red Asistencial ante mayor demanda por enfermedades respiratorias"},"content":{"rendered":"<div class=\"flex_column av_one_full  flex_column_div av-zero-column-padding first  avia-builder-el-0  el_before_av_one_full  avia-builder-el-first  \" style='border-radius:0px; '><div  class='avia-image-container  av-styling-    avia-builder-el-1  avia-builder-el-no-sibling  avia-align-center '  itemprop=\"image\" itemscope=\"itemscope\" itemtype=\"https:\/\/schema.org\/ImageObject\"  ><div class='avia-image-container-inner'><div class='avia-image-overlay-wrap'><img decoding=\"async\" class='wp-image-31698 avia-img-lazy-loading-not-31698 avia_image' src=\"https:\/\/radiorevelacionfm.cl\/wp-content\/uploads\/2023\/06\/lanzamiento-campaNa-4-1_optimized.jpeg\" alt='' title='lanzamiento-campa\u00d1a-(4)-(1)_optimized' height=\"600\" width=\"1460\"  itemprop=\"thumbnailUrl\" srcset=\"https:\/\/radiorevelacionfm.cl\/wp-content\/uploads\/2023\/06\/lanzamiento-campaNa-4-1_optimized.jpeg 1460w, https:\/\/radiorevelacionfm.cl\/wp-content\/uploads\/2023\/06\/lanzamiento-campaNa-4-1_optimized-300x123.jpeg 300w, https:\/\/radiorevelacionfm.cl\/wp-content\/uploads\/2023\/06\/lanzamiento-campaNa-4-1_optimized-1030x423.jpeg 1030w, https:\/\/radiorevelacionfm.cl\/wp-content\/uploads\/2023\/06\/lanzamiento-campaNa-4-1_optimized-768x316.jpeg 768w, https:\/\/radiorevelacionfm.cl\/wp-content\/uploads\/2023\/06\/lanzamiento-campaNa-4-1_optimized-705x290.jpeg 705w, https:\/\/radiorevelacionfm.cl\/wp-content\/uploads\/2023\/06\/lanzamiento-campaNa-4-1_optimized-450x185.jpeg 450w, https:\/\/radiorevelacionfm.cl\/wp-content\/uploads\/2023\/06\/lanzamiento-campaNa-4-1_optimized-600x247.jpeg 600w\" sizes=\"(max-width: 1460px) 100vw, 1460px\" \/><\/div><\/div><\/div><\/div><div class=\"flex_column av_one_full  flex_column_div av-zero-column-padding first  avia-builder-el-2  el_after_av_one_full  el_before_av_one_full  column-top-margin\" style='border-radius:0px; '><section class=\"av_textblock_section \"  itemscope=\"itemscope\" itemtype=\"https:\/\/schema.org\/BlogPosting\" itemprop=\"blogPost\" ><div class='avia_textblock  '   itemprop=\"text\" ><p style=\"text-align: center;\"><span style=\"font-size: 18pt;\"><b>Fortalecen Red Asistencial ante mayor demanda por enfermedades respiratorias<\/b><\/span><\/p>\n<div id=\"gtx-trans\" style=\"position: absolute; left: -50px; top: 4.31534px;\">\n<div class=\"gtx-trans-icon\"><\/div>\n<\/div>\n<\/div><\/section><\/div><div class=\"flex_column av_one_full  flex_column_div av-zero-column-padding first  avia-builder-el-4  el_after_av_one_full  el_before_av_hr  column-top-margin\" style='border-radius:0px; '><section class=\"av_textblock_section \"  itemscope=\"itemscope\" itemtype=\"https:\/\/schema.org\/BlogPosting\" itemprop=\"blogPost\" ><div class='avia_textblock  '   itemprop=\"text\" ><p style=\"text-align: justify;\">El Servicio de Urgencia del CESFAM Alejandro Guti\u00e9rrez, cuenta con dos m\u00e9dicos permanentes, mientras Red Asistencial redobla esfuerzos para enfrentar aumento de consultas por virus invernales.<\/p>\n<p style=\"text-align: justify;\">A la fecha cerca de 30 ni\u00f1os y ni\u00f1as de distintas localidades, est\u00e1n hospitalizados en el Hospital Regional Coyhaique, situaci\u00f3n que en porcentaje no difiere de la alta demanda que est\u00e1 enfrentando toda la Red Asistencial Nacional y que nos obliga a redoblar los esfuerzos de prevenci\u00f3n.<\/p>\n<p style=\"text-align: justify;\">Por esto las autoridades regionales dieron cuenta de las medidas que se est\u00e1n tomando para reforzar el trabajo desarrollado por las y los funcionarios de los establecimientos de salud.<\/p>\n<p style=\"text-align: justify;\">\u201cPor ejemplo la atenci\u00f3n del SAPU, donde hemos hecho un refuerzo importante en el CESFAM Alejandro Guti\u00e9rrez, con incorporaci\u00f3n de un m\u00e9dico adicional, por lo que contamos con dos doctores, lo que nos permite atender en promedio 75 consultas diarias, m\u00e1s servicio de enfermer\u00eda y kinesiolog\u00eda\u201d, inform\u00f3 Mauricio Cort\u00e9s Molina, Director (S) del Servicio de Salud Ays\u00e9n.<\/p>\n<p style=\"text-align: justify;\">M\u00e1s de cien millones de pesos se incorporaron para el financiamiento de la Campa\u00f1a de Invierno 2023 en Atenci\u00f3n Primaria de Salud, con el fin de fortalecer la vacunaci\u00f3n contra Influenza y Covid-19; reforzar salas del SAPU, los CESFAM, tanto en recursos humanos, medicamentos, insumos y equipamiento.<\/p>\n<p style=\"text-align: justify;\">\u201cQuienes se est\u00e1n viendo m\u00e1s afectadas son personas mayores cr\u00f3nicas, con complejizaci\u00f3n de estas enfermedades, con neumon\u00edas graves en ni\u00f1os peque\u00f1os e inclusive ni\u00f1os de 10 a\u00f1os o menos, que hace a\u00f1os atr\u00e1s se afectaron ni\u00f1os mucho m\u00e1s peque\u00f1os y hoy son ni\u00f1os m\u00e1s grandes que est\u00e1n con cuadros bastante complejos y eso tiene que ver con el autocuidado, que la comunidad refuerza y debe reforzar en este periodo el uso de la mascarilla, que objetivamente es una barrera para disminuir el ingreso de virus y bacterias a nuestro sistema respiratorio\u201d, complement\u00f3 Carmen Gloria Monsalve, Seremi de Salud Ays\u00e9n.<\/p>\n<p style=\"text-align: justify;\">En el nivel secundario se inyectar\u00e1n casi 615 millones de pesos, para refuerzo de unidades de emergencia hospitalaria, hospitalizaci\u00f3n domiciliaria y unidades de apoyo a hospitalizados.<\/p>\n<p style=\"text-align: justify;\">\u201cHa habido un aumento importante en las atenciones, particularmente en las ciudades de Puerto Ays\u00e9n y Coyhaique. Al d\u00eda de hoy, en el Hospital Regional, mantenemos 20 ni\u00f1os ingresados en sala de tratamiento b\u00e1sico con distintas patolog\u00edas, desde respiratorias a apendicitis que han sido operados. Adem\u00e1s, la unidad de tratamiento intermedio del Hospital Regional dispone de 4 cupos y los hemos ampliado a 7 actualmente y hoy hay seis ni\u00f1os que est\u00e1n usando esas instalaciones. Tenemos refuerzo en todas las unidades del hospital, tanto pedi\u00e1tricas, como adultos\u201d, precis\u00f3 el doctor, Rodrigo Verdugo, Subdirector de Gesti\u00f3n Asistencial del SSA.<\/p>\n<p style=\"text-align: justify;\">Las autoridades insistieron en recomendar el lavado frecuente de manos y el uso de mascarilla en lugares de alta concentraci\u00f3n de personas, como: en las salas de clases o en el transporte p\u00fablico.<\/p>\n<p style=\"text-align: justify;\">\u201cEl llamado al cuidado de nuestros hogares como ventilaci\u00f3n y lavado frecuente de manos como recomendaci\u00f3n, en las salas de clases, en medios de transporte y el llamado es a completar su esquema de vacunaci\u00f3n\u201d, se\u00f1al\u00f3 Tatiana Pl\u00e1, Seremi de Gobierno de Ays\u00e9n.<\/p>\n<p style=\"text-align: justify;\">Por \u00faltimo, las autoridades recordaron que, ante cualquier duda respecto a temas de salud, la comunidad puede llamar al 600 360 7777 de Salud Responde, donde profesionales de \u00e1reas pueden entregar respuestas y orientaci\u00f3n para hacer un mejor uso de la Red Asistencial.<\/p>\n<\/div><\/section><\/div><div  style='height:50px' class='hr hr-invisible   avia-builder-el-6  el_after_av_one_full  el_before_av_social_share '><span class='hr-inner ' ><span class='hr-inner-style'><\/span><\/span><\/div><\/p>\n<div  class='av-social-sharing-box  avia-builder-el-7  el_after_av_hr  el_before_av_hr  '><div class='av-share-box'><h5 class='av-share-link-description av-no-toc '>Compartir esta noticia<\/h5><ul class='av-share-box-list noLightbox'><li class='av-share-link av-social-link-facebook' ><a target=\"_blank\" aria-label=\"Compartir en Facebook\" href='https:\/\/www.facebook.com\/sharer.php?u=https:\/\/radiorevelacionfm.cl\/?p=31697&#038;t=Fortalecen%20Red%20Asistencial%20ante%20mayor%20demanda%20por%20enfermedades%20respiratorias' aria-hidden='false' data-av_icon='\ue8f3' data-av_iconfont='entypo-fontello' title='' data-avia-related-tooltip='Compartir en Facebook' rel=\"noopener\"><span class='avia_hidden_link_text'>Compartir en Facebook<\/span><\/a><\/li><li class='av-share-link av-social-link-twitter' ><a target=\"_blank\" aria-label=\"Compartir en Twitter\" href='https:\/\/twitter.com\/share?text=Fortalecen%20Red%20Asistencial%20ante%20mayor%20demanda%20por%20enfermedades%20respiratorias&#038;url=https:\/\/radiorevelacionfm.cl\/?p=31697' aria-hidden='false' data-av_icon='\ue8f1' data-av_iconfont='entypo-fontello' title='' data-avia-related-tooltip='Compartir en Twitter' rel=\"noopener\"><span class='avia_hidden_link_text'>Compartir en Twitter<\/span><\/a><\/li><li class='av-share-link av-social-link-whatsapp' ><a target=\"_blank\" aria-label=\"Compartir en Whatsapp\" href='https:\/\/api.whatsapp.com\/send?text=https:\/\/radiorevelacionfm.cl\/?p=31697' aria-hidden='false' data-av_icon='\uf232' data-av_iconfont='entypo-fontello' title='' data-avia-related-tooltip='Compartir en Whatsapp' rel=\"noopener\"><span class='avia_hidden_link_text'>Compartir en Whatsapp<\/span><\/a><\/li><li class='av-share-link av-social-link-linkedin' ><a target=\"_blank\" aria-label=\"Compartir en LinkedIn\" href='https:\/\/linkedin.com\/shareArticle?mini=true&#038;title=Fortalecen%20Red%20Asistencial%20ante%20mayor%20demanda%20por%20enfermedades%20respiratorias&#038;url=https:\/\/radiorevelacionfm.cl\/?p=31697' aria-hidden='false' data-av_icon='\ue8fc' data-av_iconfont='entypo-fontello' title='' data-avia-related-tooltip='Compartir en LinkedIn' rel=\"noopener\"><span class='avia_hidden_link_text'>Compartir en LinkedIn<\/span><\/a><\/li><li class='av-share-link av-social-link-mail' ><a  aria-label=\"Compartir por correo\" href='mailto:?subject=Fortalecen%20Red%20Asistencial%20ante%20mayor%20demanda%20por%20enfermedades%20respiratorias&#038;body=https:\/\/radiorevelacionfm.cl\/?p=31697' aria-hidden='false' data-av_icon='\ue805' data-av_iconfont='entypo-fontello' title='' data-avia-related-tooltip='Compartir por correo'><span class='avia_hidden_link_text'>Compartir por correo<\/span><\/a><\/li><\/ul><\/div><\/div>\n<div  style='height:50px' class='hr hr-invisible   avia-builder-el-8  el_after_av_social_share  el_before_av_comments_list '><span class='hr-inner ' ><span class='hr-inner-style'><\/span><\/span><\/div>\n<div  class='av-buildercomment  av-blog-meta-html-info-disabled av-blog-meta-tag-disabled  '><\/div>\n","protected":false},"excerpt":{"rendered":"","protected":false},"author":1,"featured_media":31698,"comment_status":"open","ping_status":"open","sticky":false,"template":"","format":"standard","meta":{"footnotes":""},"categories":[46],"tags":[],"class_list":["post-31697","post","type-post","status-publish","format-standard","has-post-thumbnail","hentry","category-salud"],"jetpack_featured_media_url":"https:\/\/radiorevelacionfm.cl\/wp-content\/uploads\/2023\/06\/lanzamiento-campaNa-4-1_optimized.jpeg","_links":{"self":[{"href":"https:\/\/radiorevelacionfm.cl\/index.php?rest_route=\/wp\/v2\/posts\/31697","targetHints":{"allow":["GET"]}}],"collection":[{"href":"https:\/\/radiorevelacionfm.cl\/index.php?rest_route=\/wp\/v2\/posts"}],"about":[{"href":"https:\/\/radiorevelacionfm.cl\/index.php?rest_route=\/wp\/v2\/types\/post"}],"author":[{"embeddable":true,"href":"https:\/\/radiorevelacionfm.cl\/index.php?rest_route=\/wp\/v2\/users\/1"}],"replies":[{"embeddable":true,"href":"https:\/\/radiorevelacionfm.cl\/index.php?rest_route=%2Fwp%2Fv2%2Fcomments&post=31697"}],"version-history":[{"count":1,"href":"https:\/\/radiorevelacionfm.cl\/index.php?rest_route=\/wp\/v2\/posts\/31697\/revisions"}],"predecessor-version":[{"id":31699,"href":"https:\/\/radiorevelacionfm.cl\/index.php?rest_route=\/wp\/v2\/posts\/31697\/revisions\/31699"}],"wp:featuredmedia":[{"embeddable":true,"href":"https:\/\/radiorevelacionfm.cl\/index.php?rest_route=\/wp\/v2\/media\/31698"}],"wp:attachment":[{"href":"https:\/\/radiorevelacionfm.cl\/index.php?rest_route=%2Fwp%2Fv2%2Fmedia&parent=31697"}],"wp:term":[{"taxonomy":"category","embeddable":true,"href":"https:\/\/radiorevelacionfm.cl\/index.php?rest_route=%2Fwp%2Fv2%2Fcategories&post=31697"},{"taxonomy":"post_tag","embeddable":true,"href":"https:\/\/radiorevelacionfm.cl\/index.php?rest_route=%2Fwp%2Fv2%2Ftags&post=31697"}],"curies":[{"name":"wp","href":"https:\/\/api.w.org\/{rel}","templated":true}]}}