{"id":31694,"date":"2023-06-06T11:15:03","date_gmt":"2023-06-06T14:15:03","guid":{"rendered":"https:\/\/radiorevelacionfm.cl\/?p=31694"},"modified":"2023-06-06T11:15:03","modified_gmt":"2023-06-06T14:15:03","slug":"seremi-de-vivienda-destaco-en-su-cuenta-publica-los-avances-y-proyecciones-del-plan-de-emergencia-habitacional-en-la-region","status":"publish","type":"post","link":"https:\/\/radiorevelacionfm.cl\/?p=31694","title":{"rendered":"Seremi de Vivienda destac\u00f3 en su Cuenta P\u00fablica los avances y proyecciones del Plan de Emergencia Habitacional en la regi\u00f3n"},"content":{"rendered":"<div class=\"flex_column av_one_full  flex_column_div av-zero-column-padding first  avia-builder-el-0  el_before_av_one_full  avia-builder-el-first  \" style='border-radius:0px; '><div  class='avia-image-container  av-styling-    avia-builder-el-1  avia-builder-el-no-sibling  avia-align-center '  itemprop=\"image\" itemscope=\"itemscope\" itemtype=\"https:\/\/schema.org\/ImageObject\"  ><div class='avia-image-container-inner'><div class='avia-image-overlay-wrap'><img decoding=\"async\" class='wp-image-31695 avia-img-lazy-loading-not-31695 avia_image' src=\"https:\/\/radiorevelacionfm.cl\/wp-content\/uploads\/2023\/06\/INAUGURAACION-VIVIENDAS-COYHAIQUE-1-1.jpeg\" alt='' title='INAUGURAACI\u00d3N VIVIENDAS COYHAIQUE (1) (1)' height=\"600\" width=\"800\"  itemprop=\"thumbnailUrl\" srcset=\"https:\/\/radiorevelacionfm.cl\/wp-content\/uploads\/2023\/06\/INAUGURAACION-VIVIENDAS-COYHAIQUE-1-1.jpeg 800w, https:\/\/radiorevelacionfm.cl\/wp-content\/uploads\/2023\/06\/INAUGURAACION-VIVIENDAS-COYHAIQUE-1-1-300x225.jpeg 300w, https:\/\/radiorevelacionfm.cl\/wp-content\/uploads\/2023\/06\/INAUGURAACION-VIVIENDAS-COYHAIQUE-1-1-768x576.jpeg 768w, https:\/\/radiorevelacionfm.cl\/wp-content\/uploads\/2023\/06\/INAUGURAACION-VIVIENDAS-COYHAIQUE-1-1-705x529.jpeg 705w, https:\/\/radiorevelacionfm.cl\/wp-content\/uploads\/2023\/06\/INAUGURAACION-VIVIENDAS-COYHAIQUE-1-1-450x338.jpeg 450w, https:\/\/radiorevelacionfm.cl\/wp-content\/uploads\/2023\/06\/INAUGURAACION-VIVIENDAS-COYHAIQUE-1-1-600x450.jpeg 600w\" sizes=\"(max-width: 800px) 100vw, 800px\" \/><\/div><\/div><\/div><\/div><div class=\"flex_column av_one_full  flex_column_div av-zero-column-padding first  avia-builder-el-2  el_after_av_one_full  el_before_av_one_full  column-top-margin\" style='border-radius:0px; '><section class=\"av_textblock_section \"  itemscope=\"itemscope\" itemtype=\"https:\/\/schema.org\/BlogPosting\" itemprop=\"blogPost\" ><div class='avia_textblock  '   itemprop=\"text\" ><p style=\"text-align: center;\"><strong><span style=\"font-size: 18pt;\">Seremi de Vivienda destac\u00f3 en su Cuenta P\u00fablica los avances y proyecciones del Plan de Emergencia Habitacional en la regi\u00f3n<\/span><\/strong><\/p>\n<div id=\"gtx-trans\" style=\"position: absolute; left: -50px; top: 4.31534px;\">\n<div class=\"gtx-trans-icon\"><\/div>\n<\/div>\n<\/div><\/section><\/div><div class=\"flex_column av_one_full  flex_column_div av-zero-column-padding first  avia-builder-el-4  el_after_av_one_full  el_before_av_hr  column-top-margin\" style='border-radius:0px; '><section class=\"av_textblock_section \"  itemscope=\"itemscope\" itemtype=\"https:\/\/schema.org\/BlogPosting\" itemprop=\"blogPost\" ><div class='avia_textblock  '   itemprop=\"text\" ><p style=\"text-align: justify;\">Con m\u00e1s de 500 viviendas en plena construcci\u00f3n, muchas de las cuales podr\u00edan ser inauguradas durante este a\u00f1o, el Ministerio de Vivienda y Urbanismo sigue avanzando a paso firme en la meta trazada dentro del Plan de Emergencia Habitacional, la cual consiste en entregar al menos mil 293 soluciones habitacionales para familias de la regi\u00f3n durante el actual periodo de Gobierno.<\/p>\n<p style=\"text-align: justify;\">As\u00ed lo ratific\u00f3 la Seremi de Vivienda, Paulina Ruz, al rendir su Cuenta p\u00fablica de la gesti\u00f3n correspondiente al 2022, donde destaca una inversi\u00f3n de 5 mil millones de pesos en obras urbanas y m\u00e1s de 49 mil 700 millones en proyectos habitacionales ejecutados en diversas comunas de la regi\u00f3n.<\/p>\n<p style=\"text-align: justify;\">Inform\u00f3 la autoridad que el a\u00f1o pasado se entregaron m\u00e1s de 2 mil 300 certificados de subsidio habitacional en los diferentes programas del Minvu, llegando a familias de los sectores m\u00e1s vulnerables, pero tambi\u00e9n de sectores medios, de sectores rurales, y en general familias que requieren arrendar, construir, mejorar o ampliar sus viviendas.<\/p>\n<p style=\"text-align: justify;\">De esta forma, 751 familias recibieron subsidios para concretar el mejoramiento t\u00e9rmico de sus viviendas, avanzando a un 80% en la meta de entregar 7 mil subsidios de este tipo en el marco del Plan de Descontaminaci\u00f3n Atmosf\u00e9rica (PDA) para la ciudad de Coyhaique.<\/p>\n<p style=\"text-align: justify;\">Otro punto relevante tiene que ver con los avances en el gran proyecto habitacional de la Chacra G, que contempla urbanizar terrenos para dar soluci\u00f3n a m\u00e1s de mil familias de Coyhaique en los pr\u00f3ximos a\u00f1os. Aqu\u00ed se espera iniciar obras este 2023 tanto para la macro urbanizaci\u00f3n como para la construcci\u00f3n de viviendas para los dos primeros comit\u00e9s que se proyectan en el terreno ubicado frente a la calle Campos de Hielo, en el sector alto de la ciudad.<\/p>\n<p style=\"text-align: justify;\">Tambi\u00e9n destaca la habilitaci\u00f3n de terrenos para la posterior construcci\u00f3n de viviendas para 68 familias del campamento Las Quilas de Puerto Ays\u00e9n, el m\u00e1s grande y antiguo de la regi\u00f3n.<\/p>\n<p style=\"text-align: justify;\">En el \u00e1mbito urbano, en tanto, durante el 2022 se concret\u00f3 la pavimentaci\u00f3n de m\u00e1s de 7 kil\u00f3metros de calles y pasajes, mediante la ejecuci\u00f3n de 13 proyectos que benefician a familias de Villa O\u2019Higgins, Puerto Cisnes, Coyhaique, Chile Chico, Bah\u00eda Murta, Puerto Ays\u00e9n y Puerto Chacabuco, entre otros.<\/p>\n<p style=\"text-align: justify;\"><strong>2023<\/strong><\/p>\n<p style=\"text-align: justify;\">Sobre las proyecciones para este a\u00f1o las Seremi Paulina Ruz indic\u00f3 que el presupuesto supera los 63 mil millones de pesos: 11 mil 300 millones para iniciar obras urbanas y 52 mil 300 millones para atender demandas habitacionales.<\/p>\n<p style=\"text-align: justify;\">Es as\u00ed que en los pr\u00f3ximos meses el Minvu espera entregar 108 viviendas para familias del comit\u00e9 \u201cCalafate Patag\u00f3n\u201d, 50 para el comit\u00e9 \u201cNo Tengo Casa Propia\u201d y 204 para los comit\u00e9s \u201cAmuy\u00e9n I\u201d y \u201cAmuyen II\u201d, a lo que se suman 9 viviendas para los integrantes del comit\u00e9 \u201cSue\u00f1os de Lago Yulton\u201d, todos proyectos de Puerto Ays\u00e9n<\/p>\n<p style=\"text-align: justify;\">En la comuna de Coyhaique, en tanto, comenz\u00f3 este a\u00f1o la construcci\u00f3n de un nuevo conjunto habitacional para 96 familias de Balmaceda, las cuales esperaban por m\u00e1s de una d\u00e9cada el hist\u00f3rico momento.<\/p>\n<p style=\"text-align: justify;\">Junto con destacar la gran cantidad de obras que est\u00e1n en marcha en el marco de los programas Para Peque\u00f1as Localidades y Quiero Mi Barrio, que adem\u00e1s de Coyhaique y Ays\u00e9n est\u00e1n llegando a comunas como Cochrane, Lago Verde y Guaitecas, la Seremi inform\u00f3 que pronto se iniciar\u00e1n varios proyectos urbanos para mejorar la vida de los vecinos y vecinas, como por ejemplo la pavimentaci\u00f3n de m\u00e1s de 7,7 km de calles y pasajes, con una inversi\u00f3n que supera los 7 mil millones de pesos.<\/p>\n<p style=\"text-align: justify;\">Otros proyectos permitir\u00e1n mejorar la Plaza de Armas de Villa \u00d1irehuao, por 660 millones de pesos y la plaza de armas de Puerto Cisnes, por mil 400 millones; la conservaci\u00f3n del parque Los Artesanos de Chacabuco, por 792 millones de pesos y del sistema de aguas lluvias para Villa O\u2019Higgins, por 480 millones de pesos.<\/p>\n<p style=\"text-align: justify;\">A ello se suma el proyecto de normalizaci\u00f3n y mejoramiento de rutas peatonales, en Coyhaique y Puerto Cisnes, por mil 456 millones de pesos; la conservaci\u00f3n del espacio \u201cCerro Mirador\u201d de Puerto Ays\u00e9n y el esperado inicio de las obras de construcci\u00f3n del \u201cParque Los Glaciares\u201d, en el sector Escuela Agr\u00edcola de Coyhaique, obra que supera los 3 mil 400 millones de pesos de inversi\u00f3n sectorial.<\/p>\n<p style=\"text-align: justify;\">Finalmente, la Seremi agradeci\u00f3 el apoyo de todos los actores que se relacionan con el sector Vivienda, ya sea del sector p\u00fablico como del privado, reiterando el compromiso de los equipos de la Seremi y el Serviu para sacar adelante los desaf\u00edos impuestos y responder a las necesidades y demandas de las familias de toda la regi\u00f3n.<\/p>\n<\/div><\/section><\/div><div  style='height:50px' class='hr hr-invisible   avia-builder-el-6  el_after_av_one_full  el_before_av_social_share '><span class='hr-inner ' ><span class='hr-inner-style'><\/span><\/span><\/div><\/p>\n<div  class='av-social-sharing-box  avia-builder-el-7  el_after_av_hr  el_before_av_hr  '><div class='av-share-box'><h5 class='av-share-link-description av-no-toc '>Compartir esta noticia<\/h5><ul class='av-share-box-list noLightbox'><li class='av-share-link av-social-link-facebook' ><a target=\"_blank\" aria-label=\"Compartir en Facebook\" href='https:\/\/www.facebook.com\/sharer.php?u=https:\/\/radiorevelacionfm.cl\/?p=31694&#038;t=Seremi%20de%20Vivienda%20destac%C3%B3%20en%20su%20Cuenta%20P%C3%BAblica%20los%20avances%20y%20proyecciones%20del%20Plan%20de%20Emergencia%20Habitacional%20en%20la%20regi%C3%B3n' aria-hidden='false' data-av_icon='\ue8f3' data-av_iconfont='entypo-fontello' title='' data-avia-related-tooltip='Compartir en Facebook' rel=\"noopener\"><span class='avia_hidden_link_text'>Compartir en Facebook<\/span><\/a><\/li><li class='av-share-link av-social-link-twitter' ><a target=\"_blank\" aria-label=\"Compartir en Twitter\" href='https:\/\/twitter.com\/share?text=Seremi%20de%20Vivienda%20destac%C3%B3%20en%20su%20Cuenta%20P%C3%BAblica%20los%20avances%20y%20proyecciones%20del%20Plan%20de%20Emergencia%20Habitacional%20en%20la%20regi%C3%B3n&#038;url=https:\/\/radiorevelacionfm.cl\/?p=31694' aria-hidden='false' data-av_icon='\ue8f1' data-av_iconfont='entypo-fontello' title='' data-avia-related-tooltip='Compartir en Twitter' rel=\"noopener\"><span class='avia_hidden_link_text'>Compartir en Twitter<\/span><\/a><\/li><li class='av-share-link av-social-link-whatsapp' ><a target=\"_blank\" aria-label=\"Compartir en Whatsapp\" href='https:\/\/api.whatsapp.com\/send?text=https:\/\/radiorevelacionfm.cl\/?p=31694' aria-hidden='false' data-av_icon='\uf232' data-av_iconfont='entypo-fontello' title='' data-avia-related-tooltip='Compartir en Whatsapp' rel=\"noopener\"><span class='avia_hidden_link_text'>Compartir en Whatsapp<\/span><\/a><\/li><li class='av-share-link av-social-link-linkedin' ><a target=\"_blank\" aria-label=\"Compartir en LinkedIn\" href='https:\/\/linkedin.com\/shareArticle?mini=true&#038;title=Seremi%20de%20Vivienda%20destac%C3%B3%20en%20su%20Cuenta%20P%C3%BAblica%20los%20avances%20y%20proyecciones%20del%20Plan%20de%20Emergencia%20Habitacional%20en%20la%20regi%C3%B3n&#038;url=https:\/\/radiorevelacionfm.cl\/?p=31694' aria-hidden='false' data-av_icon='\ue8fc' data-av_iconfont='entypo-fontello' title='' data-avia-related-tooltip='Compartir en LinkedIn' rel=\"noopener\"><span class='avia_hidden_link_text'>Compartir en LinkedIn<\/span><\/a><\/li><li class='av-share-link av-social-link-mail' ><a  aria-label=\"Compartir por correo\" href='mailto:?subject=Seremi%20de%20Vivienda%20destac%C3%B3%20en%20su%20Cuenta%20P%C3%BAblica%20los%20avances%20y%20proyecciones%20del%20Plan%20de%20Emergencia%20Habitacional%20en%20la%20regi%C3%B3n&#038;body=https:\/\/radiorevelacionfm.cl\/?p=31694' aria-hidden='false' data-av_icon='\ue805' data-av_iconfont='entypo-fontello' title='' data-avia-related-tooltip='Compartir por correo'><span class='avia_hidden_link_text'>Compartir por correo<\/span><\/a><\/li><\/ul><\/div><\/div>\n<div  style='height:50px' class='hr hr-invisible   avia-builder-el-8  el_after_av_social_share  el_before_av_comments_list '><span class='hr-inner ' ><span class='hr-inner-style'><\/span><\/span><\/div>\n<div  class='av-buildercomment  av-blog-meta-html-info-disabled av-blog-meta-tag-disabled  '><\/div>\n","protected":false},"excerpt":{"rendered":"","protected":false},"author":1,"featured_media":31695,"comment_status":"open","ping_status":"open","sticky":false,"template":"","format":"standard","meta":{"footnotes":""},"categories":[57],"tags":[],"class_list":["post-31694","post","type-post","status-publish","format-standard","has-post-thumbnail","hentry","category-vivienda"],"jetpack_featured_media_url":"https:\/\/radiorevelacionfm.cl\/wp-content\/uploads\/2023\/06\/INAUGURAACION-VIVIENDAS-COYHAIQUE-1-1.jpeg","_links":{"self":[{"href":"https:\/\/radiorevelacionfm.cl\/index.php?rest_route=\/wp\/v2\/posts\/31694","targetHints":{"allow":["GET"]}}],"collection":[{"href":"https:\/\/radiorevelacionfm.cl\/index.php?rest_route=\/wp\/v2\/posts"}],"about":[{"href":"https:\/\/radiorevelacionfm.cl\/index.php?rest_route=\/wp\/v2\/types\/post"}],"author":[{"embeddable":true,"href":"https:\/\/radiorevelacionfm.cl\/index.php?rest_route=\/wp\/v2\/users\/1"}],"replies":[{"embeddable":true,"href":"https:\/\/radiorevelacionfm.cl\/index.php?rest_route=%2Fwp%2Fv2%2Fcomments&post=31694"}],"version-history":[{"count":1,"href":"https:\/\/radiorevelacionfm.cl\/index.php?rest_route=\/wp\/v2\/posts\/31694\/revisions"}],"predecessor-version":[{"id":31696,"href":"https:\/\/radiorevelacionfm.cl\/index.php?rest_route=\/wp\/v2\/posts\/31694\/revisions\/31696"}],"wp:featuredmedia":[{"embeddable":true,"href":"https:\/\/radiorevelacionfm.cl\/index.php?rest_route=\/wp\/v2\/media\/31695"}],"wp:attachment":[{"href":"https:\/\/radiorevelacionfm.cl\/index.php?rest_route=%2Fwp%2Fv2%2Fmedia&parent=31694"}],"wp:term":[{"taxonomy":"category","embeddable":true,"href":"https:\/\/radiorevelacionfm.cl\/index.php?rest_route=%2Fwp%2Fv2%2Fcategories&post=31694"},{"taxonomy":"post_tag","embeddable":true,"href":"https:\/\/radiorevelacionfm.cl\/index.php?rest_route=%2Fwp%2Fv2%2Ftags&post=31694"}],"curies":[{"name":"wp","href":"https:\/\/api.w.org\/{rel}","templated":true}]}}