{"id":31691,"date":"2023-06-06T10:52:58","date_gmt":"2023-06-06T13:52:58","guid":{"rendered":"https:\/\/radiorevelacionfm.cl\/?p=31691"},"modified":"2023-06-06T10:52:58","modified_gmt":"2023-06-06T13:52:58","slug":"con-feria-ambiental-en-escuela-altamira-relevan-50-anos-del-dia-internacional-del-medio-ambiente","status":"publish","type":"post","link":"https:\/\/radiorevelacionfm.cl\/?p=31691","title":{"rendered":"Con feria ambiental en escuela Altamira relevan 50 a\u00f1os del D\u00eda Internacional del Medio Ambiente"},"content":{"rendered":"<div class=\"flex_column av_one_full  flex_column_div av-zero-column-padding first  avia-builder-el-0  el_before_av_one_full  avia-builder-el-first  \" style='border-radius:0px; '><div  class='avia-image-container  av-styling-    avia-builder-el-1  avia-builder-el-no-sibling  avia-align-center '  itemprop=\"image\" itemscope=\"itemscope\" itemtype=\"https:\/\/schema.org\/ImageObject\"  ><div class='avia-image-container-inner'><div class='avia-image-overlay-wrap'><img decoding=\"async\" class='wp-image-31692 avia-img-lazy-loading-not-31692 avia_image' src=\"https:\/\/radiorevelacionfm.cl\/wp-content\/uploads\/2023\/06\/img_2248-1_optimized-1_optimized-1.jpg\" alt='' title='img_2248-(1)_optimized-(1)_optimized (1)' height=\"600\" width=\"1067\"  itemprop=\"thumbnailUrl\" srcset=\"https:\/\/radiorevelacionfm.cl\/wp-content\/uploads\/2023\/06\/img_2248-1_optimized-1_optimized-1.jpg 1067w, https:\/\/radiorevelacionfm.cl\/wp-content\/uploads\/2023\/06\/img_2248-1_optimized-1_optimized-1-300x169.jpg 300w, https:\/\/radiorevelacionfm.cl\/wp-content\/uploads\/2023\/06\/img_2248-1_optimized-1_optimized-1-1030x579.jpg 1030w, https:\/\/radiorevelacionfm.cl\/wp-content\/uploads\/2023\/06\/img_2248-1_optimized-1_optimized-1-768x432.jpg 768w, https:\/\/radiorevelacionfm.cl\/wp-content\/uploads\/2023\/06\/img_2248-1_optimized-1_optimized-1-705x396.jpg 705w, https:\/\/radiorevelacionfm.cl\/wp-content\/uploads\/2023\/06\/img_2248-1_optimized-1_optimized-1-450x253.jpg 450w, https:\/\/radiorevelacionfm.cl\/wp-content\/uploads\/2023\/06\/img_2248-1_optimized-1_optimized-1-600x337.jpg 600w\" sizes=\"(max-width: 1067px) 100vw, 1067px\" \/><\/div><\/div><\/div><\/div><div class=\"flex_column av_one_full  flex_column_div av-zero-column-padding first  avia-builder-el-2  el_after_av_one_full  el_before_av_one_full  column-top-margin\" style='border-radius:0px; '><section class=\"av_textblock_section \"  itemscope=\"itemscope\" itemtype=\"https:\/\/schema.org\/BlogPosting\" itemprop=\"blogPost\" ><div class='avia_textblock  '   itemprop=\"text\" ><p style=\"text-align: center;\"><span style=\"font-size: 18pt;\"><strong>Con feria ambiental en escuela Altamira relevan 50 a\u00f1os del D\u00eda Internacional del Medio Ambiente<\/strong><\/span><\/p>\n<div id=\"gtx-trans\" style=\"position: absolute; left: -50px; top: 4.31534px;\">\n<div class=\"gtx-trans-icon\"><\/div>\n<\/div>\n<\/div><\/section><\/div><div class=\"flex_column av_one_full  flex_column_div av-zero-column-padding first  avia-builder-el-4  el_after_av_one_full  el_before_av_hr  column-top-margin\" style='border-radius:0px; '><section class=\"av_textblock_section \"  itemscope=\"itemscope\" itemtype=\"https:\/\/schema.org\/BlogPosting\" itemprop=\"blogPost\" ><div class='avia_textblock  '   itemprop=\"text\" ><p style=\"text-align: justify;\">Una feria educativa ambiental, organizada por la Escuela Altamira de Coyhaique, fue el punto de encuentro para que, la comunidad educativa y autoridades de las Seremis de Medio Ambiente y Educaci\u00f3n, conmemoraran el D\u00eda Internacional del Medio Ambiente, que este 2023 cumple 50 a\u00f1os.<\/p>\n<p style=\"text-align: justify;\">\u201c\u00bfQu\u00e9 mejor que una feria donde nuestros ni\u00f1os y ni\u00f1as puedan ver c\u00f3mo colaborar con el medio ambiente?\u201d, pregunt\u00f3 la profesora y coordinadora de medio ambiente de la escuela Altamira, Maribel Torner\u00eda, a cargo de llevar a cabo la feria que incluy\u00f3 diversos stands de apoderados y estudiantes\u00a0 \u201cTenemos un stand de compost con lombrices californianas, para saber qu\u00e9 tipo de residuos y c\u00f3mo van en un compostaje; otro stand de semillas y trasplante; otros ni\u00f1os est\u00e1n regalando suculentas; otro stand de una apoderada sobre como reciclar, reutilizar y reducir nuestros residuos\u201d, detall\u00f3 la profesora agradeciendo tambi\u00e9n la colaboraci\u00f3n de los profesionales de la SEREMI del Medio Ambiente quienes aportaron con stands de biodiversidad y calidad del aire.<\/p>\n<p style=\"text-align: justify;\">La SEREMI de Educaci\u00f3n, Isabel Garrido destac\u00f3 la actividad como una oportunidad de promoci\u00f3n de valores ambientales en el marco de la celebraci\u00f3n del d\u00eda internacional, donde la educaci\u00f3n cumple un rol clave \u201cla educaci\u00f3n cumple un rol fundamental en promover la conciencia sobre el cuidado del medio ambiente y la relaci\u00f3n sana, saludable y solidaria entre los seres humanos y el medio ambiente; y hoy en el contexto de cambio clim\u00e1tico tenemos que hacernos cargo desde la edad temprana e ir concientizando sobre esto desde pre k\u00ednder a cuarto a\u00f1o medio\u201d, declar\u00f3.<\/p>\n<p style=\"text-align: justify;\">La Escuela Altamira cuenta con Certificaci\u00f3n Ambiental de Excelencia SNCAE del ministerio del Medio Ambiente, y se ha convertido en un referente a nivel regional por incorporar de manera efectiva y exitosa la dimensi\u00f3n medioambiental a nivel curricular, de gesti\u00f3n y en las relaciones con su entorno; \u201cellos han acreditado la incorporaci\u00f3n de pr\u00e1cticas exitosas en su gesti\u00f3n curricular y como se relacionan con el entorno inmediato y estamos muy felices, pero este es un trabajo que no termina ac\u00e1, hay que visibilizar este d\u00eda del medio ambiente para que as personas puedan desarrollar valores sustentables y una relaci\u00f3n m\u00e1s armoniosa con el medio ambiente, que asegure la sustentabilidad para las generaciones futuras\u201d, coment\u00f3 el encargado del \u00e1rea de educaci\u00f3n ambiental de la SEREMI del Medio Ambiente, Juan Luis R\u00edos, agregando que actualmente junto a Altamira son 96 los establecimientos y centros educativos en la regi\u00f3n de Ays\u00e9n que han ingresado al sistema voluntario de certificaci\u00f3n ambiental SNCAE, lo que representa un 64% del total de la regi\u00f3n.<\/p>\n<p style=\"text-align: justify;\">Este d\u00eda internacional, que se conmemora cada 5 de junio desde 1973, se ha convertido en una plataforma para promover los Objetivos de Desarrollo Sostenible fomentando la acci\u00f3n por el medio ambiente. Para la versi\u00f3n 2023, la Organizaci\u00f3n de las Naciones Unidas ONU ha centrado el mensaje en las soluciones a la contaminaci\u00f3n por pl\u00e1sticos, considerando sus efectos perjudiciales en la salud, la econom\u00eda y el medio ambiente, convocando a tomar medidas urgentes.<\/p>\n<p style=\"text-align: justify;\">Son 4.300 las toneladas de pl\u00e1sticos que se generan en el mundo anualmente, para hacer frente a esta problem\u00e1tica, en nuestro pa\u00eds el ministerio del Medio Ambiente ha impulsado la ley de responsabilidad extendida del productor REP; la ley que proh\u00edbe las bolsas pl\u00e1sticas; el Pacto Chileno por los Pl\u00e1sticos, Circula el Pl\u00e1stico; y as\u00ed tambi\u00e9n en la ley que elimina gradualmente el dispendio de pl\u00e1sticos de un solo uso.<\/p>\n<p style=\"text-align: justify;\"><strong>Una nueva ley para los residuos<\/strong><\/p>\n<p style=\"text-align: justify;\">En medio de la conmemoraci\u00f3n del D\u00eda Internacional del Medio Ambiente, la Ministra de la cartera aprovech\u00f3 para relevar el \u00e9nfasis que su ministerio ha puesto en los residuos vegetales, que se estima representan el 58% de la \u201cbolsa de basura\u201d de los hogares chilenos. Por cuanto en la conmemoraci\u00f3n anunci\u00f3 que dentro de los pr\u00f3ximos d\u00edas se presentar\u00e1 un proyecto de ley que impulsar\u00e1 el reciclaje de los residuos org\u00e1nicos.<\/p>\n<p style=\"text-align: justify;\">El proyecto de ley propondr\u00e1 soluciones concretas para evitar que estos residuos terminen en los rellenos sanitarios. As\u00ed tambi\u00e9n establecer\u00e1 incentivos y obligaciones para fomentar la recolecci\u00f3n segregada de los restos de verduras, transformando as\u00ed un problema en un beneficio para la poblaci\u00f3n. Esta iniciativa, que alargar\u00e1 la vida \u00fatil de los rellenos sanitarios, disminuir\u00e1 adem\u00e1s la generaci\u00f3n de metano, potente gas de efecto invernadero.<\/p>\n<\/div><\/section><\/div><div  style='height:50px' class='hr hr-invisible   avia-builder-el-6  el_after_av_one_full  el_before_av_social_share '><span class='hr-inner ' ><span class='hr-inner-style'><\/span><\/span><\/div><\/p>\n<div  class='av-social-sharing-box  avia-builder-el-7  el_after_av_hr  el_before_av_hr  '><div class='av-share-box'><h5 class='av-share-link-description av-no-toc '>Compartir esta noticia<\/h5><ul class='av-share-box-list noLightbox'><li class='av-share-link av-social-link-facebook' ><a target=\"_blank\" aria-label=\"Compartir en Facebook\" href='https:\/\/www.facebook.com\/sharer.php?u=https:\/\/radiorevelacionfm.cl\/?p=31691&#038;t=Con%20feria%20ambiental%20en%20escuela%20Altamira%20relevan%2050%20a%C3%B1os%20del%20D%C3%ADa%20Internacional%20del%20Medio%20Ambiente' aria-hidden='false' data-av_icon='\ue8f3' data-av_iconfont='entypo-fontello' title='' data-avia-related-tooltip='Compartir en Facebook' rel=\"noopener\"><span class='avia_hidden_link_text'>Compartir en Facebook<\/span><\/a><\/li><li class='av-share-link av-social-link-twitter' ><a target=\"_blank\" aria-label=\"Compartir en Twitter\" href='https:\/\/twitter.com\/share?text=Con%20feria%20ambiental%20en%20escuela%20Altamira%20relevan%2050%20a%C3%B1os%20del%20D%C3%ADa%20Internacional%20del%20Medio%20Ambiente&#038;url=https:\/\/radiorevelacionfm.cl\/?p=31691' aria-hidden='false' data-av_icon='\ue8f1' data-av_iconfont='entypo-fontello' title='' data-avia-related-tooltip='Compartir en Twitter' rel=\"noopener\"><span class='avia_hidden_link_text'>Compartir en Twitter<\/span><\/a><\/li><li class='av-share-link av-social-link-whatsapp' ><a target=\"_blank\" aria-label=\"Compartir en Whatsapp\" href='https:\/\/api.whatsapp.com\/send?text=https:\/\/radiorevelacionfm.cl\/?p=31691' aria-hidden='false' data-av_icon='\uf232' data-av_iconfont='entypo-fontello' title='' data-avia-related-tooltip='Compartir en Whatsapp' rel=\"noopener\"><span class='avia_hidden_link_text'>Compartir en Whatsapp<\/span><\/a><\/li><li class='av-share-link av-social-link-linkedin' ><a target=\"_blank\" aria-label=\"Compartir en LinkedIn\" href='https:\/\/linkedin.com\/shareArticle?mini=true&#038;title=Con%20feria%20ambiental%20en%20escuela%20Altamira%20relevan%2050%20a%C3%B1os%20del%20D%C3%ADa%20Internacional%20del%20Medio%20Ambiente&#038;url=https:\/\/radiorevelacionfm.cl\/?p=31691' aria-hidden='false' data-av_icon='\ue8fc' data-av_iconfont='entypo-fontello' title='' data-avia-related-tooltip='Compartir en LinkedIn' rel=\"noopener\"><span class='avia_hidden_link_text'>Compartir en LinkedIn<\/span><\/a><\/li><li class='av-share-link av-social-link-mail' ><a  aria-label=\"Compartir por correo\" href='mailto:?subject=Con%20feria%20ambiental%20en%20escuela%20Altamira%20relevan%2050%20a%C3%B1os%20del%20D%C3%ADa%20Internacional%20del%20Medio%20Ambiente&#038;body=https:\/\/radiorevelacionfm.cl\/?p=31691' aria-hidden='false' data-av_icon='\ue805' data-av_iconfont='entypo-fontello' title='' data-avia-related-tooltip='Compartir por correo'><span class='avia_hidden_link_text'>Compartir por correo<\/span><\/a><\/li><\/ul><\/div><\/div>\n<div  style='height:50px' class='hr hr-invisible   avia-builder-el-8  el_after_av_social_share  el_before_av_comments_list '><span class='hr-inner ' ><span class='hr-inner-style'><\/span><\/span><\/div>\n<div  class='av-buildercomment  av-blog-meta-html-info-disabled av-blog-meta-tag-disabled  '><\/div>\n","protected":false},"excerpt":{"rendered":"","protected":false},"author":1,"featured_media":31692,"comment_status":"open","ping_status":"open","sticky":false,"template":"","format":"standard","meta":{"footnotes":""},"categories":[39],"tags":[],"class_list":["post-31691","post","type-post","status-publish","format-standard","has-post-thumbnail","hentry","category-medio-ambiente"],"jetpack_featured_media_url":"https:\/\/radiorevelacionfm.cl\/wp-content\/uploads\/2023\/06\/img_2248-1_optimized-1_optimized-1.jpg","_links":{"self":[{"href":"https:\/\/radiorevelacionfm.cl\/index.php?rest_route=\/wp\/v2\/posts\/31691","targetHints":{"allow":["GET"]}}],"collection":[{"href":"https:\/\/radiorevelacionfm.cl\/index.php?rest_route=\/wp\/v2\/posts"}],"about":[{"href":"https:\/\/radiorevelacionfm.cl\/index.php?rest_route=\/wp\/v2\/types\/post"}],"author":[{"embeddable":true,"href":"https:\/\/radiorevelacionfm.cl\/index.php?rest_route=\/wp\/v2\/users\/1"}],"replies":[{"embeddable":true,"href":"https:\/\/radiorevelacionfm.cl\/index.php?rest_route=%2Fwp%2Fv2%2Fcomments&post=31691"}],"version-history":[{"count":1,"href":"https:\/\/radiorevelacionfm.cl\/index.php?rest_route=\/wp\/v2\/posts\/31691\/revisions"}],"predecessor-version":[{"id":31693,"href":"https:\/\/radiorevelacionfm.cl\/index.php?rest_route=\/wp\/v2\/posts\/31691\/revisions\/31693"}],"wp:featuredmedia":[{"embeddable":true,"href":"https:\/\/radiorevelacionfm.cl\/index.php?rest_route=\/wp\/v2\/media\/31692"}],"wp:attachment":[{"href":"https:\/\/radiorevelacionfm.cl\/index.php?rest_route=%2Fwp%2Fv2%2Fmedia&parent=31691"}],"wp:term":[{"taxonomy":"category","embeddable":true,"href":"https:\/\/radiorevelacionfm.cl\/index.php?rest_route=%2Fwp%2Fv2%2Fcategories&post=31691"},{"taxonomy":"post_tag","embeddable":true,"href":"https:\/\/radiorevelacionfm.cl\/index.php?rest_route=%2Fwp%2Fv2%2Ftags&post=31691"}],"curies":[{"name":"wp","href":"https:\/\/api.w.org\/{rel}","templated":true}]}}