{"id":31688,"date":"2023-06-05T19:16:44","date_gmt":"2023-06-05T22:16:44","guid":{"rendered":"https:\/\/radiorevelacionfm.cl\/?p=31688"},"modified":"2023-06-05T19:16:44","modified_gmt":"2023-06-05T22:16:44","slug":"con-gran-participacion-se-realizo-operativo-de-regularizacion-migratoria-en-coyhaique","status":"publish","type":"post","link":"https:\/\/radiorevelacionfm.cl\/?p=31688","title":{"rendered":"Con gran participaci\u00f3n se realiz\u00f3 operativo de regularizaci\u00f3n migratoria en Coyhaique"},"content":{"rendered":"<div class=\"flex_column av_one_full  flex_column_div av-zero-column-padding first  avia-builder-el-0  el_before_av_one_full  avia-builder-el-first  \" style='border-radius:0px; '><div  class='avia-image-container  av-styling-    avia-builder-el-1  avia-builder-el-no-sibling  avia-align-center '  itemprop=\"image\" itemscope=\"itemscope\" itemtype=\"https:\/\/schema.org\/ImageObject\"  ><div class='avia-image-container-inner'><div class='avia-image-overlay-wrap'><img decoding=\"async\" class='wp-image-31689 avia-img-lazy-loading-not-31689 avia_image' src=\"https:\/\/radiorevelacionfm.cl\/wp-content\/uploads\/2023\/06\/4-25-1_optimized-1.jpg\" alt='' title='4-(25)-(1)_optimized (1)' height=\"600\" width=\"1068\"  itemprop=\"thumbnailUrl\" srcset=\"https:\/\/radiorevelacionfm.cl\/wp-content\/uploads\/2023\/06\/4-25-1_optimized-1.jpg 1068w, https:\/\/radiorevelacionfm.cl\/wp-content\/uploads\/2023\/06\/4-25-1_optimized-1-300x169.jpg 300w, https:\/\/radiorevelacionfm.cl\/wp-content\/uploads\/2023\/06\/4-25-1_optimized-1-1030x579.jpg 1030w, https:\/\/radiorevelacionfm.cl\/wp-content\/uploads\/2023\/06\/4-25-1_optimized-1-768x431.jpg 768w, https:\/\/radiorevelacionfm.cl\/wp-content\/uploads\/2023\/06\/4-25-1_optimized-1-705x396.jpg 705w, https:\/\/radiorevelacionfm.cl\/wp-content\/uploads\/2023\/06\/4-25-1_optimized-1-450x253.jpg 450w, https:\/\/radiorevelacionfm.cl\/wp-content\/uploads\/2023\/06\/4-25-1_optimized-1-600x337.jpg 600w\" sizes=\"(max-width: 1068px) 100vw, 1068px\" \/><\/div><\/div><\/div><\/div><div class=\"flex_column av_one_full  flex_column_div av-zero-column-padding first  avia-builder-el-2  el_after_av_one_full  el_before_av_one_full  column-top-margin\" style='border-radius:0px; '><section class=\"av_textblock_section \"  itemscope=\"itemscope\" itemtype=\"https:\/\/schema.org\/BlogPosting\" itemprop=\"blogPost\" ><div class='avia_textblock  '   itemprop=\"text\" ><p style=\"text-align: center;\"><span style=\"font-size: 18pt;\"><strong>Con gran participaci\u00f3n se realiz\u00f3 operativo de regularizaci\u00f3n migratoria en Coyhaique <\/strong><\/span><\/p>\n<div id=\"gtx-trans\" style=\"position: absolute; left: -50px; top: 4.31534px;\">\n<div class=\"gtx-trans-icon\"><\/div>\n<\/div>\n<\/div><\/section><\/div><div class=\"flex_column av_one_full  flex_column_div av-zero-column-padding first  avia-builder-el-4  el_after_av_one_full  el_before_av_hr  column-top-margin\" style='border-radius:0px; '><section class=\"av_textblock_section \"  itemscope=\"itemscope\" itemtype=\"https:\/\/schema.org\/BlogPosting\" itemprop=\"blogPost\" ><div class='avia_textblock  '   itemprop=\"text\" ><p style=\"text-align: justify;\">Gracias al trabajo de la Mesa Intersectorial de Apoyo a Migrantes, donde participan el Instituto Nacional de Derechos Humanos; la Seremi de Salud y el Fondo de Solidaridad e Inversi\u00f3n Social, FOSIS, se logr\u00f3 concretar, en dependencias del Liceo Josefina Aguirre de Coyhaique, este primer Operativo de regularizaci\u00f3n migratoria y Feria informativa, donde se atendi\u00f3 y entreg\u00f3 orientaci\u00f3n a m\u00e1s de 100 personas que buscan una migraci\u00f3n regulada y segura a nuestro pa\u00eds.<\/p>\n<p style=\"text-align: justify;\">El Presidente de la Asociaci\u00f3n de Migrantes Sur y Centro Americanos, ASOMISCA, Bladimir Caicedo, valor\u00f3 positivamente esta primera instancia de regularizaci\u00f3n migratoria. \u201cQuiero agradecer a la institucionalidad por siempre pensar cu\u00e1l es la mejor manera de llegar a la comunidad migrante y una de las mejores formas es poder llevar el servicio p\u00fablico al terreno, para que todos quienes lo requieran puedan ser parte del \u00e9l. Este operativo de regularizaci\u00f3n migratoria y feria informativa es una gran iniciativa.\u201d<\/p>\n<p style=\"text-align: justify;\">Fernanda Leiva, Directora Regional del FOSIS en Ays\u00e9n, aseguro que \u201cestamos muy contentos de esta importante jornada que hemos coordinado conjuntamente, porque ha tenido una muy buena convocatoria. Muchas personas se han acercado a la oferta que se est\u00e1 disponiendo a trav\u00e9s de este dispositivo. Queremos relevar el acercamiento que tenemos con la comunidad migrante local y destacar que desde nuestro Gobierno se nos mandata a atender a todos los grupos de mayor vulnerabilidad, sin distinci\u00f3n\u201d.<\/p>\n<p style=\"text-align: justify;\">La Jefa Regional (s) del Instituto Nacional de Derechos Humanos, Carla Romo, destac\u00f3 que \u201ccreemos que este primer operativo migrante fue un \u00e9xito. Queremos agradecer a todas las instituciones que participaron y principalmente a las personas migrante internacionales que tuvieron la posibilidad de hacer consultas de regularizaci\u00f3n migratoria. Esperamos encontrarnos en un nuevo espacio, que sigamos trabajando conjuntamente por una cultura respetuosa de los derechos humanos y la no discriminaci\u00f3n a las personas migrantes\u201d.<\/p>\n<p style=\"text-align: justify;\">Manuel \u00c1lvarez, Encargado del Programa Salud y Migraci\u00f3n de la Seremi de Salud de Ays\u00e9n, destac\u00f3 que \u201ceste operativo y tuvo una alta concurrencia de poblaci\u00f3n migrante, quienes pudieron acceder a su tr\u00e1mite regulatorio y a la vez pudieron estar presentes ante todo los servicios y prestaciones del estado para resolver sus principales problemas relativos a salud, educaci\u00f3n y trabajo\u201d.<\/p>\n<p style=\"text-align: justify;\">El operativo cont\u00f3 con un espacio dirigido a la gesti\u00f3n de tr\u00e1mites regulatorios encabezado por el Servicio Nacional de Migraciones (SERMIG) y la Polic\u00eda de Investigaciones de Chile, adem\u00e1s de la participaci\u00f3n en stands informativos de Servicios que fueron requeridos desde las propias organizaciones migrantes, tales como la Seremi de Salud, Seremi del Trabajo y Previsi\u00f3n Social, Seremi de Gobierno, Sence, Registro Civil, Chile Atiende, FUNFA, Integra, Ayuda MINEDUC, PRODEMU, FONASA, IPS, la Carrera de Pedagog\u00eda en Educaci\u00f3n B\u00e1sica de la Universidad Austral de Chile y Carabineros de Chile.<\/p>\n<\/div><\/section><\/div><div  style='height:50px' class='hr hr-invisible   avia-builder-el-6  el_after_av_one_full  el_before_av_social_share '><span class='hr-inner ' ><span class='hr-inner-style'><\/span><\/span><\/div><\/p>\n<div  class='av-social-sharing-box  avia-builder-el-7  el_after_av_hr  el_before_av_hr  '><div class='av-share-box'><h5 class='av-share-link-description av-no-toc '>Compartir esta noticia<\/h5><ul class='av-share-box-list noLightbox'><li class='av-share-link av-social-link-facebook' ><a target=\"_blank\" aria-label=\"Compartir en Facebook\" href='https:\/\/www.facebook.com\/sharer.php?u=https:\/\/radiorevelacionfm.cl\/?p=31688&#038;t=Con%20gran%20participaci%C3%B3n%20se%20realiz%C3%B3%20operativo%20de%20regularizaci%C3%B3n%20migratoria%20en%20Coyhaique' aria-hidden='false' data-av_icon='\ue8f3' data-av_iconfont='entypo-fontello' title='' data-avia-related-tooltip='Compartir en Facebook' rel=\"noopener\"><span class='avia_hidden_link_text'>Compartir en Facebook<\/span><\/a><\/li><li class='av-share-link av-social-link-twitter' ><a target=\"_blank\" aria-label=\"Compartir en Twitter\" href='https:\/\/twitter.com\/share?text=Con%20gran%20participaci%C3%B3n%20se%20realiz%C3%B3%20operativo%20de%20regularizaci%C3%B3n%20migratoria%20en%20Coyhaique&#038;url=https:\/\/radiorevelacionfm.cl\/?p=31688' aria-hidden='false' data-av_icon='\ue8f1' data-av_iconfont='entypo-fontello' title='' data-avia-related-tooltip='Compartir en Twitter' rel=\"noopener\"><span class='avia_hidden_link_text'>Compartir en Twitter<\/span><\/a><\/li><li class='av-share-link av-social-link-whatsapp' ><a target=\"_blank\" aria-label=\"Compartir en Whatsapp\" href='https:\/\/api.whatsapp.com\/send?text=https:\/\/radiorevelacionfm.cl\/?p=31688' aria-hidden='false' data-av_icon='\uf232' data-av_iconfont='entypo-fontello' title='' data-avia-related-tooltip='Compartir en Whatsapp' rel=\"noopener\"><span class='avia_hidden_link_text'>Compartir en Whatsapp<\/span><\/a><\/li><li class='av-share-link av-social-link-linkedin' ><a target=\"_blank\" aria-label=\"Compartir en LinkedIn\" href='https:\/\/linkedin.com\/shareArticle?mini=true&#038;title=Con%20gran%20participaci%C3%B3n%20se%20realiz%C3%B3%20operativo%20de%20regularizaci%C3%B3n%20migratoria%20en%20Coyhaique&#038;url=https:\/\/radiorevelacionfm.cl\/?p=31688' aria-hidden='false' data-av_icon='\ue8fc' data-av_iconfont='entypo-fontello' title='' data-avia-related-tooltip='Compartir en LinkedIn' rel=\"noopener\"><span class='avia_hidden_link_text'>Compartir en LinkedIn<\/span><\/a><\/li><li class='av-share-link av-social-link-mail' ><a  aria-label=\"Compartir por correo\" href='mailto:?subject=Con%20gran%20participaci%C3%B3n%20se%20realiz%C3%B3%20operativo%20de%20regularizaci%C3%B3n%20migratoria%20en%20Coyhaique&#038;body=https:\/\/radiorevelacionfm.cl\/?p=31688' aria-hidden='false' data-av_icon='\ue805' data-av_iconfont='entypo-fontello' title='' data-avia-related-tooltip='Compartir por correo'><span class='avia_hidden_link_text'>Compartir por correo<\/span><\/a><\/li><\/ul><\/div><\/div>\n<div  style='height:50px' class='hr hr-invisible   avia-builder-el-8  el_after_av_social_share  el_before_av_comments_list '><span class='hr-inner ' ><span class='hr-inner-style'><\/span><\/span><\/div>\n<div  class='av-buildercomment  av-blog-meta-html-info-disabled av-blog-meta-tag-disabled  '><\/div>\n","protected":false},"excerpt":{"rendered":"","protected":false},"author":1,"featured_media":31689,"comment_status":"open","ping_status":"open","sticky":false,"template":"","format":"standard","meta":{"footnotes":""},"categories":[38],"tags":[],"class_list":["post-31688","post","type-post","status-publish","format-standard","has-post-thumbnail","hentry","category-regional"],"jetpack_featured_media_url":"https:\/\/radiorevelacionfm.cl\/wp-content\/uploads\/2023\/06\/4-25-1_optimized-1.jpg","_links":{"self":[{"href":"https:\/\/radiorevelacionfm.cl\/index.php?rest_route=\/wp\/v2\/posts\/31688","targetHints":{"allow":["GET"]}}],"collection":[{"href":"https:\/\/radiorevelacionfm.cl\/index.php?rest_route=\/wp\/v2\/posts"}],"about":[{"href":"https:\/\/radiorevelacionfm.cl\/index.php?rest_route=\/wp\/v2\/types\/post"}],"author":[{"embeddable":true,"href":"https:\/\/radiorevelacionfm.cl\/index.php?rest_route=\/wp\/v2\/users\/1"}],"replies":[{"embeddable":true,"href":"https:\/\/radiorevelacionfm.cl\/index.php?rest_route=%2Fwp%2Fv2%2Fcomments&post=31688"}],"version-history":[{"count":1,"href":"https:\/\/radiorevelacionfm.cl\/index.php?rest_route=\/wp\/v2\/posts\/31688\/revisions"}],"predecessor-version":[{"id":31690,"href":"https:\/\/radiorevelacionfm.cl\/index.php?rest_route=\/wp\/v2\/posts\/31688\/revisions\/31690"}],"wp:featuredmedia":[{"embeddable":true,"href":"https:\/\/radiorevelacionfm.cl\/index.php?rest_route=\/wp\/v2\/media\/31689"}],"wp:attachment":[{"href":"https:\/\/radiorevelacionfm.cl\/index.php?rest_route=%2Fwp%2Fv2%2Fmedia&parent=31688"}],"wp:term":[{"taxonomy":"category","embeddable":true,"href":"https:\/\/radiorevelacionfm.cl\/index.php?rest_route=%2Fwp%2Fv2%2Fcategories&post=31688"},{"taxonomy":"post_tag","embeddable":true,"href":"https:\/\/radiorevelacionfm.cl\/index.php?rest_route=%2Fwp%2Fv2%2Ftags&post=31688"}],"curies":[{"name":"wp","href":"https:\/\/api.w.org\/{rel}","templated":true}]}}