{"id":31685,"date":"2023-06-05T19:36:41","date_gmt":"2023-06-05T22:36:41","guid":{"rendered":"https:\/\/radiorevelacionfm.cl\/?p=31685"},"modified":"2023-06-05T19:36:41","modified_gmt":"2023-06-05T22:36:41","slug":"en-las-comunas-de-cisnes-guaitecas-y-lago-verde-realizan-taller-de-elaboracion-de-material-didactico-y-audiovisual-con-educadores-tradicionales","status":"publish","type":"post","link":"https:\/\/radiorevelacionfm.cl\/?p=31685","title":{"rendered":"En las comunas de Cisnes, Guaitecas y Lago Verde realizan taller de elaboraci\u00f3n de material did\u00e1ctico y audiovisual con educadores tradicionales"},"content":{"rendered":"<div class=\"flex_column av_one_full  flex_column_div av-zero-column-padding first  avia-builder-el-0  el_before_av_one_full  avia-builder-el-first  \" style='border-radius:0px; '><div  class='avia-image-container  av-styling-    avia-builder-el-1  avia-builder-el-no-sibling  avia-align-center '  itemprop=\"image\" itemscope=\"itemscope\" itemtype=\"https:\/\/schema.org\/ImageObject\"  ><div class='avia-image-container-inner'><div class='avia-image-overlay-wrap'><img decoding=\"async\" class='wp-image-31686 avia-img-lazy-loading-not-31686 avia_image' src=\"https:\/\/radiorevelacionfm.cl\/wp-content\/uploads\/2023\/06\/photo-2023-05-31-16-14-03-1_optimized-1.jpg\" alt='' title='photo-2023-05-31-16-14-03-(1)_optimized (1)' height=\"600\" width=\"1008\"  itemprop=\"thumbnailUrl\" srcset=\"https:\/\/radiorevelacionfm.cl\/wp-content\/uploads\/2023\/06\/photo-2023-05-31-16-14-03-1_optimized-1.jpg 1008w, https:\/\/radiorevelacionfm.cl\/wp-content\/uploads\/2023\/06\/photo-2023-05-31-16-14-03-1_optimized-1-300x179.jpg 300w, https:\/\/radiorevelacionfm.cl\/wp-content\/uploads\/2023\/06\/photo-2023-05-31-16-14-03-1_optimized-1-768x457.jpg 768w, https:\/\/radiorevelacionfm.cl\/wp-content\/uploads\/2023\/06\/photo-2023-05-31-16-14-03-1_optimized-1-705x420.jpg 705w, https:\/\/radiorevelacionfm.cl\/wp-content\/uploads\/2023\/06\/photo-2023-05-31-16-14-03-1_optimized-1-450x268.jpg 450w, https:\/\/radiorevelacionfm.cl\/wp-content\/uploads\/2023\/06\/photo-2023-05-31-16-14-03-1_optimized-1-600x357.jpg 600w\" sizes=\"(max-width: 1008px) 100vw, 1008px\" \/><\/div><\/div><\/div><\/div><div class=\"flex_column av_one_full  flex_column_div av-zero-column-padding first  avia-builder-el-2  el_after_av_one_full  el_before_av_one_full  column-top-margin\" style='border-radius:0px; '><section class=\"av_textblock_section \"  itemscope=\"itemscope\" itemtype=\"https:\/\/schema.org\/BlogPosting\" itemprop=\"blogPost\" ><div class='avia_textblock  '   itemprop=\"text\" ><p style=\"text-align: center;\"><strong><span style=\"font-size: 18pt;\">En las comunas de Cisnes, Guaitecas y Lago Verde realizan taller de elaboraci\u00f3n de material did\u00e1ctico y audiovisual con educadores tradicionales<\/span><\/strong><\/p>\n<div id=\"gtx-trans\" style=\"position: absolute; left: -50px; top: 4.31534px;\">\n<div class=\"gtx-trans-icon\"><\/div>\n<\/div>\n<\/div><\/section><\/div><div class=\"flex_column av_one_full  flex_column_div av-zero-column-padding first  avia-builder-el-4  el_after_av_one_full  el_before_av_hr  column-top-margin\" style='border-radius:0px; '><section class=\"av_textblock_section \"  itemscope=\"itemscope\" itemtype=\"https:\/\/schema.org\/BlogPosting\" itemprop=\"blogPost\" ><div class='avia_textblock  '   itemprop=\"text\" ><p class=\"v1MsoNormal\" style=\"text-align: justify;\">En el marco de las actividades del Plan Regional de la Secretar\u00eda Regional Ministerial de Educaci\u00f3n de Ays\u00e9n, por segundo a\u00f1o se realiz\u00f3 el \u201cTaller de Elaboraci\u00f3n de Material Did\u00e1ctico y Audiovisual con Educadores Tradicionales\u201d en esta oportunidad en la comuna de Cisnes, Guaitecas y Lago Verde.<\/p>\n<p class=\"v1MsoNormal\" style=\"text-align: justify;\">Este trabajo se ha realizado de forma online y presencial, destacando la activa participaci\u00f3n de los educadores y educadoras, considerando que este trabajo busca mediar y apoyar, pero principalmente levantar desde el propio territorio, sus necesidades, intereses y experiencias;, en definitiva una propuesta de trabajo pedag\u00f3gica audiovisual acompa\u00f1ada de una gu\u00eda de trabajo que permita conectar curricularmente con la asignatura de Lengua y Cultura de Pueblos Originarios Ancestrales, entregando a su vez ejemplos de actividades y posibilidades de articulaci\u00f3n curricular con otras materias.<\/p>\n<p class=\"v1MsoNormal\" style=\"text-align: justify;\">El trabajo presencial se desarroll\u00f3 en las dependencias de la Biblioteca CRA de la Escuela Guido G\u00f3mez Mu\u00f1oz durante dos d\u00edas en los que participaron Yasnira Quintul Santana, Elvira Huenchullanca Nail y Mar\u00eda Fernanda Canuman Aguilar, educadoras tradicionales del mismo establecimiento, y Maritza Trangol Gonz\u00e1lez, Daniel Huenchul Soto y Lorena Taruman Vel\u00e1zquez, educadores de la Escuela Amanda Labarca Huberstone, Escuela Hamburgo, Escuela Eusebio Ibar Schepeller de las localidades de Ra\u00fal Mar\u00edn Balmaceda, Puyuhuapi y La Junta, respectivamente. Por su parte, las educadoras de Guaitecas y Lago Verde, Pamela Guenten y Elia Carrera, no pudieron asistir presencialmente sin embargo se mantuvieron en contacto online considerando sus aportes tambi\u00e9n en el trabajo desarrollado.<\/p>\n<p class=\"v1MsoNormal\" style=\"text-align: justify;\">Todo este trabajo fue realizado por los profesionales Luis Aravena y Mauricio Pineda quienes conforman el equipo de trabajo que se adjudic\u00f3 esta propuesta regional, siendo acompa\u00f1ados adem\u00e1s en forma continua por Patricia Sarabia, Coordinadora Regional de Educaci\u00f3n Intercultural Biling\u00fce de la Secreduc Ays\u00e9n.<\/p>\n<p class=\"v1MsoNormal\" style=\"text-align: justify;\">Es importante recordar que las experiencias anteriores en relaci\u00f3n a este tipo de trabajo realizado en las comunas de Coyhaique y Ays\u00e9n se encuentran disponibles en la plataforma\u00a0<a href=\"http:\/\/www.proyectoreciproca.cl\/?fbclid=IwAR2HRHMcqmGIHFHdS75fKJWfeOEujzfDYtssu5gwiZ2NctYd9F31YRZ60II\" target=\"_blank\" rel=\"noopener noreferrer\">www.proyectoreciproca.cl<\/a><\/p>\n<\/div><\/section><\/div><div  style='height:50px' class='hr hr-invisible   avia-builder-el-6  el_after_av_one_full  el_before_av_social_share '><span class='hr-inner ' ><span class='hr-inner-style'><\/span><\/span><\/div><\/p>\n<div  class='av-social-sharing-box  avia-builder-el-7  el_after_av_hr  el_before_av_hr  '><div class='av-share-box'><h5 class='av-share-link-description av-no-toc '>Compartir esta noticia<\/h5><ul class='av-share-box-list noLightbox'><li class='av-share-link av-social-link-facebook' ><a target=\"_blank\" aria-label=\"Compartir en Facebook\" href='https:\/\/www.facebook.com\/sharer.php?u=https:\/\/radiorevelacionfm.cl\/?p=31685&#038;t=En%20las%20comunas%20de%20Cisnes%2C%20Guaitecas%20y%20Lago%20Verde%20realizan%20taller%20de%20elaboraci%C3%B3n%20de%20material%20did%C3%A1ctico%20y%20audiovisual%20con%20educadores%20tradicionales' aria-hidden='false' data-av_icon='\ue8f3' data-av_iconfont='entypo-fontello' title='' data-avia-related-tooltip='Compartir en Facebook' rel=\"noopener\"><span class='avia_hidden_link_text'>Compartir en Facebook<\/span><\/a><\/li><li class='av-share-link av-social-link-twitter' ><a target=\"_blank\" aria-label=\"Compartir en Twitter\" href='https:\/\/twitter.com\/share?text=En%20las%20comunas%20de%20Cisnes%2C%20Guaitecas%20y%20Lago%20Verde%20realizan%20taller%20de%20elaboraci%C3%B3n%20de%20material%20did%C3%A1ctico%20y%20audiovisual%20con%20educadores%20tradicionales&#038;url=https:\/\/radiorevelacionfm.cl\/?p=31685' aria-hidden='false' data-av_icon='\ue8f1' data-av_iconfont='entypo-fontello' title='' data-avia-related-tooltip='Compartir en Twitter' rel=\"noopener\"><span class='avia_hidden_link_text'>Compartir en Twitter<\/span><\/a><\/li><li class='av-share-link av-social-link-whatsapp' ><a target=\"_blank\" aria-label=\"Compartir en Whatsapp\" href='https:\/\/api.whatsapp.com\/send?text=https:\/\/radiorevelacionfm.cl\/?p=31685' aria-hidden='false' data-av_icon='\uf232' data-av_iconfont='entypo-fontello' title='' data-avia-related-tooltip='Compartir en Whatsapp' rel=\"noopener\"><span class='avia_hidden_link_text'>Compartir en Whatsapp<\/span><\/a><\/li><li class='av-share-link av-social-link-linkedin' ><a target=\"_blank\" aria-label=\"Compartir en LinkedIn\" href='https:\/\/linkedin.com\/shareArticle?mini=true&#038;title=En%20las%20comunas%20de%20Cisnes%2C%20Guaitecas%20y%20Lago%20Verde%20realizan%20taller%20de%20elaboraci%C3%B3n%20de%20material%20did%C3%A1ctico%20y%20audiovisual%20con%20educadores%20tradicionales&#038;url=https:\/\/radiorevelacionfm.cl\/?p=31685' aria-hidden='false' data-av_icon='\ue8fc' data-av_iconfont='entypo-fontello' title='' data-avia-related-tooltip='Compartir en LinkedIn' rel=\"noopener\"><span class='avia_hidden_link_text'>Compartir en LinkedIn<\/span><\/a><\/li><li class='av-share-link av-social-link-mail' ><a  aria-label=\"Compartir por correo\" href='mailto:?subject=En%20las%20comunas%20de%20Cisnes%2C%20Guaitecas%20y%20Lago%20Verde%20realizan%20taller%20de%20elaboraci%C3%B3n%20de%20material%20did%C3%A1ctico%20y%20audiovisual%20con%20educadores%20tradicionales&#038;body=https:\/\/radiorevelacionfm.cl\/?p=31685' aria-hidden='false' data-av_icon='\ue805' data-av_iconfont='entypo-fontello' title='' data-avia-related-tooltip='Compartir por correo'><span class='avia_hidden_link_text'>Compartir por correo<\/span><\/a><\/li><\/ul><\/div><\/div>\n<div  style='height:50px' class='hr hr-invisible   avia-builder-el-8  el_after_av_social_share  el_before_av_comments_list '><span class='hr-inner ' ><span class='hr-inner-style'><\/span><\/span><\/div>\n<div  class='av-buildercomment  av-blog-meta-html-info-disabled av-blog-meta-tag-disabled  '><\/div>\n","protected":false},"excerpt":{"rendered":"","protected":false},"author":1,"featured_media":31686,"comment_status":"open","ping_status":"open","sticky":false,"template":"","format":"standard","meta":{"footnotes":""},"categories":[49],"tags":[],"class_list":["post-31685","post","type-post","status-publish","format-standard","has-post-thumbnail","hentry","category-educacion"],"jetpack_featured_media_url":"https:\/\/radiorevelacionfm.cl\/wp-content\/uploads\/2023\/06\/photo-2023-05-31-16-14-03-1_optimized-1.jpg","_links":{"self":[{"href":"https:\/\/radiorevelacionfm.cl\/index.php?rest_route=\/wp\/v2\/posts\/31685","targetHints":{"allow":["GET"]}}],"collection":[{"href":"https:\/\/radiorevelacionfm.cl\/index.php?rest_route=\/wp\/v2\/posts"}],"about":[{"href":"https:\/\/radiorevelacionfm.cl\/index.php?rest_route=\/wp\/v2\/types\/post"}],"author":[{"embeddable":true,"href":"https:\/\/radiorevelacionfm.cl\/index.php?rest_route=\/wp\/v2\/users\/1"}],"replies":[{"embeddable":true,"href":"https:\/\/radiorevelacionfm.cl\/index.php?rest_route=%2Fwp%2Fv2%2Fcomments&post=31685"}],"version-history":[{"count":1,"href":"https:\/\/radiorevelacionfm.cl\/index.php?rest_route=\/wp\/v2\/posts\/31685\/revisions"}],"predecessor-version":[{"id":31687,"href":"https:\/\/radiorevelacionfm.cl\/index.php?rest_route=\/wp\/v2\/posts\/31685\/revisions\/31687"}],"wp:featuredmedia":[{"embeddable":true,"href":"https:\/\/radiorevelacionfm.cl\/index.php?rest_route=\/wp\/v2\/media\/31686"}],"wp:attachment":[{"href":"https:\/\/radiorevelacionfm.cl\/index.php?rest_route=%2Fwp%2Fv2%2Fmedia&parent=31685"}],"wp:term":[{"taxonomy":"category","embeddable":true,"href":"https:\/\/radiorevelacionfm.cl\/index.php?rest_route=%2Fwp%2Fv2%2Fcategories&post=31685"},{"taxonomy":"post_tag","embeddable":true,"href":"https:\/\/radiorevelacionfm.cl\/index.php?rest_route=%2Fwp%2Fv2%2Ftags&post=31685"}],"curies":[{"name":"wp","href":"https:\/\/api.w.org\/{rel}","templated":true}]}}