{"id":31679,"date":"2023-06-05T17:55:37","date_gmt":"2023-06-05T20:55:37","guid":{"rendered":"https:\/\/radiorevelacionfm.cl\/?p=31679"},"modified":"2023-06-05T17:55:37","modified_gmt":"2023-06-05T20:55:37","slug":"calisto-destaca-avance-de-proyecto-habitacional-para-mas-de-350-familias-de-coyhaique","status":"publish","type":"post","link":"https:\/\/radiorevelacionfm.cl\/?p=31679","title":{"rendered":"Calisto destaca avance de proyecto habitacional para m\u00e1s de 350 familias de Coyhaique"},"content":{"rendered":"<div class=\"flex_column av_one_full  flex_column_div av-zero-column-padding first  avia-builder-el-0  el_before_av_one_full  avia-builder-el-first  \" style='border-radius:0px; '><div  class='avia-image-container  av-styling-    avia-builder-el-1  avia-builder-el-no-sibling  avia-align-center '  itemprop=\"image\" itemscope=\"itemscope\" itemtype=\"https:\/\/schema.org\/ImageObject\"  ><div class='avia-image-container-inner'><div class='avia-image-overlay-wrap'><img decoding=\"async\" class='wp-image-31680 avia-img-lazy-loading-not-31680 avia_image' src=\"https:\/\/radiorevelacionfm.cl\/wp-content\/uploads\/2023\/06\/COMITES-CHACRA-40-1-1.jpg\" alt='' title='COMIT\u00c9S CHACRA 40 (1) (1)' height=\"600\" width=\"800\"  itemprop=\"thumbnailUrl\" srcset=\"https:\/\/radiorevelacionfm.cl\/wp-content\/uploads\/2023\/06\/COMITES-CHACRA-40-1-1.jpg 800w, https:\/\/radiorevelacionfm.cl\/wp-content\/uploads\/2023\/06\/COMITES-CHACRA-40-1-1-300x225.jpg 300w, https:\/\/radiorevelacionfm.cl\/wp-content\/uploads\/2023\/06\/COMITES-CHACRA-40-1-1-768x576.jpg 768w, https:\/\/radiorevelacionfm.cl\/wp-content\/uploads\/2023\/06\/COMITES-CHACRA-40-1-1-705x529.jpg 705w, https:\/\/radiorevelacionfm.cl\/wp-content\/uploads\/2023\/06\/COMITES-CHACRA-40-1-1-450x338.jpg 450w, https:\/\/radiorevelacionfm.cl\/wp-content\/uploads\/2023\/06\/COMITES-CHACRA-40-1-1-600x450.jpg 600w\" sizes=\"(max-width: 800px) 100vw, 800px\" \/><\/div><\/div><\/div><\/div><div class=\"flex_column av_one_full  flex_column_div av-zero-column-padding first  avia-builder-el-2  el_after_av_one_full  el_before_av_one_full  column-top-margin\" style='border-radius:0px; '><section class=\"av_textblock_section \"  itemscope=\"itemscope\" itemtype=\"https:\/\/schema.org\/BlogPosting\" itemprop=\"blogPost\" ><div class='avia_textblock  '   itemprop=\"text\" ><p style=\"text-align: center;\"><span style=\"font-size: 18pt;\"><b>Calisto destaca avance de proyecto habitacional para m\u00e1s de 350 familias de Coyhaique<\/b><\/span><\/p>\n<div id=\"gtx-trans\" style=\"position: absolute; left: -50px; top: 4.31534px;\">\n<div class=\"gtx-trans-icon\"><\/div>\n<\/div>\n<\/div><\/section><\/div><div class=\"flex_column av_one_full  flex_column_div av-zero-column-padding first  avia-builder-el-4  el_after_av_one_full  el_before_av_hr  column-top-margin\" style='border-radius:0px; '><section class=\"av_textblock_section \"  itemscope=\"itemscope\" itemtype=\"https:\/\/schema.org\/BlogPosting\" itemprop=\"blogPost\" ><div class='avia_textblock  '   itemprop=\"text\" ><p style=\"text-align: justify;\">Tras participar en una masiva reuni\u00f3n con socios de los comit\u00e9s Villa Cordillera, San Miguel y Sue\u00f1o de Todos, el diputado Miguel \u00c1ngel Calisto y el Consejero Regional, Felipe Klein, valoraron los avances de este proyecto habitacional, el que en los pr\u00f3ximos d\u00edas podr\u00eda dar concretar la compra de los terrenos de la denominada Chacra 40.<\/p>\n<p style=\"text-align: justify;\">Seg\u00fan el diputado Miguel \u00c1ngel Calisto, \u201cestamos muy contentos por los avances en el terreno de la Chaca 40, donde se proyectan los comit\u00e9s San Miguel, Sue\u00f1o de Todos y Villa Cordillera. Son m\u00e1s de 350 familias que llevan mucho tiempo so\u00f1ando con la casa propia a las cuales las estamos apoyando desde hace mucho tiempo\u201d.<\/p>\n<p style=\"text-align: justify;\">\u201cHoy ya est\u00e1n ad portas de ser due\u00f1as del terreno, lo que es un paso muy importante. Ya teniendo el terreno definitivo, van a poder presentar el proyecto de factibilidad en el MINVU y tambi\u00e9n en la Direcci\u00f3n de Obras Municipales, y as\u00ed poder postular a los subsidios. Este es un paso muy importante para que el proyecto avance y se concrete\u201d, indic\u00f3.<\/p>\n<p style=\"text-align: justify;\">El Consejero Regional, Felipe Klein, indic\u00f3 que \u201cestamos felices porque el d\u00eda martes se presentan las observaciones en Contralor\u00eda, y as\u00ed se pueda agilizar y venga prontamente la compra del terreno, que es lo m\u00e1s importante de estos tres comit\u00e9s que conforman este proyecto que albergar\u00e1 a m\u00e1s de 300 familias. Estaremos muy pendientes a este tema para que se agilice la compra del terreno\u201d.<\/p>\n<p style=\"text-align: justify;\">Por su parte, la coordinadora de estos comit\u00e9s, Mar\u00eda Saldivia, se\u00f1al\u00f3 que \u201cnuestro proyecto est\u00e1 en observaci\u00f3n en Contralor\u00eda, ya tenemos los fondos para comprar el terreno. Esperamos que durante junio o mediados de julio debieran tener el visto bueno para poder concretar la compra del terreno, lo que es un tremendo avance\u201d.<\/p>\n<p style=\"text-align: justify;\">Finalmente, Mar\u00eda Saldivia afirm\u00f3 que \u201ctodo este proceso no podr\u00eda ser posible si no hubi\u00e9semos tenido la ayuda de don Miguel \u00c1ngel. \u00c9l nos ayudo a conseguir el terreno y a avanzar con la tramitaci\u00f3n, siendo la \u00fanica autoridad regional que ha estado con nosotros junto al consejero Felipe Klein\u201d.<\/p>\n<\/div><\/section><\/div><div  style='height:50px' class='hr hr-invisible   avia-builder-el-6  el_after_av_one_full  el_before_av_social_share '><span class='hr-inner ' ><span class='hr-inner-style'><\/span><\/span><\/div><\/p>\n<div  class='av-social-sharing-box  avia-builder-el-7  el_after_av_hr  el_before_av_hr  '><div class='av-share-box'><h5 class='av-share-link-description av-no-toc '>Compartir esta noticia<\/h5><ul class='av-share-box-list noLightbox'><li class='av-share-link av-social-link-facebook' ><a target=\"_blank\" aria-label=\"Compartir en Facebook\" href='https:\/\/www.facebook.com\/sharer.php?u=https:\/\/radiorevelacionfm.cl\/?p=31679&#038;t=Calisto%20destaca%20avance%20de%20proyecto%20habitacional%20para%20m%C3%A1s%20de%20350%20familias%20de%20Coyhaique' aria-hidden='false' data-av_icon='\ue8f3' data-av_iconfont='entypo-fontello' title='' data-avia-related-tooltip='Compartir en Facebook' rel=\"noopener\"><span class='avia_hidden_link_text'>Compartir en Facebook<\/span><\/a><\/li><li class='av-share-link av-social-link-twitter' ><a target=\"_blank\" aria-label=\"Compartir en Twitter\" href='https:\/\/twitter.com\/share?text=Calisto%20destaca%20avance%20de%20proyecto%20habitacional%20para%20m%C3%A1s%20de%20350%20familias%20de%20Coyhaique&#038;url=https:\/\/radiorevelacionfm.cl\/?p=31679' aria-hidden='false' data-av_icon='\ue8f1' data-av_iconfont='entypo-fontello' title='' data-avia-related-tooltip='Compartir en Twitter' rel=\"noopener\"><span class='avia_hidden_link_text'>Compartir en Twitter<\/span><\/a><\/li><li class='av-share-link av-social-link-whatsapp' ><a target=\"_blank\" aria-label=\"Compartir en Whatsapp\" href='https:\/\/api.whatsapp.com\/send?text=https:\/\/radiorevelacionfm.cl\/?p=31679' aria-hidden='false' data-av_icon='\uf232' data-av_iconfont='entypo-fontello' title='' data-avia-related-tooltip='Compartir en Whatsapp' rel=\"noopener\"><span class='avia_hidden_link_text'>Compartir en Whatsapp<\/span><\/a><\/li><li class='av-share-link av-social-link-linkedin' ><a target=\"_blank\" aria-label=\"Compartir en LinkedIn\" href='https:\/\/linkedin.com\/shareArticle?mini=true&#038;title=Calisto%20destaca%20avance%20de%20proyecto%20habitacional%20para%20m%C3%A1s%20de%20350%20familias%20de%20Coyhaique&#038;url=https:\/\/radiorevelacionfm.cl\/?p=31679' aria-hidden='false' data-av_icon='\ue8fc' data-av_iconfont='entypo-fontello' title='' data-avia-related-tooltip='Compartir en LinkedIn' rel=\"noopener\"><span class='avia_hidden_link_text'>Compartir en LinkedIn<\/span><\/a><\/li><li class='av-share-link av-social-link-mail' ><a  aria-label=\"Compartir por correo\" href='mailto:?subject=Calisto%20destaca%20avance%20de%20proyecto%20habitacional%20para%20m%C3%A1s%20de%20350%20familias%20de%20Coyhaique&#038;body=https:\/\/radiorevelacionfm.cl\/?p=31679' aria-hidden='false' data-av_icon='\ue805' data-av_iconfont='entypo-fontello' title='' data-avia-related-tooltip='Compartir por correo'><span class='avia_hidden_link_text'>Compartir por correo<\/span><\/a><\/li><\/ul><\/div><\/div>\n<div  style='height:50px' class='hr hr-invisible   avia-builder-el-8  el_after_av_social_share  el_before_av_comments_list '><span class='hr-inner ' ><span class='hr-inner-style'><\/span><\/span><\/div>\n<div  class='av-buildercomment  av-blog-meta-html-info-disabled av-blog-meta-tag-disabled  '><\/div>\n","protected":false},"excerpt":{"rendered":"","protected":false},"author":1,"featured_media":31680,"comment_status":"open","ping_status":"open","sticky":false,"template":"","format":"standard","meta":{"footnotes":""},"categories":[57],"tags":[],"class_list":["post-31679","post","type-post","status-publish","format-standard","has-post-thumbnail","hentry","category-vivienda"],"jetpack_featured_media_url":"https:\/\/radiorevelacionfm.cl\/wp-content\/uploads\/2023\/06\/COMITES-CHACRA-40-1-1.jpg","_links":{"self":[{"href":"https:\/\/radiorevelacionfm.cl\/index.php?rest_route=\/wp\/v2\/posts\/31679","targetHints":{"allow":["GET"]}}],"collection":[{"href":"https:\/\/radiorevelacionfm.cl\/index.php?rest_route=\/wp\/v2\/posts"}],"about":[{"href":"https:\/\/radiorevelacionfm.cl\/index.php?rest_route=\/wp\/v2\/types\/post"}],"author":[{"embeddable":true,"href":"https:\/\/radiorevelacionfm.cl\/index.php?rest_route=\/wp\/v2\/users\/1"}],"replies":[{"embeddable":true,"href":"https:\/\/radiorevelacionfm.cl\/index.php?rest_route=%2Fwp%2Fv2%2Fcomments&post=31679"}],"version-history":[{"count":1,"href":"https:\/\/radiorevelacionfm.cl\/index.php?rest_route=\/wp\/v2\/posts\/31679\/revisions"}],"predecessor-version":[{"id":31681,"href":"https:\/\/radiorevelacionfm.cl\/index.php?rest_route=\/wp\/v2\/posts\/31679\/revisions\/31681"}],"wp:featuredmedia":[{"embeddable":true,"href":"https:\/\/radiorevelacionfm.cl\/index.php?rest_route=\/wp\/v2\/media\/31680"}],"wp:attachment":[{"href":"https:\/\/radiorevelacionfm.cl\/index.php?rest_route=%2Fwp%2Fv2%2Fmedia&parent=31679"}],"wp:term":[{"taxonomy":"category","embeddable":true,"href":"https:\/\/radiorevelacionfm.cl\/index.php?rest_route=%2Fwp%2Fv2%2Fcategories&post=31679"},{"taxonomy":"post_tag","embeddable":true,"href":"https:\/\/radiorevelacionfm.cl\/index.php?rest_route=%2Fwp%2Fv2%2Ftags&post=31679"}],"curies":[{"name":"wp","href":"https:\/\/api.w.org\/{rel}","templated":true}]}}